{"id":37042,"date":"2023-11-17T10:04:21","date_gmt":"2023-11-17T13:04:21","guid":{"rendered":"https:\/\/radiorevelacionfm.cl\/?p=37042"},"modified":"2023-11-17T10:04:21","modified_gmt":"2023-11-17T13:04:21","slug":"mas-de-4-900-millones-se-invertiran-en-programas-recuperacion-de-suelos-y-fortalecimiento-del-sector-caprino-en-aysen","status":"publish","type":"post","link":"https:\/\/radiorevelacionfm.cl\/?p=37042","title":{"rendered":"M\u00e1s de 4.900 millones se invertir\u00e1n en Programas Recuperaci\u00f3n de Suelos y Fortalecimiento del Sector Caprino en Ays\u00e9n"},"content":{"rendered":"<div class=\"flex_column av_one_full  flex_column_div av-zero-column-padding first  avia-builder-el-0  el_before_av_one_full  avia-builder-el-first  \" style='border-radius:0px; '><div  class='avia-image-container  av-styling-    avia-builder-el-1  avia-builder-el-no-sibling  avia-align-center '  itemprop=\"image\" itemscope=\"itemscope\" itemtype=\"https:\/\/schema.org\/ImageObject\"  ><div class='avia-image-container-inner'><div class='avia-image-overlay-wrap'><img decoding=\"async\" class='wp-image-37043 avia-img-lazy-loading-not-37043 avia_image' src=\"https:\/\/radiorevelacionfm.cl\/wp-content\/uploads\/2023\/11\/foto-5-8-1_optimized.jpg\" alt='' title='foto-5-(8)-(1)_optimized' height=\"600\" width=\"1067\"  itemprop=\"thumbnailUrl\" srcset=\"https:\/\/radiorevelacionfm.cl\/wp-content\/uploads\/2023\/11\/foto-5-8-1_optimized.jpg 1067w, https:\/\/radiorevelacionfm.cl\/wp-content\/uploads\/2023\/11\/foto-5-8-1_optimized-300x169.jpg 300w, https:\/\/radiorevelacionfm.cl\/wp-content\/uploads\/2023\/11\/foto-5-8-1_optimized-1030x579.jpg 1030w, https:\/\/radiorevelacionfm.cl\/wp-content\/uploads\/2023\/11\/foto-5-8-1_optimized-768x432.jpg 768w, https:\/\/radiorevelacionfm.cl\/wp-content\/uploads\/2023\/11\/foto-5-8-1_optimized-705x396.jpg 705w, https:\/\/radiorevelacionfm.cl\/wp-content\/uploads\/2023\/11\/foto-5-8-1_optimized-450x253.jpg 450w, https:\/\/radiorevelacionfm.cl\/wp-content\/uploads\/2023\/11\/foto-5-8-1_optimized-600x337.jpg 600w\" sizes=\"(max-width: 1067px) 100vw, 1067px\" \/><\/div><\/div><\/div><\/div><div class=\"flex_column av_one_full  flex_column_div av-zero-column-padding first  avia-builder-el-2  el_after_av_one_full  el_before_av_one_full  column-top-margin\" style='border-radius:0px; '><section class=\"av_textblock_section \"  itemscope=\"itemscope\" itemtype=\"https:\/\/schema.org\/BlogPosting\" itemprop=\"blogPost\" ><div class='avia_textblock  '   itemprop=\"text\" ><p style=\"text-align: center;\"><strong><span style=\"font-size: 18pt;\">M\u00e1s de 4.900 millones se invertir\u00e1n en Programas Recuperaci\u00f3n de Suelos y Fortalecimiento del Sector Caprino en Ays\u00e9n<\/span><\/strong><\/p>\n<div id=\"gtx-trans\" style=\"position: absolute; left: -50px; top: 4.31534px;\">\n<div class=\"gtx-trans-icon\"><\/div>\n<\/div>\n<\/div><\/section><\/div><div class=\"flex_column av_one_full  flex_column_div av-zero-column-padding first  avia-builder-el-4  el_after_av_one_full  el_before_av_hr  column-top-margin\" style='border-radius:0px; '><section class=\"av_textblock_section \"  itemscope=\"itemscope\" itemtype=\"https:\/\/schema.org\/BlogPosting\" itemprop=\"blogPost\" ><div class='avia_textblock  '   itemprop=\"text\" ><p style=\"text-align: justify;\">El Gobierno Regional de Ays\u00e9n ha aprobado una asignaci\u00f3n de recursos por un total de $4.919 millones para la ejecuci\u00f3n de programas liderados por la Seremi de Agricultura, en colaboraci\u00f3n con INDAP, INIA y SAG. Se trata de los programas Sustentabilidad Agroambiental de los Suelos Agropecuarios y Fortalecimiento del Rubro Caprino en Ays\u00e9n que buscan abordar desaf\u00edos cruciales en el sector agr\u00edcola de la regi\u00f3n.<\/p>\n<p style=\"text-align: justify;\">Andrea Mac\u00edas Palma, Gobernadora Regional, resalt\u00f3 estas iniciativas, trabajadas por la \u00a0Seremi de Agricultura con productores\/as de la regi\u00f3n.<\/p>\n<p style=\"text-align: justify;\">\u00abTras un a\u00f1o de trabajo conjunto con el Ministerio de Agricultura y el Gobierno Regional de Ays\u00e9n, logramos la aprobaci\u00f3n de un programa que implementar\u00e1 pr\u00e1cticas silvoagroambientales, permitiendo la recuperaci\u00f3n de suelos y praderas \u00ab, declar\u00f3. Adem\u00e1s, expres\u00f3 la satisfacci\u00f3n por la aprobaci\u00f3n del programa de fortalecimiento del rubro caprino, cumpliendo con el compromiso asumido con los productores de la comuna de Ib\u00e1\u00f1ez. \u00abEl objetivo de esta iniciativa es que las familias que se dedican a este rubro puedan aumentar sus recursos a trav\u00e9s de la comercializaci\u00f3n\u00bb, sentenci\u00f3 .<\/p>\n<p style=\"text-align: justify;\">El Seremi de Agricultura, Alan Espinoza Ortiz, se\u00f1al\u00f3 que los recursos aprobados, en el pleno de este mi\u00e9rcoles, fortalecen la sustentabilidad, en especial, en el segmento de la agricultura familiar campesina.<\/p>\n<p style=\"text-align: justify;\">\u00abEste es un esfuerzo colaborativo que involucra a diversas organizaciones y gremios, as\u00ed como a los servicios del Ministerio de Agricultura. Estos montos van a beneficiar de manera directa a m\u00e1s de 460 productores y productoras a lo largo de toda nuestra regi\u00f3n\u00bb, destac\u00f3.<\/p>\n<p style=\"text-align: justify;\">Omar Mu\u00f1oz Sierra, Consejero y presidente de la Comisi\u00f3n de Fomento Productivo, \u00a0junto con destacar el trabajo del equipo de profesionales y la Seremi de Agricultura, resalt\u00f3 la importancia de esta aprobaci\u00f3n.<\/p>\n<p style=\"text-align: justify;\">\u00abSon dos importantes programas de fomento productivo que beneficiar\u00e1n a usuarios de INDAP y del SAG, abordando \u00e1reas cruciales como la mejora de los terrenos productivos y el impulso al negocio caprino\u00bb, afirm\u00f3.<\/p>\n<p style=\"text-align: justify;\"><b>Recuperaci\u00f3n de Suelos e Impulso a la Ganader\u00eda Caprina<\/b><b>\u00a0<\/b><\/p>\n<p style=\"text-align: justify;\">Con una inversi\u00f3n total de $4.432 millones ($3.625 millones del Gobierno Regional) el Programa de Sustentabilidad Agroambiental se centra en combatir la degradaci\u00f3n del suelo, un desaf\u00edo cr\u00edtico para la producci\u00f3n silvoagropecuaria en la Regi\u00f3n de Ays\u00e9n. Este programa brindar\u00e1 apoyo financiero a 400 productores\/as durante 36 meses, con el objetivo de implementar pr\u00e1cticas silvoagroambientales, como la incorporaci\u00f3n de fertilizantes, establecimiento de cubierta vegetal y m\u00e9todos de intervenci\u00f3n del suelo.<\/p>\n<p style=\"text-align: justify;\">El Programa Caprino Ays\u00e9n, con una inversi\u00f3n total de $1.686 millones de pesos ($1.293 millones del Gobierno Regional), tiene como meta potenciar el sector caprino en la agricultura familiar campesina. Asesorar\u00e1 directamente a 60 productores\/as, adem\u00e1s de \u00a0230 beneficiarios indirectos que incluyen a productores\/as, estudiantes y profesionales. Este programa se enfoca en tecnolog\u00edas de gen\u00e9tica, sanidad y nutrici\u00f3n animal, as\u00ed como en estrategias comerciales y asociativas, abordando los desaf\u00edos identificados en el manejo integral de los reba\u00f1os en la regi\u00f3n.<\/p>\n<\/div><\/section><\/div><div  style='height:50px' class='hr hr-invisible   avia-builder-el-6  el_after_av_one_full  el_before_av_social_share '><span class='hr-inner ' ><span class='hr-inner-style'><\/span><\/span><\/div><\/p>\n<div  class='av-social-sharing-box  avia-builder-el-7  el_after_av_hr  el_before_av_hr  '><div class='av-share-box'><h5 class='av-share-link-description av-no-toc '>Compartir esta noticia<\/h5><ul class='av-share-box-list noLightbox'><li class='av-share-link av-social-link-facebook' ><a target=\"_blank\" aria-label=\"Compartir en Facebook\" href='https:\/\/www.facebook.com\/sharer.php?u=https:\/\/radiorevelacionfm.cl\/?p=37042&#038;t=M%C3%A1s%20de%204.900%20millones%20se%20invertir%C3%A1n%20en%20Programas%20Recuperaci%C3%B3n%20de%20Suelos%20y%20Fortalecimiento%20del%20Sector%20Caprino%20en%20Ays%C3%A9n' aria-hidden='false' data-av_icon='\ue8f3' data-av_iconfont='entypo-fontello' title='' data-avia-related-tooltip='Compartir en Facebook' rel=\"noopener\"><span class='avia_hidden_link_text'>Compartir en Facebook<\/span><\/a><\/li><li class='av-share-link av-social-link-twitter' ><a target=\"_blank\" aria-label=\"Compartir en Twitter\" href='https:\/\/twitter.com\/share?text=M%C3%A1s%20de%204.900%20millones%20se%20invertir%C3%A1n%20en%20Programas%20Recuperaci%C3%B3n%20de%20Suelos%20y%20Fortalecimiento%20del%20Sector%20Caprino%20en%20Ays%C3%A9n&#038;url=https:\/\/radiorevelacionfm.cl\/?p=37042' aria-hidden='false' data-av_icon='\ue8f1' data-av_iconfont='entypo-fontello' title='' data-avia-related-tooltip='Compartir en Twitter' rel=\"noopener\"><span class='avia_hidden_link_text'>Compartir en Twitter<\/span><\/a><\/li><li class='av-share-link av-social-link-whatsapp' ><a target=\"_blank\" aria-label=\"Compartir en Whatsapp\" href='https:\/\/api.whatsapp.com\/send?text=https:\/\/radiorevelacionfm.cl\/?p=37042' aria-hidden='false' data-av_icon='\uf232' data-av_iconfont='entypo-fontello' title='' data-avia-related-tooltip='Compartir en Whatsapp' rel=\"noopener\"><span class='avia_hidden_link_text'>Compartir en Whatsapp<\/span><\/a><\/li><li class='av-share-link av-social-link-linkedin' ><a target=\"_blank\" aria-label=\"Compartir en LinkedIn\" href='https:\/\/linkedin.com\/shareArticle?mini=true&#038;title=M%C3%A1s%20de%204.900%20millones%20se%20invertir%C3%A1n%20en%20Programas%20Recuperaci%C3%B3n%20de%20Suelos%20y%20Fortalecimiento%20del%20Sector%20Caprino%20en%20Ays%C3%A9n&#038;url=https:\/\/radiorevelacionfm.cl\/?p=37042' aria-hidden='false' data-av_icon='\ue8fc' data-av_iconfont='entypo-fontello' title='' data-avia-related-tooltip='Compartir en LinkedIn' rel=\"noopener\"><span class='avia_hidden_link_text'>Compartir en LinkedIn<\/span><\/a><\/li><li class='av-share-link av-social-link-mail' ><a  aria-label=\"Compartir por correo\" href='mailto:?subject=M%C3%A1s%20de%204.900%20millones%20se%20invertir%C3%A1n%20en%20Programas%20Recuperaci%C3%B3n%20de%20Suelos%20y%20Fortalecimiento%20del%20Sector%20Caprino%20en%20Ays%C3%A9n&#038;body=https:\/\/radiorevelacionfm.cl\/?p=37042' aria-hidden='false' data-av_icon='\ue805' data-av_iconfont='entypo-fontello' title='' data-avia-related-tooltip='Compartir por correo'><span class='avia_hidden_link_text'>Compartir por correo<\/span><\/a><\/li><\/ul><\/div><\/div>\n<div  style='height:50px' class='hr hr-invisible   avia-builder-el-8  el_after_av_social_share  el_before_av_comments_list '><span class='hr-inner ' ><span class='hr-inner-style'><\/span><\/span><\/div>\n<div  class='av-buildercomment  av-blog-meta-html-info-disabled av-blog-meta-tag-disabled  '><\/div>\n","protected":false},"excerpt":{"rendered":"","protected":false},"author":1,"featured_media":37043,"comment_status":"open","ping_status":"open","sticky":false,"template":"","format":"standard","meta":{"footnotes":""},"categories":[58],"tags":[],"class_list":["post-37042","post","type-post","status-publish","format-standard","has-post-thumbnail","hentry","category-agricultura"],"jetpack_featured_media_url":"https:\/\/radiorevelacionfm.cl\/wp-content\/uploads\/2023\/11\/foto-5-8-1_optimized.jpg","_links":{"self":[{"href":"https:\/\/radiorevelacionfm.cl\/index.php?rest_route=\/wp\/v2\/posts\/37042","targetHints":{"allow":["GET"]}}],"collection":[{"href":"https:\/\/radiorevelacionfm.cl\/index.php?rest_route=\/wp\/v2\/posts"}],"about":[{"href":"https:\/\/radiorevelacionfm.cl\/index.php?rest_route=\/wp\/v2\/types\/post"}],"author":[{"embeddable":true,"href":"https:\/\/radiorevelacionfm.cl\/index.php?rest_route=\/wp\/v2\/users\/1"}],"replies":[{"embeddable":true,"href":"https:\/\/radiorevelacionfm.cl\/index.php?rest_route=%2Fwp%2Fv2%2Fcomments&post=37042"}],"version-history":[{"count":1,"href":"https:\/\/radiorevelacionfm.cl\/index.php?rest_route=\/wp\/v2\/posts\/37042\/revisions"}],"predecessor-version":[{"id":37044,"href":"https:\/\/radiorevelacionfm.cl\/index.php?rest_route=\/wp\/v2\/posts\/37042\/revisions\/37044"}],"wp:featuredmedia":[{"embeddable":true,"href":"https:\/\/radiorevelacionfm.cl\/index.php?rest_route=\/wp\/v2\/media\/37043"}],"wp:attachment":[{"href":"https:\/\/radiorevelacionfm.cl\/index.php?rest_route=%2Fwp%2Fv2%2Fmedia&parent=37042"}],"wp:term":[{"taxonomy":"category","embeddable":true,"href":"https:\/\/radiorevelacionfm.cl\/index.php?rest_route=%2Fwp%2Fv2%2Fcategories&post=37042"},{"taxonomy":"post_tag","embeddable":true,"href":"https:\/\/radiorevelacionfm.cl\/index.php?rest_route=%2Fwp%2Fv2%2Ftags&post=37042"}],"curies":[{"name":"wp","href":"https:\/\/api.w.org\/{rel}","templated":true}]}}