{"id":3704,"date":"2021-05-01T17:11:06","date_gmt":"2021-05-01T20:11:06","guid":{"rendered":"https:\/\/radiorevelacionfm.cl\/?p=3704"},"modified":"2021-05-01T18:11:58","modified_gmt":"2021-05-01T21:11:58","slug":"en-el-dia-internacional-del-trabajador-gobierno-anuncia-fortalecimiento-de-subsidios-al-empleo","status":"publish","type":"post","link":"https:\/\/radiorevelacionfm.cl\/?p=3704","title":{"rendered":"En el D\u00eda Internacional del Trabajador gobierno anuncia fortalecimiento de subsidios al empleo"},"content":{"rendered":"<div class=\"flex_column av_one_full  flex_column_div av-zero-column-padding first  avia-builder-el-0  el_before_av_one_full  avia-builder-el-first  \" style='border-radius:0px; '><div  class='avia-image-container  av-styling-    avia-builder-el-1  avia-builder-el-no-sibling  avia-align-center '  itemprop=\"image\" itemscope=\"itemscope\" itemtype=\"https:\/\/schema.org\/ImageObject\"  ><div class='avia-image-container-inner'><div class='avia-image-overlay-wrap'><img decoding=\"async\" class='wp-image-0 avia-img-lazy-loading-not-0 avia_image' src=\"https:\/\/radiorevelacionfm.cl\/wp-content\/uploads\/2021\/05\/foto-anuncio-subsidio-al-empleo_optimized.jpg\" alt='' title=''   itemprop=\"thumbnailUrl\"  \/><\/div><\/div><\/div><\/div>\n<div class=\"flex_column av_one_full  flex_column_div av-zero-column-padding first  avia-builder-el-2  el_after_av_one_full  el_before_av_one_full  column-top-margin\" style='border-radius:0px; '><section class=\"av_textblock_section \"  itemscope=\"itemscope\" itemtype=\"https:\/\/schema.org\/BlogPosting\" itemprop=\"blogPost\" ><div class='avia_textblock  '   itemprop=\"text\" ><p style=\"text-align: center;\"><span style=\"font-size: 18pt;\"><strong>En el D\u00eda Internacional del Trabajador gobierno anuncia fortalecimiento de subsidios al empleo<\/strong><\/span><\/p>\n<div id=\"gtx-trans\" style=\"position: absolute; left: -50px; top: 4.31534px;\">\n<div class=\"gtx-trans-icon\"><\/div>\n<\/div>\n<\/div><\/section><\/div>\n<div class=\"flex_column av_one_full  flex_column_div av-zero-column-padding first  avia-builder-el-4  el_after_av_one_full  el_before_av_hr  column-top-margin\" style='border-radius:0px; '><section class=\"av_textblock_section \"  itemscope=\"itemscope\" itemtype=\"https:\/\/schema.org\/BlogPosting\" itemprop=\"blogPost\" ><div class='avia_textblock  '   itemprop=\"text\" ><p style=\"font-weight: 400; text-align: justify;\">Un nuevo beneficio enfocado en la formalizaci\u00f3n laboral, espera llegar a 500 mil trabajadores, e implica un esfuerzo fiscal de US$ 248 millones, que ir\u00e1n directo al bolsillo de los trabajadores contratados, siendo mayor el monto para mujeres, j\u00f3venes y personas con discapacidad.<\/p>\n<p style=\"text-align: justify;\">Los primeros pagos se ejecutar\u00e1n en junio pr\u00f3ximo y las postulaciones ya est\u00e1n disponibles en <a href=\"http:\/\/subsidioalempleo.cl\/\" data-saferedirecturl=\"https:\/\/www.google.com\/url?q=http:\/\/subsidioalempleo.cl&amp;source=gmail&amp;ust=1619985160182000&amp;usg=AFQjCNGcosRUH-gzN-oXJoxEBiMcPmN4sg\">subsidioalempleo.cl<\/a><\/p>\n<p style=\"font-weight: 400; text-align: justify;\">El 1 de mayo, en el marco del D\u00eda Internacional del Trabajador, el Gobierno del Presidente Sebasti\u00e1n Pi\u00f1era dio el vamos a las postulaciones al Subsidio al Nuevo Empleo, y anunci\u00f3 nuevos ajustes para potenciar los subsidios Contrata, Regresa y Protege del Ministerio del Trabajo y Prevenci\u00f3n Social.<\/p>\n<p style=\"font-weight: 400; text-align: justify;\">La\u00a0Intendenta de la Regi\u00f3n de Ays\u00e9n, Margarita Ossa,\u00a0explic\u00f3 que esta respuesta por parte del Gobierno responde a un sentido de urgencia y responsabilidad con las familias, especialmente con aquellas que han perdido sus fuentes de ingreso, por efecto de las medidas de confinamiento en el marco de la pandemia de Covid-19.<\/p>\n<p style=\"font-weight: 400; text-align: justify;\">\u201cCon el fin de reforzar los incentivos a la creaci\u00f3n de puestos de trabajo, hoy damos inicio a las postulaciones al Subsidio Nuevo Empleo que anunci\u00f3 el Presidente Sebasti\u00e1n Pi\u00f1era, con el objeto de impulsar la formalizaci\u00f3n de las relaciones laborales y, por esa v\u00eda, garantizar su acceso a la seguridad social \u2013como salud y seguro de cesant\u00eda\u2013, coberturas que han demostrado su importancia para los trabajadores en pandemia\u201d, enfatiz\u00f3 la primera autoridad regional.<\/p>\n<p style=\"font-weight: 400; text-align: justify;\">Por su parte, la\u00a0Secretaria Regional Ministerial de Trabajo y Prevenci\u00f3n Social Ays\u00e9n, Andrea Ponce, explic\u00f3 que este subsidio al Nuevo Empleo se entregar\u00e1 por 6 meses y a todos los trabajadores que hayan iniciado una relaci\u00f3n laboral dependiente, a partir del 1 de abril de este a\u00f1o y cuyo sueldo bruto mensual no supere los tres ingresos m\u00ednimos, es decir los 980 mil pesos aproximadamente. En el caso de los hombres, el monto del subsidio ser\u00e1 de $50 mil mensuales si tiene jornada completa, o un 15% de su renta mensual bruta, si tiene jornada parcial.<\/p>\n<p style=\"font-weight: 400; text-align: justify;\">\u201cTeniendo en la Regi\u00f3n de Ays\u00e9n una favorable acogida de las 3 l\u00edneas del Subsidio al Empleo, esta nueva l\u00ednea busca apoyar directamente al trabajador con un contrato nuevo, con un foco especial en mujeres, j\u00f3venes entre 18 y 24 a\u00f1os, personas con discapacidad y quienes reciban pensi\u00f3n de invalidez, ya el monto ser\u00e1 de $70 mil mensuales, en jornada completa, o de un 20% de la renta mensual bruta, en jornada parcial\u201d, detall\u00f3 la Seremi, agregando que:\u00a0\u201cEste subsidio al Nuevo Empleo, significar\u00e1 un esfuerzo fiscal de 248 millones de d\u00f3lares, que ir\u00e1 directamente al bolsillo de cerca de 500 mil potenciales trabajadores y trabajadoras. Las postulaciones est\u00e1n abiertas a partir de hoy\u201d.<\/p>\n<p style=\"font-weight: 400; text-align: justify;\"><strong>Mejoras en otras l\u00edneas Subsidio Al Empleo<\/strong><\/p>\n<p style=\"font-weight: 400; text-align: justify;\">Otro de los anuncios es la ampliaci\u00f3n de la ventana de postulaci\u00f3n de los subsidios al empleo Regresa y Contrata, en dos meses y hasta el 30 de junio de 2021.<\/p>\n<p style=\"font-weight: 400; text-align: justify;\">En el caso del universo de potenciales beneficiarios del Subsidio Regresa, las empresas podr\u00e1n postular al beneficio por trabajadores suspendidos entre el 6 de febrero y el 31 de mayo de 2021 y que han sido reincorporados a sus trabajos. (Antes solo se consideraban los suspendidos entre agosto y septiembre de 2020).<\/p>\n<p style=\"font-weight: 400; text-align: justify;\">El Protege ser\u00e1 ampliado tambi\u00e9n al permitir a las trabajadoras, que inician una nueva relaci\u00f3n laboral, postular y recibir simult\u00e1neamente los Subsidios Protege y al Nuevo Empleo desde el primer mes de inicio de la relaci\u00f3n laboral. Asimismo se flexibilizar\u00e1n los requisitos de entrada al beneficio para mujeres, de modo de dar acceso a trabajadoras que hayan declarado y no pagado sus cotizaciones previsionales.<\/p>\n<\/div><\/section><\/div><div  style='height:50px' class='hr hr-invisible   avia-builder-el-6  el_after_av_one_full  el_before_av_social_share '><span class='hr-inner ' ><span class='hr-inner-style'><\/span><\/span><\/div><\/p>\n<div  class='av-social-sharing-box  avia-builder-el-7  el_after_av_hr  el_before_av_hr  '><div class='av-share-box'><h5 class='av-share-link-description av-no-toc '>Compartir esta noticia<\/h5><ul class='av-share-box-list noLightbox'><li class='av-share-link av-social-link-facebook' ><a target=\"_blank\" aria-label=\"Compartir en Facebook\" href='https:\/\/www.facebook.com\/sharer.php?u=https:\/\/radiorevelacionfm.cl\/?p=3704&#038;t=En%20el%20D%C3%ADa%20Internacional%20del%20Trabajador%20gobierno%20anuncia%20fortalecimiento%20de%20subsidios%20al%20empleo' aria-hidden='false' data-av_icon='\ue8f3' data-av_iconfont='entypo-fontello' title='' data-avia-related-tooltip='Compartir en Facebook' rel=\"noopener\"><span class='avia_hidden_link_text'>Compartir en Facebook<\/span><\/a><\/li><li class='av-share-link av-social-link-twitter' ><a target=\"_blank\" aria-label=\"Compartir en Twitter\" href='https:\/\/twitter.com\/share?text=En%20el%20D%C3%ADa%20Internacional%20del%20Trabajador%20gobierno%20anuncia%20fortalecimiento%20de%20subsidios%20al%20empleo&#038;url=https:\/\/radiorevelacionfm.cl\/?p=3704' aria-hidden='false' data-av_icon='\ue8f1' data-av_iconfont='entypo-fontello' title='' data-avia-related-tooltip='Compartir en Twitter' rel=\"noopener\"><span class='avia_hidden_link_text'>Compartir en Twitter<\/span><\/a><\/li><li class='av-share-link av-social-link-whatsapp' ><a target=\"_blank\" aria-label=\"Compartir en Whatsapp\" href='https:\/\/api.whatsapp.com\/send?text=https:\/\/radiorevelacionfm.cl\/?p=3704' aria-hidden='false' data-av_icon='\uf232' data-av_iconfont='entypo-fontello' title='' data-avia-related-tooltip='Compartir en Whatsapp' rel=\"noopener\"><span class='avia_hidden_link_text'>Compartir en Whatsapp<\/span><\/a><\/li><li class='av-share-link av-social-link-linkedin' ><a target=\"_blank\" aria-label=\"Compartir en LinkedIn\" href='https:\/\/linkedin.com\/shareArticle?mini=true&#038;title=En%20el%20D%C3%ADa%20Internacional%20del%20Trabajador%20gobierno%20anuncia%20fortalecimiento%20de%20subsidios%20al%20empleo&#038;url=https:\/\/radiorevelacionfm.cl\/?p=3704' aria-hidden='false' data-av_icon='\ue8fc' data-av_iconfont='entypo-fontello' title='' data-avia-related-tooltip='Compartir en LinkedIn' rel=\"noopener\"><span class='avia_hidden_link_text'>Compartir en LinkedIn<\/span><\/a><\/li><li class='av-share-link av-social-link-mail' ><a  aria-label=\"Compartir por correo\" href='mailto:?subject=En%20el%20D%C3%ADa%20Internacional%20del%20Trabajador%20gobierno%20anuncia%20fortalecimiento%20de%20subsidios%20al%20empleo&#038;body=https:\/\/radiorevelacionfm.cl\/?p=3704' aria-hidden='false' data-av_icon='\ue805' data-av_iconfont='entypo-fontello' title='' data-avia-related-tooltip='Compartir por correo'><span class='avia_hidden_link_text'>Compartir por correo<\/span><\/a><\/li><\/ul><\/div><\/div>\n<div  style='height:50px' class='hr hr-invisible   avia-builder-el-8  el_after_av_social_share  el_before_av_comments_list '><span class='hr-inner ' ><span class='hr-inner-style'><\/span><\/span><\/div>\n<div  class='av-buildercomment  av-blog-meta-html-info-disabled av-blog-meta-tag-disabled  '><\/div>\n","protected":false},"excerpt":{"rendered":"","protected":false},"author":1,"featured_media":0,"comment_status":"open","ping_status":"open","sticky":false,"template":"","format":"standard","meta":{"footnotes":""},"categories":[56],"tags":[],"class_list":["post-3704","post","type-post","status-publish","format-standard","hentry","category-trabajo"],"jetpack_featured_media_url":"","_links":{"self":[{"href":"https:\/\/radiorevelacionfm.cl\/index.php?rest_route=\/wp\/v2\/posts\/3704","targetHints":{"allow":["GET"]}}],"collection":[{"href":"https:\/\/radiorevelacionfm.cl\/index.php?rest_route=\/wp\/v2\/posts"}],"about":[{"href":"https:\/\/radiorevelacionfm.cl\/index.php?rest_route=\/wp\/v2\/types\/post"}],"author":[{"embeddable":true,"href":"https:\/\/radiorevelacionfm.cl\/index.php?rest_route=\/wp\/v2\/users\/1"}],"replies":[{"embeddable":true,"href":"https:\/\/radiorevelacionfm.cl\/index.php?rest_route=%2Fwp%2Fv2%2Fcomments&post=3704"}],"version-history":[{"count":2,"href":"https:\/\/radiorevelacionfm.cl\/index.php?rest_route=\/wp\/v2\/posts\/3704\/revisions"}],"predecessor-version":[{"id":3708,"href":"https:\/\/radiorevelacionfm.cl\/index.php?rest_route=\/wp\/v2\/posts\/3704\/revisions\/3708"}],"wp:attachment":[{"href":"https:\/\/radiorevelacionfm.cl\/index.php?rest_route=%2Fwp%2Fv2%2Fmedia&parent=3704"}],"wp:term":[{"taxonomy":"category","embeddable":true,"href":"https:\/\/radiorevelacionfm.cl\/index.php?rest_route=%2Fwp%2Fv2%2Fcategories&post=3704"},{"taxonomy":"post_tag","embeddable":true,"href":"https:\/\/radiorevelacionfm.cl\/index.php?rest_route=%2Fwp%2Fv2%2Ftags&post=3704"}],"curies":[{"name":"wp","href":"https:\/\/api.w.org\/{rel}","templated":true}]}}