{"id":37039,"date":"2023-11-16T22:04:02","date_gmt":"2023-11-17T01:04:02","guid":{"rendered":"https:\/\/radiorevelacionfm.cl\/?p=37039"},"modified":"2023-11-16T22:04:02","modified_gmt":"2023-11-17T01:04:02","slug":"invitan-a-participar-en-seminario-de-viviendas-saludables-organizado-por-seremi-del-medio-ambiente","status":"publish","type":"post","link":"https:\/\/radiorevelacionfm.cl\/?p=37039","title":{"rendered":"Invitan a participar en Seminario de viviendas saludables organizado por Seremi del Medio Ambiente"},"content":{"rendered":"<div class=\"flex_column av_one_full  flex_column_div av-zero-column-padding first  avia-builder-el-0  el_before_av_one_full  avia-builder-el-first  \" style='border-radius:0px; '><div  class='avia-image-container  av-styling-    avia-builder-el-1  avia-builder-el-no-sibling  avia-align-center '  itemprop=\"image\" itemscope=\"itemscope\" itemtype=\"https:\/\/schema.org\/ImageObject\"  ><div class='avia-image-container-inner'><div class='avia-image-overlay-wrap'><img decoding=\"async\" class='wp-image-37040 avia-img-lazy-loading-not-37040 avia_image' src=\"https:\/\/radiorevelacionfm.cl\/wp-content\/uploads\/2023\/11\/d06d9c55-c4a8-4f3d-8b2d-ef701a7a3a14-1-1.jpg\" alt='' title='d06d9c55-c4a8-4f3d-8b2d-ef701a7a3a14 (1) (1)' height=\"600\" width=\"975\"  itemprop=\"thumbnailUrl\" srcset=\"https:\/\/radiorevelacionfm.cl\/wp-content\/uploads\/2023\/11\/d06d9c55-c4a8-4f3d-8b2d-ef701a7a3a14-1-1.jpg 975w, https:\/\/radiorevelacionfm.cl\/wp-content\/uploads\/2023\/11\/d06d9c55-c4a8-4f3d-8b2d-ef701a7a3a14-1-1-300x185.jpg 300w, https:\/\/radiorevelacionfm.cl\/wp-content\/uploads\/2023\/11\/d06d9c55-c4a8-4f3d-8b2d-ef701a7a3a14-1-1-768x473.jpg 768w, https:\/\/radiorevelacionfm.cl\/wp-content\/uploads\/2023\/11\/d06d9c55-c4a8-4f3d-8b2d-ef701a7a3a14-1-1-705x434.jpg 705w, https:\/\/radiorevelacionfm.cl\/wp-content\/uploads\/2023\/11\/d06d9c55-c4a8-4f3d-8b2d-ef701a7a3a14-1-1-450x277.jpg 450w, https:\/\/radiorevelacionfm.cl\/wp-content\/uploads\/2023\/11\/d06d9c55-c4a8-4f3d-8b2d-ef701a7a3a14-1-1-600x369.jpg 600w\" sizes=\"(max-width: 975px) 100vw, 975px\" \/><\/div><\/div><\/div><\/div><div class=\"flex_column av_one_full  flex_column_div av-zero-column-padding first  avia-builder-el-2  el_after_av_one_full  el_before_av_one_full  column-top-margin\" style='border-radius:0px; '><section class=\"av_textblock_section \"  itemscope=\"itemscope\" itemtype=\"https:\/\/schema.org\/BlogPosting\" itemprop=\"blogPost\" ><div class='avia_textblock  '   itemprop=\"text\" ><p style=\"text-align: center;\"><strong><span style=\"font-size: 18pt;\">Invitan a participar en Seminario de viviendas saludables organizado por Seremi del Medio Ambiente <\/span><\/strong><\/p>\n<div id=\"gtx-trans\" style=\"position: absolute; left: -50px; top: 4.31534px;\">\n<div class=\"gtx-trans-icon\"><\/div>\n<\/div>\n<\/div><\/section><\/div><div class=\"flex_column av_one_full  flex_column_div av-zero-column-padding first  avia-builder-el-4  el_after_av_one_full  el_before_av_hr  column-top-margin\" style='border-radius:0px; '><section class=\"av_textblock_section \"  itemscope=\"itemscope\" itemtype=\"https:\/\/schema.org\/BlogPosting\" itemprop=\"blogPost\" ><div class='avia_textblock  '   itemprop=\"text\" ><p style=\"text-align: justify;\">Para este viernes 17 a las 15:00 est\u00e1 planificado el Seminario \u201cC\u00f3mo avanzar hacia viviendas eficientes y saludables\u201d; iniciativa organizada por la SEREMI del Medio Ambiente y que busca convocar a la comunidad en torno a los programas y estudios que se est\u00e1n realizando en materia de vivienda y contaminaci\u00f3n atmosf\u00e9rica con un foco especial en la salud.<\/p>\n<p style=\"text-align: justify;\">\u201cQueremos dejarles invitados e invitadas a este seminario cuya importancia radica en la necesidad de pensar en soluciones mucho m\u00e1s integrales para abordar la contaminaci\u00f3n atmosf\u00e9rica; con viviendas m\u00e1s saludables y m\u00e1s eficientes podemos avanzar hacia una mejor calidad de vida para todos y todas\u201d, recalc\u00f3 el Seremi del Medio Ambiente, Yoal D\u00edaz.<\/p>\n<p style=\"text-align: justify;\">La jornada contar\u00e1 con las exposiciones de la profesional del Servicio de Vivienda y\u00a0 Urbanismo, Jeanette Matus, quien compartir\u00e1 los detalles de los avances en la implementaci\u00f3n de los subsidios de acondicionamiento t\u00e9rmico en Coyhaique, en el marco del Plan de Descontaminaci\u00f3n Atmosf\u00e9rica, novedades en cuanto a certificaciones y evaluaciones, incentivos y est\u00e1ndares mejorados en programas nuevos y existentes, adem\u00e1s del trabajo que ha desarrollado el Comit\u00e9 Regional de Construcci\u00f3n Sustentable; el profesional de la SEREMI de Energ\u00eda, Nicol\u00e1s Carbone, quien expondr\u00e1 sobre eficiencia energ\u00e9tica en viviendas y los desaf\u00edos en la regi\u00f3n de Ays\u00e9n; y el Director Ejecutivo del Centro de Desarrollo Urbano Sustentable CEDEUS de la Pontificia Universidad Cat\u00f3lica, Waldo Bustamante, quien expondr\u00e1 la innovadora experiencia que est\u00e1n realizando en la regi\u00f3n de Ays\u00e9n con la colaboraci\u00f3n de la Seremi del medio Ambiente, consistente en la intervenci\u00f3n de viviendas para el monitoreo de ventilaci\u00f3n y contaminantes internos, considerando incuso algunos que no han sido estudiados antes como el <em>formaldeh\u00eddo<\/em>.<\/p>\n<p style=\"text-align: justify;\">El Plan de Descontaminaci\u00f3n Atmosf\u00e9rica de Coyhaique PDA, aborda la concentraci\u00f3n de material particulado fino como una problem\u00e1tica medioambiental, pero tambi\u00e9n de salud, por cuanto, as\u00ed como a trav\u00e9s de la Gesti\u00f3n de Episodios Cr\u00edticos se activan medidas para mitigar la emisi\u00f3n de contaminantes, tambi\u00e9n es necesario trabajar respecto de qu\u00e9 es lo que ocurre en los hogares, tanto en t\u00e9rminos de eficiencia para un mejor consumo de calefacci\u00f3n, como de contaminaci\u00f3n interna.<\/p>\n<p style=\"text-align: justify;\">\u201cEl trabajo que realizamos a trav\u00e9s del PDA es transversal y colaborativo, las medidas se dise\u00f1an y aplican en conjunto con Energ\u00eda, Salud, Minvu y Educaci\u00f3n, y este seminario nos permite sumar con informaci\u00f3n relevante a un sector important\u00edsimo en esta tarea, que es la comunidad\u201d, relev\u00f3 el Seremi Yoal D\u00edaz reiterando la invitaci\u00f3n a la comunidad a participar del seminario y conocer en profundidad la oferta program\u00e1tica, los proyectos de innovaci\u00f3n, la importancia de las medidas de aislaci\u00f3n, qu\u00e9 es lo que respiramos en nuestros hogares y que medidas podemos adoptar para una mejor calidad de vida.<\/p>\n<p style=\"text-align: justify;\">El evento es abierto a todo p\u00fablico y se llevar\u00e1 a cabo en el auditorio de la Mutual de Seguridad, ubicado en calle Lillo N\u00b020, en la ciudad de Coyhaique.<\/p>\n<\/div><\/section><\/div><div  style='height:50px' class='hr hr-invisible   avia-builder-el-6  el_after_av_one_full  el_before_av_social_share '><span class='hr-inner ' ><span class='hr-inner-style'><\/span><\/span><\/div><\/p>\n<div  class='av-social-sharing-box  avia-builder-el-7  el_after_av_hr  el_before_av_hr  '><div class='av-share-box'><h5 class='av-share-link-description av-no-toc '>Compartir esta noticia<\/h5><ul class='av-share-box-list noLightbox'><li class='av-share-link av-social-link-facebook' ><a target=\"_blank\" aria-label=\"Compartir en Facebook\" href='https:\/\/www.facebook.com\/sharer.php?u=https:\/\/radiorevelacionfm.cl\/?p=37039&#038;t=Invitan%20a%20participar%20en%20Seminario%20de%20viviendas%20saludables%20organizado%20por%20Seremi%20del%20Medio%20Ambiente' aria-hidden='false' data-av_icon='\ue8f3' data-av_iconfont='entypo-fontello' title='' data-avia-related-tooltip='Compartir en Facebook' rel=\"noopener\"><span class='avia_hidden_link_text'>Compartir en Facebook<\/span><\/a><\/li><li class='av-share-link av-social-link-twitter' ><a target=\"_blank\" aria-label=\"Compartir en Twitter\" href='https:\/\/twitter.com\/share?text=Invitan%20a%20participar%20en%20Seminario%20de%20viviendas%20saludables%20organizado%20por%20Seremi%20del%20Medio%20Ambiente&#038;url=https:\/\/radiorevelacionfm.cl\/?p=37039' aria-hidden='false' data-av_icon='\ue8f1' data-av_iconfont='entypo-fontello' title='' data-avia-related-tooltip='Compartir en Twitter' rel=\"noopener\"><span class='avia_hidden_link_text'>Compartir en Twitter<\/span><\/a><\/li><li class='av-share-link av-social-link-whatsapp' ><a target=\"_blank\" aria-label=\"Compartir en Whatsapp\" href='https:\/\/api.whatsapp.com\/send?text=https:\/\/radiorevelacionfm.cl\/?p=37039' aria-hidden='false' data-av_icon='\uf232' data-av_iconfont='entypo-fontello' title='' data-avia-related-tooltip='Compartir en Whatsapp' rel=\"noopener\"><span class='avia_hidden_link_text'>Compartir en Whatsapp<\/span><\/a><\/li><li class='av-share-link av-social-link-linkedin' ><a target=\"_blank\" aria-label=\"Compartir en LinkedIn\" href='https:\/\/linkedin.com\/shareArticle?mini=true&#038;title=Invitan%20a%20participar%20en%20Seminario%20de%20viviendas%20saludables%20organizado%20por%20Seremi%20del%20Medio%20Ambiente&#038;url=https:\/\/radiorevelacionfm.cl\/?p=37039' aria-hidden='false' data-av_icon='\ue8fc' data-av_iconfont='entypo-fontello' title='' data-avia-related-tooltip='Compartir en LinkedIn' rel=\"noopener\"><span class='avia_hidden_link_text'>Compartir en LinkedIn<\/span><\/a><\/li><li class='av-share-link av-social-link-mail' ><a  aria-label=\"Compartir por correo\" href='mailto:?subject=Invitan%20a%20participar%20en%20Seminario%20de%20viviendas%20saludables%20organizado%20por%20Seremi%20del%20Medio%20Ambiente&#038;body=https:\/\/radiorevelacionfm.cl\/?p=37039' aria-hidden='false' data-av_icon='\ue805' data-av_iconfont='entypo-fontello' title='' data-avia-related-tooltip='Compartir por correo'><span class='avia_hidden_link_text'>Compartir por correo<\/span><\/a><\/li><\/ul><\/div><\/div>\n<div  style='height:50px' class='hr hr-invisible   avia-builder-el-8  el_after_av_social_share  el_before_av_comments_list '><span class='hr-inner ' ><span class='hr-inner-style'><\/span><\/span><\/div>\n<div  class='av-buildercomment  av-blog-meta-html-info-disabled av-blog-meta-tag-disabled  '><\/div>\n","protected":false},"excerpt":{"rendered":"","protected":false},"author":1,"featured_media":37040,"comment_status":"open","ping_status":"open","sticky":false,"template":"","format":"standard","meta":{"footnotes":""},"categories":[39],"tags":[],"class_list":["post-37039","post","type-post","status-publish","format-standard","has-post-thumbnail","hentry","category-medio-ambiente"],"jetpack_featured_media_url":"https:\/\/radiorevelacionfm.cl\/wp-content\/uploads\/2023\/11\/d06d9c55-c4a8-4f3d-8b2d-ef701a7a3a14-1-1.jpg","_links":{"self":[{"href":"https:\/\/radiorevelacionfm.cl\/index.php?rest_route=\/wp\/v2\/posts\/37039","targetHints":{"allow":["GET"]}}],"collection":[{"href":"https:\/\/radiorevelacionfm.cl\/index.php?rest_route=\/wp\/v2\/posts"}],"about":[{"href":"https:\/\/radiorevelacionfm.cl\/index.php?rest_route=\/wp\/v2\/types\/post"}],"author":[{"embeddable":true,"href":"https:\/\/radiorevelacionfm.cl\/index.php?rest_route=\/wp\/v2\/users\/1"}],"replies":[{"embeddable":true,"href":"https:\/\/radiorevelacionfm.cl\/index.php?rest_route=%2Fwp%2Fv2%2Fcomments&post=37039"}],"version-history":[{"count":1,"href":"https:\/\/radiorevelacionfm.cl\/index.php?rest_route=\/wp\/v2\/posts\/37039\/revisions"}],"predecessor-version":[{"id":37041,"href":"https:\/\/radiorevelacionfm.cl\/index.php?rest_route=\/wp\/v2\/posts\/37039\/revisions\/37041"}],"wp:featuredmedia":[{"embeddable":true,"href":"https:\/\/radiorevelacionfm.cl\/index.php?rest_route=\/wp\/v2\/media\/37040"}],"wp:attachment":[{"href":"https:\/\/radiorevelacionfm.cl\/index.php?rest_route=%2Fwp%2Fv2%2Fmedia&parent=37039"}],"wp:term":[{"taxonomy":"category","embeddable":true,"href":"https:\/\/radiorevelacionfm.cl\/index.php?rest_route=%2Fwp%2Fv2%2Fcategories&post=37039"},{"taxonomy":"post_tag","embeddable":true,"href":"https:\/\/radiorevelacionfm.cl\/index.php?rest_route=%2Fwp%2Fv2%2Ftags&post=37039"}],"curies":[{"name":"wp","href":"https:\/\/api.w.org\/{rel}","templated":true}]}}