{"id":37033,"date":"2023-11-18T14:59:12","date_gmt":"2023-11-18T17:59:12","guid":{"rendered":"https:\/\/radiorevelacionfm.cl\/?p=37033"},"modified":"2023-11-18T14:59:12","modified_gmt":"2023-11-18T17:59:12","slug":"seremi-de-gobierno-aysen-entrega-detalles-sobre-campana-informativa-para-el-plebiscito-constitucional","status":"publish","type":"post","link":"https:\/\/radiorevelacionfm.cl\/?p=37033","title":{"rendered":"Seremi de Gobierno Ays\u00e9n entrega detalles sobre campa\u00f1a informativa para el Plebiscito Constitucional"},"content":{"rendered":"<div class=\"flex_column av_one_full  flex_column_div av-zero-column-padding first  avia-builder-el-0  el_before_av_one_full  avia-builder-el-first  \" style='border-radius:0px; '><div  class='avia-image-container  av-styling-    avia-builder-el-1  avia-builder-el-no-sibling  avia-align-center '  itemprop=\"image\" itemscope=\"itemscope\" itemtype=\"https:\/\/schema.org\/ImageObject\"  ><div class='avia-image-container-inner'><div class='avia-image-overlay-wrap'><img decoding=\"async\" class='wp-image-37034 avia-img-lazy-loading-not-37034 avia_image' src=\"https:\/\/radiorevelacionfm.cl\/wp-content\/uploads\/2023\/11\/FOTO-SEREMI-CAMPANA-INFORMATIVA-PLEBISCITO-CONSTITUCIONAL-1-1.jpeg\" alt='' title='FOTO SEREMI CAMPA\u00d1A INFORMATIVA PLEBISCITO CONSTITUCIONAL (1) (1)' height=\"600\" width=\"860\"  itemprop=\"thumbnailUrl\" srcset=\"https:\/\/radiorevelacionfm.cl\/wp-content\/uploads\/2023\/11\/FOTO-SEREMI-CAMPANA-INFORMATIVA-PLEBISCITO-CONSTITUCIONAL-1-1.jpeg 860w, https:\/\/radiorevelacionfm.cl\/wp-content\/uploads\/2023\/11\/FOTO-SEREMI-CAMPANA-INFORMATIVA-PLEBISCITO-CONSTITUCIONAL-1-1-300x209.jpeg 300w, https:\/\/radiorevelacionfm.cl\/wp-content\/uploads\/2023\/11\/FOTO-SEREMI-CAMPANA-INFORMATIVA-PLEBISCITO-CONSTITUCIONAL-1-1-768x536.jpeg 768w, https:\/\/radiorevelacionfm.cl\/wp-content\/uploads\/2023\/11\/FOTO-SEREMI-CAMPANA-INFORMATIVA-PLEBISCITO-CONSTITUCIONAL-1-1-705x492.jpeg 705w, https:\/\/radiorevelacionfm.cl\/wp-content\/uploads\/2023\/11\/FOTO-SEREMI-CAMPANA-INFORMATIVA-PLEBISCITO-CONSTITUCIONAL-1-1-450x314.jpeg 450w, https:\/\/radiorevelacionfm.cl\/wp-content\/uploads\/2023\/11\/FOTO-SEREMI-CAMPANA-INFORMATIVA-PLEBISCITO-CONSTITUCIONAL-1-1-600x419.jpeg 600w\" sizes=\"(max-width: 860px) 100vw, 860px\" \/><\/div><\/div><\/div><\/div><div class=\"flex_column av_one_full  flex_column_div av-zero-column-padding first  avia-builder-el-2  el_after_av_one_full  el_before_av_one_full  column-top-margin\" style='border-radius:0px; '><section class=\"av_textblock_section \"  itemscope=\"itemscope\" itemtype=\"https:\/\/schema.org\/BlogPosting\" itemprop=\"blogPost\" ><div class='avia_textblock  '   itemprop=\"text\" ><p style=\"text-align: center;\"><strong><span style=\"font-size: 18pt;\">Seremi de Gobierno Ays\u00e9n entrega detalles sobre campa\u00f1a informativa para el Plebiscito Constitucional<\/span><\/strong><\/p>\n<div id=\"gtx-trans\" style=\"position: absolute; left: -50px; top: 4.31534px;\">\n<div class=\"gtx-trans-icon\"><\/div>\n<\/div>\n<\/div><\/section><\/div><div class=\"flex_column av_one_full  flex_column_div av-zero-column-padding first  avia-builder-el-4  el_after_av_one_full  el_before_av_hr  column-top-margin\" style='border-radius:0px; '><section class=\"av_textblock_section \"  itemscope=\"itemscope\" itemtype=\"https:\/\/schema.org\/BlogPosting\" itemprop=\"blogPost\" ><div class='avia_textblock  '   itemprop=\"text\" ><p style=\"text-align: justify;\">La ma\u00f1ana del martes 7 de noviembre, el Consejo Constitucional hizo entrega de la propuesta para la Nueva Constituci\u00f3n al presidente Gabriel Boric quien, en la misma instancia, firm\u00f3 el decreto con el que se convoca oficialmente a plebiscito para este 17 de diciembre.<\/p>\n<p style=\"text-align: justify;\">En el pr\u00f3ximo refer\u00e9ndum, las ciudadanas y ciudadanos chilenos deber\u00e1n votar si est\u00e1n <strong>A Favor o En Contra<\/strong> del documento redactado, el que cuenta con 182 p\u00e1ginas, 17 cap\u00edtulos y disposiciones transitorias. Para esta ocasi\u00f3n, el voto es <strong>obligatorio<\/strong>, por lo que quienes no sufraguen se arriesgan a multas de hasta $180.000.<\/p>\n<p style=\"text-align: justify;\">\u201cComo gobierno, hemos puesto el pie en el acelerador y estamos centrando todos nuestros esfuerzos en que las y los ciudadanos cuenten con toda la informaci\u00f3n disponible para votar este 17 de diciembre. Nuestra Secretar\u00eda Regional Ministerial est\u00e1 preparando una agenda de despliegue en terreno a varias localidades del norte y sur de nuestra regi\u00f3n, con la finalidad de entregar, a las y los ayseninos, la nueva propuesta constitucional, para que as\u00ed puedan votar informadas e informados\u201d, indic\u00f3 la Seremi de Gobierno, Tatiana Pl\u00e1.<\/p>\n<p style=\"text-align: justify;\">Para conocer la nueva propuesta constitucional se debe ingresar al sitio web: <a href=\"https:\/\/www.gob.cl\/chilevotainformado\/\">https:\/\/www.gob.cl\/chilevotainformado\/<\/a>, luego pinchar en el banner de color rojo que dice: <strong>DESCARGA LA NUEVA PROPUESTA CONSTITUCIONAL AQU\u00cd<\/strong>. Adem\u00e1s, el Gobierno lanz\u00f3 esta semana un c\u00f3digo QR, el cual al ser escaneado, abre de inmediato el documento con la nueva propuesta constitucional.<\/p>\n<p style=\"text-align: justify;\">Respecto al despliegue en terreno que la Seremi de Gobierno realizar\u00e1 a trav\u00e9s de la regi\u00f3n para la difusi\u00f3n de esta nueva propuesta constitucional, se incluir\u00e1n las cuatro provincias de la regi\u00f3n: Ays\u00e9n, Capit\u00e1n Prat, Coyhaique y General Carrera. \u00a0\u201cEn la provincia de Ays\u00e9n visitaremos las localidades de Chacabuco y Ma\u00f1ihuales; en la zona norte de la regi\u00f3n visitaremos La Junta, Puerto Cisnes, Puyuhuapi y, posteriormente, nos trasladaremos al sur visitando las localidades de Cerro Castillo, Bah\u00eda Murta, R\u00edo Tranquilo y Cochrane, entre otras\u201d, explic\u00f3 la Seremi de Gobierno.<\/p>\n<p style=\"text-align: justify;\">El despliegue en terreno para la entrega de la propuesta constitucional a las y los habitantes de la regi\u00f3n de Ays\u00e9n, se realizar\u00e1 desde el 27 de noviembre al 13 de diciembre de 2023.<\/p>\n<\/div><\/section><\/div><div  style='height:50px' class='hr hr-invisible   avia-builder-el-6  el_after_av_one_full  el_before_av_social_share '><span class='hr-inner ' ><span class='hr-inner-style'><\/span><\/span><\/div><\/p>\n<div  class='av-social-sharing-box  avia-builder-el-7  el_after_av_hr  el_before_av_hr  '><div class='av-share-box'><h5 class='av-share-link-description av-no-toc '>Compartir esta noticia<\/h5><ul class='av-share-box-list noLightbox'><li class='av-share-link av-social-link-facebook' ><a target=\"_blank\" aria-label=\"Compartir en Facebook\" href='https:\/\/www.facebook.com\/sharer.php?u=https:\/\/radiorevelacionfm.cl\/?p=37033&#038;t=Seremi%20de%20Gobierno%20Ays%C3%A9n%20entrega%20detalles%20sobre%20campa%C3%B1a%20informativa%20para%20el%20Plebiscito%20Constitucional' aria-hidden='false' data-av_icon='\ue8f3' data-av_iconfont='entypo-fontello' title='' data-avia-related-tooltip='Compartir en Facebook' rel=\"noopener\"><span class='avia_hidden_link_text'>Compartir en Facebook<\/span><\/a><\/li><li class='av-share-link av-social-link-twitter' ><a target=\"_blank\" aria-label=\"Compartir en Twitter\" href='https:\/\/twitter.com\/share?text=Seremi%20de%20Gobierno%20Ays%C3%A9n%20entrega%20detalles%20sobre%20campa%C3%B1a%20informativa%20para%20el%20Plebiscito%20Constitucional&#038;url=https:\/\/radiorevelacionfm.cl\/?p=37033' aria-hidden='false' data-av_icon='\ue8f1' data-av_iconfont='entypo-fontello' title='' data-avia-related-tooltip='Compartir en Twitter' rel=\"noopener\"><span class='avia_hidden_link_text'>Compartir en Twitter<\/span><\/a><\/li><li class='av-share-link av-social-link-whatsapp' ><a target=\"_blank\" aria-label=\"Compartir en Whatsapp\" href='https:\/\/api.whatsapp.com\/send?text=https:\/\/radiorevelacionfm.cl\/?p=37033' aria-hidden='false' data-av_icon='\uf232' data-av_iconfont='entypo-fontello' title='' data-avia-related-tooltip='Compartir en Whatsapp' rel=\"noopener\"><span class='avia_hidden_link_text'>Compartir en Whatsapp<\/span><\/a><\/li><li class='av-share-link av-social-link-linkedin' ><a target=\"_blank\" aria-label=\"Compartir en LinkedIn\" href='https:\/\/linkedin.com\/shareArticle?mini=true&#038;title=Seremi%20de%20Gobierno%20Ays%C3%A9n%20entrega%20detalles%20sobre%20campa%C3%B1a%20informativa%20para%20el%20Plebiscito%20Constitucional&#038;url=https:\/\/radiorevelacionfm.cl\/?p=37033' aria-hidden='false' data-av_icon='\ue8fc' data-av_iconfont='entypo-fontello' title='' data-avia-related-tooltip='Compartir en LinkedIn' rel=\"noopener\"><span class='avia_hidden_link_text'>Compartir en LinkedIn<\/span><\/a><\/li><li class='av-share-link av-social-link-mail' ><a  aria-label=\"Compartir por correo\" href='mailto:?subject=Seremi%20de%20Gobierno%20Ays%C3%A9n%20entrega%20detalles%20sobre%20campa%C3%B1a%20informativa%20para%20el%20Plebiscito%20Constitucional&#038;body=https:\/\/radiorevelacionfm.cl\/?p=37033' aria-hidden='false' data-av_icon='\ue805' data-av_iconfont='entypo-fontello' title='' data-avia-related-tooltip='Compartir por correo'><span class='avia_hidden_link_text'>Compartir por correo<\/span><\/a><\/li><\/ul><\/div><\/div>\n<div  style='height:50px' class='hr hr-invisible   avia-builder-el-8  el_after_av_social_share  el_before_av_comments_list '><span class='hr-inner ' ><span class='hr-inner-style'><\/span><\/span><\/div>\n<div  class='av-buildercomment  av-blog-meta-html-info-disabled av-blog-meta-tag-disabled  '><\/div>\n","protected":false},"excerpt":{"rendered":"","protected":false},"author":1,"featured_media":37034,"comment_status":"open","ping_status":"open","sticky":false,"template":"","format":"standard","meta":{"footnotes":""},"categories":[38],"tags":[],"class_list":["post-37033","post","type-post","status-publish","format-standard","has-post-thumbnail","hentry","category-regional"],"jetpack_featured_media_url":"https:\/\/radiorevelacionfm.cl\/wp-content\/uploads\/2023\/11\/FOTO-SEREMI-CAMPANA-INFORMATIVA-PLEBISCITO-CONSTITUCIONAL-1-1.jpeg","_links":{"self":[{"href":"https:\/\/radiorevelacionfm.cl\/index.php?rest_route=\/wp\/v2\/posts\/37033","targetHints":{"allow":["GET"]}}],"collection":[{"href":"https:\/\/radiorevelacionfm.cl\/index.php?rest_route=\/wp\/v2\/posts"}],"about":[{"href":"https:\/\/radiorevelacionfm.cl\/index.php?rest_route=\/wp\/v2\/types\/post"}],"author":[{"embeddable":true,"href":"https:\/\/radiorevelacionfm.cl\/index.php?rest_route=\/wp\/v2\/users\/1"}],"replies":[{"embeddable":true,"href":"https:\/\/radiorevelacionfm.cl\/index.php?rest_route=%2Fwp%2Fv2%2Fcomments&post=37033"}],"version-history":[{"count":1,"href":"https:\/\/radiorevelacionfm.cl\/index.php?rest_route=\/wp\/v2\/posts\/37033\/revisions"}],"predecessor-version":[{"id":37035,"href":"https:\/\/radiorevelacionfm.cl\/index.php?rest_route=\/wp\/v2\/posts\/37033\/revisions\/37035"}],"wp:featuredmedia":[{"embeddable":true,"href":"https:\/\/radiorevelacionfm.cl\/index.php?rest_route=\/wp\/v2\/media\/37034"}],"wp:attachment":[{"href":"https:\/\/radiorevelacionfm.cl\/index.php?rest_route=%2Fwp%2Fv2%2Fmedia&parent=37033"}],"wp:term":[{"taxonomy":"category","embeddable":true,"href":"https:\/\/radiorevelacionfm.cl\/index.php?rest_route=%2Fwp%2Fv2%2Fcategories&post=37033"},{"taxonomy":"post_tag","embeddable":true,"href":"https:\/\/radiorevelacionfm.cl\/index.php?rest_route=%2Fwp%2Fv2%2Ftags&post=37033"}],"curies":[{"name":"wp","href":"https:\/\/api.w.org\/{rel}","templated":true}]}}