{"id":37028,"date":"2023-11-18T19:44:53","date_gmt":"2023-11-18T22:44:53","guid":{"rendered":"https:\/\/radiorevelacionfm.cl\/?p=37028"},"modified":"2023-11-18T19:44:53","modified_gmt":"2023-11-18T22:44:53","slug":"senadora-ordenes-y-presupuesto-2024-una-sociedad-de-futuro-tiene-que-buscar-soluciones-a-las-brechas-educativas","status":"publish","type":"post","link":"https:\/\/radiorevelacionfm.cl\/?p=37028","title":{"rendered":"Senadora \u00d3rdenes y presupuesto 2024: \u201cUna sociedad de futuro tiene que buscar soluciones a las brechas educativas\u201d"},"content":{"rendered":"<div class=\"flex_column av_one_full  flex_column_div av-zero-column-padding first  avia-builder-el-0  el_before_av_one_full  avia-builder-el-first  \" style='border-radius:0px; '><div  class='avia-image-container  av-styling-    avia-builder-el-1  avia-builder-el-no-sibling  avia-align-center '  itemprop=\"image\" itemscope=\"itemscope\" itemtype=\"https:\/\/schema.org\/ImageObject\"  ><div class='avia-image-container-inner'><div class='avia-image-overlay-wrap'><img decoding=\"async\" class='wp-image-4463 avia-img-lazy-loading-not-4463 avia_image' src=\"https:\/\/radiorevelacionfm.cl\/wp-content\/uploads\/2021\/05\/SENADORA-ORDENES2-1.jpg\" alt='' title='SENADORA ORDENES2 (1)' height=\"600\" width=\"1002\"  itemprop=\"thumbnailUrl\" srcset=\"https:\/\/radiorevelacionfm.cl\/wp-content\/uploads\/2021\/05\/SENADORA-ORDENES2-1.jpg 1002w, https:\/\/radiorevelacionfm.cl\/wp-content\/uploads\/2021\/05\/SENADORA-ORDENES2-1-300x180.jpg 300w, https:\/\/radiorevelacionfm.cl\/wp-content\/uploads\/2021\/05\/SENADORA-ORDENES2-1-768x460.jpg 768w, https:\/\/radiorevelacionfm.cl\/wp-content\/uploads\/2021\/05\/SENADORA-ORDENES2-1-705x422.jpg 705w, https:\/\/radiorevelacionfm.cl\/wp-content\/uploads\/2021\/05\/SENADORA-ORDENES2-1-600x359.jpg 600w\" sizes=\"(max-width: 1002px) 100vw, 1002px\" \/><\/div><\/div><\/div><\/div><div class=\"flex_column av_one_full  flex_column_div av-zero-column-padding first  avia-builder-el-2  el_after_av_one_full  el_before_av_one_full  column-top-margin\" style='border-radius:0px; '><section class=\"av_textblock_section \"  itemscope=\"itemscope\" itemtype=\"https:\/\/schema.org\/BlogPosting\" itemprop=\"blogPost\" ><div class='avia_textblock  '   itemprop=\"text\" ><p style=\"text-align: center;\"><strong><span style=\"font-size: 18pt;\">Senadora \u00d3rdenes y presupuesto 2024: \u201cUna sociedad de futuro tiene que buscar soluciones a las brechas educativas\u201d<\/span><\/strong><\/p>\n<div id=\"gtx-trans\" style=\"position: absolute; left: -50px; top: 4.31534px;\">\n<div class=\"gtx-trans-icon\"><\/div>\n<\/div>\n<\/div><\/section><\/div><div class=\"flex_column av_one_full  flex_column_div av-zero-column-padding first  avia-builder-el-4  el_after_av_one_full  el_before_av_hr  column-top-margin\" style='border-radius:0px; '><section class=\"av_textblock_section \"  itemscope=\"itemscope\" itemtype=\"https:\/\/schema.org\/BlogPosting\" itemprop=\"blogPost\" ><div class='avia_textblock  '   itemprop=\"text\" ><p style=\"text-align: justify;\"><em>La senadora por la regi\u00f3n de Ays\u00e9n, Ximena \u00d3rdenes, no solo particip\u00f3 del estudio de diferentes partidas presupuestarias, integrando la Cuarta Subcomisi\u00f3n Mixta de Presupuestos, sino que desde un inicio relev\u00f3 la importancia de atender las demandas de diversas organizaciones, tanto de la regi\u00f3n de Ays\u00e9n, como a nivel nacional.<\/em><\/p>\n<p style=\"text-align: justify;\">Junto con esto, durante el estudio en sala de la partida del Ministerio de Educaci\u00f3n, manifest\u00f3 que es evidente que hay una brecha a la cual poner atenci\u00f3n. \u201cHay que desarrollar un nuevo plan de recuperaci\u00f3n de la educaci\u00f3n. He puesto un \u00e9nfasis en que una sociedad de futuro tiene que buscar soluciones a las brechas educativas, que no son las mismas de antes\u201d, se\u00f1al\u00f3 la parlamentaria.<\/p>\n<p style=\"text-align: justify;\">\u201cNo solo hay deficiencia en infraestructura, quiero poner \u00e9nfasis en los temas de brecha digital, que es algo que he hecho constantemente cuando hablamos de educaci\u00f3n. Hasta ahora solo hablamos de la entrega de dispositivos, pero tenemos que trabajar los temas de contenido online, por lo tanto, creo que una de las variables que no est\u00e1 considerada en el presupuesto y que espero haya una mesa de trabajo en esa l\u00ednea, para el desarrollo de las habilidades digitales, destacando c\u00f3mo los estudiantes se van a adaptar a la era digital que est\u00e1 en curso\u201d, recalc\u00f3 la senadora \u00d3rdenes.<\/p>\n<p style=\"text-align: justify;\"><strong>Avanzar en homologaci<\/strong><strong>\u00f3<\/strong><strong>n<\/strong><\/p>\n<p style=\"text-align: justify;\">Una de las mesas de trabajo en la que la senadora \u00d3rdenes ha participado activamente contempla las demandas de las trabajadoras de los jardines VTF respecto a la homologaci\u00f3n con jardines Junji. \u201cEl trabajo, yo creo que tuvo buenos resultados, por un lado, espec\u00edficamente en lo que tiene que ver con el bono de desempe\u00f1o laboral 2016-2019 y que tiene expresi\u00f3n en esta ley de presupuestos\u201d, destac\u00f3 la parlamentaria, dando cuenta de que es un avance, pero, a la vez, advirtiendo que \u201clo que motiv\u00f3 esa instancia de trabajo fue la homologaci\u00f3n, porque claramente existe una discriminaci\u00f3n entre trabajadoras Junji y trabajadoras VTF\u201d.<\/p>\n<p style=\"text-align: justify;\">\u201cPor lo tanto, quiero insistir, yo entiendo que el protocolo tiene continuidad, porque queda pendiente de un protocolo anterior y que, por lo tanto, se mantiene la mesa para avanzar en los \u00e1mbitos de homologaci\u00f3n, porque lo \u00fanico que hemos logrado trabajar con Hacienda es ir identificando los componentes que constituyen la remuneraci\u00f3n y debemos tener ese horizonte\u201d, enfatiz\u00f3 Ximena \u00d3rdenes, mostrando su preocupaci\u00f3n en que este tema pueda avanzar con el inter\u00e9s del Ejecutivo.<\/p>\n<p style=\"text-align: justify;\"><strong>Crisis en el sistema de Educaci<\/strong><strong>\u00f3<\/strong><strong>n<\/strong><\/p>\n<p style=\"text-align: justify;\">En su intervenci\u00f3n la Senadora \u00d3rdenes, tambi\u00e9n se refiri\u00f3 a la crisis en la educaci\u00f3n superior, refiri\u00e9ndose a graves casos que afectaron, no solo a la regi\u00f3n de Ays\u00e9n, sino a nivel nacional, pero que tuvieron impacto profundo en cientos de familias Ayseninas, con paralizaciones al interior de las casas de estudios, cierre de carreras y otros incumplimientos por parte de las instituciones de educaci\u00f3n superior de la regi\u00f3n.<\/p>\n<p style=\"text-align: justify;\">\u201cLa crisis de la educaci\u00f3n superior por el caso del IP-CFT Los Lagos, la Universidad de Ays\u00e9n, que hoy est\u00e1 con paralizaci\u00f3n y la Universidad Austral de Chile, a trav\u00e9s del campus Patagonia, que tambi\u00e9n comenz\u00f3 el cierre de carreras\u201d, introdujo la senadora. \u201cPor lo tanto, lo que estoy diciendo, al menos en esta regi\u00f3n, todas las crisis tuvieron manifestaci\u00f3n y creo que es urgente, no solo en materia presupuestaria. Los planes de recuperaci\u00f3n a veces no son suficientes para hacer cambios tan radicales\u201d, inst\u00f3 al Ejecutivo.<\/p>\n<p style=\"text-align: justify;\">Del mismo modo, tambi\u00e9n tuvo palabras para referirse a las y los asistentes de la educaci\u00f3n, parte de los temas de zonas extremas, quienes manifestaron otro compromiso sin cumplir. La parlamentaria se\u00f1al\u00f3 que: \u201chubo movilizaciones en la regi\u00f3n de Ays\u00e9n y hay un trabajo en la mesa del sector p\u00fablico que espero que constituya dentro de este protocolo\u201d.<\/p>\n<p style=\"text-align: justify;\">Finalmente, la parlamentaria se refiri\u00f3 a las tutoras de las residencias familiares, quienes hace m\u00e1s de 10 a\u00f1os reciben el mismo presupuesto para la labor que realizan, principalmente en zonas extremas, como en la regi\u00f3n de Ays\u00e9n. \u201cHace mucho tiempo que no existe un incremento desde la Junaeb para las tutoras que trabajan en distintas regiones del pa\u00eds y que reciben estudiantes de localidades alejadas, particularmente en zonas extremas. Entiendo que se est\u00e1 viendo con Hacienda una propuesta que pueda dar soluci\u00f3n a este tema, pero quiero hablar aqu\u00ed por todas las tutoras que me han manifestado esta necesidad urgente para tener la mejor acogida para los estudiantes que vienen de localidades alejadas\u201d, concluy\u00f3 Ximena \u00d3rdenes.<\/p>\n<p style=\"text-align: justify;\">La parlamentaria ha sido parte de las discusiones en las subcomisiones, instancia donde se analizaron diversas partidas presupuestarias, tanto para direcciones y servicios, como para ministerios, entre ellos el de Educaci\u00f3n.<\/p>\n<\/div><\/section><\/div><div  style='height:50px' class='hr hr-invisible   avia-builder-el-6  el_after_av_one_full  el_before_av_social_share '><span class='hr-inner ' ><span class='hr-inner-style'><\/span><\/span><\/div><\/p>\n<div  class='av-social-sharing-box  avia-builder-el-7  el_after_av_hr  el_before_av_hr  '><div class='av-share-box'><h5 class='av-share-link-description av-no-toc '>Compartir esta noticia<\/h5><ul class='av-share-box-list noLightbox'><li class='av-share-link av-social-link-facebook' ><a target=\"_blank\" aria-label=\"Compartir en Facebook\" href='https:\/\/www.facebook.com\/sharer.php?u=https:\/\/radiorevelacionfm.cl\/?p=37028&#038;t=Senadora%20%C3%93rdenes%20y%20presupuesto%202024%3A%20%E2%80%9CUna%20sociedad%20de%20futuro%20tiene%20que%20buscar%20soluciones%20a%20las%20brechas%20educativas%E2%80%9D' aria-hidden='false' data-av_icon='\ue8f3' data-av_iconfont='entypo-fontello' title='' data-avia-related-tooltip='Compartir en Facebook' rel=\"noopener\"><span class='avia_hidden_link_text'>Compartir en Facebook<\/span><\/a><\/li><li class='av-share-link av-social-link-twitter' ><a target=\"_blank\" aria-label=\"Compartir en Twitter\" href='https:\/\/twitter.com\/share?text=Senadora%20%C3%93rdenes%20y%20presupuesto%202024%3A%20%E2%80%9CUna%20sociedad%20de%20futuro%20tiene%20que%20buscar%20soluciones%20a%20las%20brechas%20educativas%E2%80%9D&#038;url=https:\/\/radiorevelacionfm.cl\/?p=37028' aria-hidden='false' data-av_icon='\ue8f1' data-av_iconfont='entypo-fontello' title='' data-avia-related-tooltip='Compartir en Twitter' rel=\"noopener\"><span class='avia_hidden_link_text'>Compartir en Twitter<\/span><\/a><\/li><li class='av-share-link av-social-link-whatsapp' ><a target=\"_blank\" aria-label=\"Compartir en Whatsapp\" href='https:\/\/api.whatsapp.com\/send?text=https:\/\/radiorevelacionfm.cl\/?p=37028' aria-hidden='false' data-av_icon='\uf232' data-av_iconfont='entypo-fontello' title='' data-avia-related-tooltip='Compartir en Whatsapp' rel=\"noopener\"><span class='avia_hidden_link_text'>Compartir en Whatsapp<\/span><\/a><\/li><li class='av-share-link av-social-link-linkedin' ><a target=\"_blank\" aria-label=\"Compartir en LinkedIn\" href='https:\/\/linkedin.com\/shareArticle?mini=true&#038;title=Senadora%20%C3%93rdenes%20y%20presupuesto%202024%3A%20%E2%80%9CUna%20sociedad%20de%20futuro%20tiene%20que%20buscar%20soluciones%20a%20las%20brechas%20educativas%E2%80%9D&#038;url=https:\/\/radiorevelacionfm.cl\/?p=37028' aria-hidden='false' data-av_icon='\ue8fc' data-av_iconfont='entypo-fontello' title='' data-avia-related-tooltip='Compartir en LinkedIn' rel=\"noopener\"><span class='avia_hidden_link_text'>Compartir en LinkedIn<\/span><\/a><\/li><li class='av-share-link av-social-link-mail' ><a  aria-label=\"Compartir por correo\" href='mailto:?subject=Senadora%20%C3%93rdenes%20y%20presupuesto%202024%3A%20%E2%80%9CUna%20sociedad%20de%20futuro%20tiene%20que%20buscar%20soluciones%20a%20las%20brechas%20educativas%E2%80%9D&#038;body=https:\/\/radiorevelacionfm.cl\/?p=37028' aria-hidden='false' data-av_icon='\ue805' data-av_iconfont='entypo-fontello' title='' data-avia-related-tooltip='Compartir por correo'><span class='avia_hidden_link_text'>Compartir por correo<\/span><\/a><\/li><\/ul><\/div><\/div>\n<div  style='height:50px' class='hr hr-invisible   avia-builder-el-8  el_after_av_social_share  el_before_av_comments_list '><span class='hr-inner ' ><span class='hr-inner-style'><\/span><\/span><\/div>\n<div  class='av-buildercomment  av-blog-meta-html-info-disabled av-blog-meta-tag-disabled  '><\/div>\n","protected":false},"excerpt":{"rendered":"","protected":false},"author":1,"featured_media":4463,"comment_status":"open","ping_status":"open","sticky":false,"template":"","format":"standard","meta":{"footnotes":""},"categories":[35],"tags":[],"class_list":["post-37028","post","type-post","status-publish","format-standard","has-post-thumbnail","hentry","category-politica"],"jetpack_featured_media_url":"https:\/\/radiorevelacionfm.cl\/wp-content\/uploads\/2021\/05\/SENADORA-ORDENES2-1.jpg","_links":{"self":[{"href":"https:\/\/radiorevelacionfm.cl\/index.php?rest_route=\/wp\/v2\/posts\/37028","targetHints":{"allow":["GET"]}}],"collection":[{"href":"https:\/\/radiorevelacionfm.cl\/index.php?rest_route=\/wp\/v2\/posts"}],"about":[{"href":"https:\/\/radiorevelacionfm.cl\/index.php?rest_route=\/wp\/v2\/types\/post"}],"author":[{"embeddable":true,"href":"https:\/\/radiorevelacionfm.cl\/index.php?rest_route=\/wp\/v2\/users\/1"}],"replies":[{"embeddable":true,"href":"https:\/\/radiorevelacionfm.cl\/index.php?rest_route=%2Fwp%2Fv2%2Fcomments&post=37028"}],"version-history":[{"count":2,"href":"https:\/\/radiorevelacionfm.cl\/index.php?rest_route=\/wp\/v2\/posts\/37028\/revisions"}],"predecessor-version":[{"id":37089,"href":"https:\/\/radiorevelacionfm.cl\/index.php?rest_route=\/wp\/v2\/posts\/37028\/revisions\/37089"}],"wp:featuredmedia":[{"embeddable":true,"href":"https:\/\/radiorevelacionfm.cl\/index.php?rest_route=\/wp\/v2\/media\/4463"}],"wp:attachment":[{"href":"https:\/\/radiorevelacionfm.cl\/index.php?rest_route=%2Fwp%2Fv2%2Fmedia&parent=37028"}],"wp:term":[{"taxonomy":"category","embeddable":true,"href":"https:\/\/radiorevelacionfm.cl\/index.php?rest_route=%2Fwp%2Fv2%2Fcategories&post=37028"},{"taxonomy":"post_tag","embeddable":true,"href":"https:\/\/radiorevelacionfm.cl\/index.php?rest_route=%2Fwp%2Fv2%2Ftags&post=37028"}],"curies":[{"name":"wp","href":"https:\/\/api.w.org\/{rel}","templated":true}]}}