{"id":37025,"date":"2023-11-17T09:50:32","date_gmt":"2023-11-17T12:50:32","guid":{"rendered":"https:\/\/radiorevelacionfm.cl\/?p=37025"},"modified":"2023-11-17T09:50:32","modified_gmt":"2023-11-17T12:50:32","slug":"senador-sandoval-tenemos-al-litoral-en-una-condicion-de-precariedad-enorme","status":"publish","type":"post","link":"https:\/\/radiorevelacionfm.cl\/?p=37025","title":{"rendered":"Senador Sandoval: \u201cTenemos al litoral en una condici\u00f3n de precariedad enorme\u201d"},"content":{"rendered":"<div class=\"flex_column av_one_full  flex_column_div av-zero-column-padding first  avia-builder-el-0  el_before_av_one_full  avia-builder-el-first  \" style='border-radius:0px; '><div  class='avia-image-container  av-styling-    avia-builder-el-1  avia-builder-el-no-sibling  avia-align-center '  itemprop=\"image\" itemscope=\"itemscope\" itemtype=\"https:\/\/schema.org\/ImageObject\"  ><div class='avia-image-container-inner'><div class='avia-image-overlay-wrap'><img decoding=\"async\" class='wp-image-37026 avia-img-lazy-loading-not-37026 avia_image' src=\"https:\/\/radiorevelacionfm.cl\/wp-content\/uploads\/2023\/11\/img_4281-1_optimized.jpg\" alt='' title='img_4281-(1)_optimized' height=\"600\" width=\"1101\"  itemprop=\"thumbnailUrl\" srcset=\"https:\/\/radiorevelacionfm.cl\/wp-content\/uploads\/2023\/11\/img_4281-1_optimized.jpg 1101w, https:\/\/radiorevelacionfm.cl\/wp-content\/uploads\/2023\/11\/img_4281-1_optimized-300x163.jpg 300w, https:\/\/radiorevelacionfm.cl\/wp-content\/uploads\/2023\/11\/img_4281-1_optimized-1030x561.jpg 1030w, https:\/\/radiorevelacionfm.cl\/wp-content\/uploads\/2023\/11\/img_4281-1_optimized-768x419.jpg 768w, https:\/\/radiorevelacionfm.cl\/wp-content\/uploads\/2023\/11\/img_4281-1_optimized-705x384.jpg 705w, https:\/\/radiorevelacionfm.cl\/wp-content\/uploads\/2023\/11\/img_4281-1_optimized-450x245.jpg 450w, https:\/\/radiorevelacionfm.cl\/wp-content\/uploads\/2023\/11\/img_4281-1_optimized-600x327.jpg 600w\" sizes=\"(max-width: 1101px) 100vw, 1101px\" \/><\/div><\/div><\/div><\/div><div class=\"flex_column av_one_full  flex_column_div av-zero-column-padding first  avia-builder-el-2  el_after_av_one_full  el_before_av_one_full  column-top-margin\" style='border-radius:0px; '><section class=\"av_textblock_section \"  itemscope=\"itemscope\" itemtype=\"https:\/\/schema.org\/BlogPosting\" itemprop=\"blogPost\" ><div class='avia_textblock  '   itemprop=\"text\" ><p style=\"text-align: center;\"><strong><span style=\"font-size: 18pt;\">Senador Sandoval: \u201cTenemos al litoral en una condici\u00f3n de precariedad enorme\u201d<\/span><\/strong><\/p>\n<div id=\"gtx-trans\" style=\"position: absolute; left: -50px; top: 4.31534px;\">\n<div class=\"gtx-trans-icon\"><\/div>\n<\/div>\n<\/div><\/section><\/div><div class=\"flex_column av_one_full  flex_column_div av-zero-column-padding first  avia-builder-el-4  el_after_av_one_full  el_before_av_hr  column-top-margin\" style='border-radius:0px; '><section class=\"av_textblock_section \"  itemscope=\"itemscope\" itemtype=\"https:\/\/schema.org\/BlogPosting\" itemprop=\"blogPost\" ><div class='avia_textblock  '   itemprop=\"text\" ><p style=\"text-align: justify;\"><em>Parlamentario se\u00f1al\u00f3 esto en el marco de la exposici\u00f3n que realiz\u00f3 el alcalde de Las Guaitecas, Marcos Silva, en las comisiones de Salud y Zonas Extremas del Senado, donde dio cuenta de los problemas hist\u00f3ricos que vive la comuna.<\/em><\/p>\n<p style=\"text-align: justify;\">\u201cTenemos al litoral en una condici\u00f3n de precariedad enorme\u201d. As\u00ed lo afirm\u00f3 el senador David Sandoval al referirse al estado en que se encuentra esa zona de la regi\u00f3n de Ays\u00e9n, tras las exposiciones que realiz\u00f3 el alcalde de Las Guaitecas, Marcos Silva, en las comisiones de Salud y Zonas Extremas de la C\u00e1mara Alta, donde dio cuenta de hist\u00f3ricos problemas que vive en la comuna en distintos \u00e1mbitos.<\/p>\n<p style=\"text-align: justify;\">En ese sentido, el parlamentario recalc\u00f3 que a\u00fan cuando Ays\u00e9n cuenta con un potencial enorme de desarrollo y de trabajo, la condici\u00f3n de abandono es muy grande por lo cual dijo compartir \u201clas demandas que ha manifestado el alcalde, que son v\u00e1lidas para Las Guaitecas como para todo el litoral\u201d.<\/p>\n<p style=\"text-align: justify;\">\u201cEl alcalde le pide al Senado que intervengamos ante las autoridades, por el enorme centralismo en el \u00e1mbito de la regi\u00f3n (\u2026) Se\u00f1ala que el Estado tiene una deuda hist\u00f3rica con la comuna\u201d, agreg\u00f3.<\/p>\n<p style=\"text-align: justify;\">El jefe comunal expuso y detall\u00f3 en ambas comisiones, entre otros, los problemas de no contar con agua potable para el consumo humano, sin un sistema de alcantarillado o tratamiento de aguas servidas, adem\u00e1s de las dificultades en materia de electricidad, considerando que en su condici\u00f3n de isla, la generaci\u00f3n y distribuci\u00f3n no depende del sistema Interconectado Central, sino que de una planta el\u00e9ctrica municipal, la cual arrastra una falta de recursos que impiden su funcionamiento las 24 horas del d\u00eda.<\/p>\n<p style=\"text-align: justify;\">\u201cLa labor que hace el alcalde es meritoria y destacable\u201d, se\u00f1al\u00f3 Sandoval, invitando a hacer una reflexi\u00f3n profunda sobre lo que vive esta comuna, pero fundamentalmente el litoral aisenino. \u201cEl problema no solo lo tiene Melinka, que es una comuna con un potencial enorme. Caleta Andrade, Puerto Aguirre, Estero Copa, Toto, Puerto Gaviota, Puerto Gala, tienen las mismas condiciones de precariedad. Y sin embargo, en esas condiciones es donde hoy se desarrollan las principales actividades econ\u00f3micas\u201d, asever\u00f3.<\/p>\n<p style=\"text-align: justify;\">El parlamentario insisti\u00f3 en que \u201cvale la pena reflexionar sobre este tema y cambiar el switch de la forma que estamos haciendo desarrollo en la regi\u00f3n de Ays\u00e9n, porque como est\u00e1 ahora no se est\u00e1 dando el ancho\u201d.<\/p>\n<p style=\"text-align: justify;\">Por \u00faltimo, el legislador afirm\u00f3: \u201cCreemos que hay un subdesarrollo dentro de la regi\u00f3n que es inexcusable con los recursos que tiene el Gobierno Regional y la regi\u00f3n en sus distintas serem\u00edas\u201d.<\/p>\n<\/div><\/section><\/div><div  style='height:50px' class='hr hr-invisible   avia-builder-el-6  el_after_av_one_full  el_before_av_social_share '><span class='hr-inner ' ><span class='hr-inner-style'><\/span><\/span><\/div><\/p>\n<div  class='av-social-sharing-box  avia-builder-el-7  el_after_av_hr  el_before_av_hr  '><div class='av-share-box'><h5 class='av-share-link-description av-no-toc '>Compartir esta noticia<\/h5><ul class='av-share-box-list noLightbox'><li class='av-share-link av-social-link-facebook' ><a target=\"_blank\" aria-label=\"Compartir en Facebook\" href='https:\/\/www.facebook.com\/sharer.php?u=https:\/\/radiorevelacionfm.cl\/?p=37025&#038;t=Senador%20Sandoval%3A%20%E2%80%9CTenemos%20al%20litoral%20en%20una%20condici%C3%B3n%20de%20precariedad%20enorme%E2%80%9D' aria-hidden='false' data-av_icon='\ue8f3' data-av_iconfont='entypo-fontello' title='' data-avia-related-tooltip='Compartir en Facebook' rel=\"noopener\"><span class='avia_hidden_link_text'>Compartir en Facebook<\/span><\/a><\/li><li class='av-share-link av-social-link-twitter' ><a target=\"_blank\" aria-label=\"Compartir en Twitter\" href='https:\/\/twitter.com\/share?text=Senador%20Sandoval%3A%20%E2%80%9CTenemos%20al%20litoral%20en%20una%20condici%C3%B3n%20de%20precariedad%20enorme%E2%80%9D&#038;url=https:\/\/radiorevelacionfm.cl\/?p=37025' aria-hidden='false' data-av_icon='\ue8f1' data-av_iconfont='entypo-fontello' title='' data-avia-related-tooltip='Compartir en Twitter' rel=\"noopener\"><span class='avia_hidden_link_text'>Compartir en Twitter<\/span><\/a><\/li><li class='av-share-link av-social-link-whatsapp' ><a target=\"_blank\" aria-label=\"Compartir en Whatsapp\" href='https:\/\/api.whatsapp.com\/send?text=https:\/\/radiorevelacionfm.cl\/?p=37025' aria-hidden='false' data-av_icon='\uf232' data-av_iconfont='entypo-fontello' title='' data-avia-related-tooltip='Compartir en Whatsapp' rel=\"noopener\"><span class='avia_hidden_link_text'>Compartir en Whatsapp<\/span><\/a><\/li><li class='av-share-link av-social-link-linkedin' ><a target=\"_blank\" aria-label=\"Compartir en LinkedIn\" href='https:\/\/linkedin.com\/shareArticle?mini=true&#038;title=Senador%20Sandoval%3A%20%E2%80%9CTenemos%20al%20litoral%20en%20una%20condici%C3%B3n%20de%20precariedad%20enorme%E2%80%9D&#038;url=https:\/\/radiorevelacionfm.cl\/?p=37025' aria-hidden='false' data-av_icon='\ue8fc' data-av_iconfont='entypo-fontello' title='' data-avia-related-tooltip='Compartir en LinkedIn' rel=\"noopener\"><span class='avia_hidden_link_text'>Compartir en LinkedIn<\/span><\/a><\/li><li class='av-share-link av-social-link-mail' ><a  aria-label=\"Compartir por correo\" href='mailto:?subject=Senador%20Sandoval%3A%20%E2%80%9CTenemos%20al%20litoral%20en%20una%20condici%C3%B3n%20de%20precariedad%20enorme%E2%80%9D&#038;body=https:\/\/radiorevelacionfm.cl\/?p=37025' aria-hidden='false' data-av_icon='\ue805' data-av_iconfont='entypo-fontello' title='' data-avia-related-tooltip='Compartir por correo'><span class='avia_hidden_link_text'>Compartir por correo<\/span><\/a><\/li><\/ul><\/div><\/div>\n<div  style='height:50px' class='hr hr-invisible   avia-builder-el-8  el_after_av_social_share  el_before_av_comments_list '><span class='hr-inner ' ><span class='hr-inner-style'><\/span><\/span><\/div>\n<div  class='av-buildercomment  av-blog-meta-html-info-disabled av-blog-meta-tag-disabled  '><\/div>\n","protected":false},"excerpt":{"rendered":"","protected":false},"author":1,"featured_media":37026,"comment_status":"open","ping_status":"open","sticky":false,"template":"","format":"standard","meta":{"footnotes":""},"categories":[35],"tags":[],"class_list":["post-37025","post","type-post","status-publish","format-standard","has-post-thumbnail","hentry","category-politica"],"jetpack_featured_media_url":"https:\/\/radiorevelacionfm.cl\/wp-content\/uploads\/2023\/11\/img_4281-1_optimized.jpg","_links":{"self":[{"href":"https:\/\/radiorevelacionfm.cl\/index.php?rest_route=\/wp\/v2\/posts\/37025","targetHints":{"allow":["GET"]}}],"collection":[{"href":"https:\/\/radiorevelacionfm.cl\/index.php?rest_route=\/wp\/v2\/posts"}],"about":[{"href":"https:\/\/radiorevelacionfm.cl\/index.php?rest_route=\/wp\/v2\/types\/post"}],"author":[{"embeddable":true,"href":"https:\/\/radiorevelacionfm.cl\/index.php?rest_route=\/wp\/v2\/users\/1"}],"replies":[{"embeddable":true,"href":"https:\/\/radiorevelacionfm.cl\/index.php?rest_route=%2Fwp%2Fv2%2Fcomments&post=37025"}],"version-history":[{"count":1,"href":"https:\/\/radiorevelacionfm.cl\/index.php?rest_route=\/wp\/v2\/posts\/37025\/revisions"}],"predecessor-version":[{"id":37027,"href":"https:\/\/radiorevelacionfm.cl\/index.php?rest_route=\/wp\/v2\/posts\/37025\/revisions\/37027"}],"wp:featuredmedia":[{"embeddable":true,"href":"https:\/\/radiorevelacionfm.cl\/index.php?rest_route=\/wp\/v2\/media\/37026"}],"wp:attachment":[{"href":"https:\/\/radiorevelacionfm.cl\/index.php?rest_route=%2Fwp%2Fv2%2Fmedia&parent=37025"}],"wp:term":[{"taxonomy":"category","embeddable":true,"href":"https:\/\/radiorevelacionfm.cl\/index.php?rest_route=%2Fwp%2Fv2%2Fcategories&post=37025"},{"taxonomy":"post_tag","embeddable":true,"href":"https:\/\/radiorevelacionfm.cl\/index.php?rest_route=%2Fwp%2Fv2%2Ftags&post=37025"}],"curies":[{"name":"wp","href":"https:\/\/api.w.org\/{rel}","templated":true}]}}