{"id":37022,"date":"2023-11-16T14:42:52","date_gmt":"2023-11-16T17:42:52","guid":{"rendered":"https:\/\/radiorevelacionfm.cl\/?p=37022"},"modified":"2023-11-16T14:42:52","modified_gmt":"2023-11-16T17:42:52","slug":"en-puerto-aysen-desarrollan-cursos-de-compostaje-y-vermicompostaje-inclusivos-con-agrupacion-vision-de-futuro","status":"publish","type":"post","link":"https:\/\/radiorevelacionfm.cl\/?p=37022","title":{"rendered":"En Puerto Ays\u00e9n desarrollan cursos de compostaje y vermicompostaje inclusivos con agrupaci\u00f3n Visi\u00f3n de Futuro"},"content":{"rendered":"<div class=\"flex_column av_one_full  flex_column_div av-zero-column-padding first  avia-builder-el-0  el_before_av_one_full  avia-builder-el-first  \" style='border-radius:0px; '><div  class='avia-image-container  av-styling-    avia-builder-el-1  avia-builder-el-no-sibling  avia-align-center '  itemprop=\"image\" itemscope=\"itemscope\" itemtype=\"https:\/\/schema.org\/ImageObject\"  ><div class='avia-image-container-inner'><div class='avia-image-overlay-wrap'><img decoding=\"async\" class='wp-image-37023 avia-img-lazy-loading-not-37023 avia_image' src=\"https:\/\/radiorevelacionfm.cl\/wp-content\/uploads\/2023\/11\/img-cursoVisionfuturo-BH2-1-1.jpg\" alt='' title='img-cursoVisionfuturo-BH2 (1) (1)' height=\"600\" width=\"898\"  itemprop=\"thumbnailUrl\" srcset=\"https:\/\/radiorevelacionfm.cl\/wp-content\/uploads\/2023\/11\/img-cursoVisionfuturo-BH2-1-1.jpg 898w, https:\/\/radiorevelacionfm.cl\/wp-content\/uploads\/2023\/11\/img-cursoVisionfuturo-BH2-1-1-300x200.jpg 300w, https:\/\/radiorevelacionfm.cl\/wp-content\/uploads\/2023\/11\/img-cursoVisionfuturo-BH2-1-1-768x513.jpg 768w, https:\/\/radiorevelacionfm.cl\/wp-content\/uploads\/2023\/11\/img-cursoVisionfuturo-BH2-1-1-705x471.jpg 705w, https:\/\/radiorevelacionfm.cl\/wp-content\/uploads\/2023\/11\/img-cursoVisionfuturo-BH2-1-1-450x301.jpg 450w, https:\/\/radiorevelacionfm.cl\/wp-content\/uploads\/2023\/11\/img-cursoVisionfuturo-BH2-1-1-600x401.jpg 600w\" sizes=\"(max-width: 898px) 100vw, 898px\" \/><\/div><\/div><\/div><\/div><div class=\"flex_column av_one_full  flex_column_div av-zero-column-padding first  avia-builder-el-2  el_after_av_one_full  el_before_av_one_full  column-top-margin\" style='border-radius:0px; '><section class=\"av_textblock_section \"  itemscope=\"itemscope\" itemtype=\"https:\/\/schema.org\/BlogPosting\" itemprop=\"blogPost\" ><div class='avia_textblock  '   itemprop=\"text\" ><p style=\"text-align: center;\"><strong><span style=\"font-size: 18pt;\">En Puerto Ays\u00e9n desarrollan cursos de compostaje y vermicompostaje inclusivos con agrupaci\u00f3n Visi\u00f3n de Futuro<\/span><\/strong><\/p>\n<div id=\"gtx-trans\" style=\"position: absolute; left: -50px; top: 4.31534px;\">\n<div class=\"gtx-trans-icon\"><\/div>\n<\/div>\n<\/div><\/section><\/div><div class=\"flex_column av_one_full  flex_column_div av-zero-column-padding first  avia-builder-el-4  el_after_av_one_full  el_before_av_hr  column-top-margin\" style='border-radius:0px; '><section class=\"av_textblock_section \"  itemscope=\"itemscope\" itemtype=\"https:\/\/schema.org\/BlogPosting\" itemprop=\"blogPost\" ><div class='avia_textblock  '   itemprop=\"text\" ><p style=\"text-align: justify;\">Con el objetivo de fomentar acciones ambientales para preservar el ecosistema, enfocadas principalmente en el manejo sustentable de residuos domiciliarios para propiciar el autocultivo alimentario se desarroll\u00f3 en dependencias de la C\u00e1mara de Comercio de Puerto Ays\u00e9n una charla orientada al compostaje y vermicompostaje. Este encuentro fue generado tras las acciones de Vinculaci\u00f3n con el Medio que posee Empresas Bahamonde con la agrupaci\u00f3n de personas no videntes y de baja visi\u00f3n \u201cVisi\u00f3n de Futuro\u201d. Algunos materiales de trabajo fueron adaptados en sistema Braille para facilitar la comprensi\u00f3n de los asistentes promoviendo as\u00ed la inclusi\u00f3n.<\/p>\n<p style=\"text-align: justify;\">En este sentido, \u00c1ngel Maldonado, presidente de la agrupaci\u00f3n Visi\u00f3n de futuro, agradeci\u00f3 a la empresa aysenina la oportunidad brindada en esta instancia. \u201cEs super interesante y nos va a ayudar el d\u00eda de ma\u00f1ana a poder reciclar y hacer cosas con conocimientos que uno hasta ahora desconoc\u00eda o vagamente hab\u00eda escuchado, as\u00ed es que, se agradece todo esto que est\u00e1n haciendo sobre todo para nosotros que es un poco dif\u00edcil al tener baja visi\u00f3n o ser ciego. Todo lo que est\u00e1n haciendo me parece estupendo\u201d.<\/p>\n<p style=\"text-align: justify;\">Por su parte del gerente general de Empresas Bahamonde, Alejandro Bahamonde Corey, abord\u00f3 lo acontecido en la jornada con la agrupaci\u00f3n local, explicando que este es un trabajo que se proyect\u00f3 desde un a\u00f1o antes y que finalmente fue \u201crecepcionado de muy buena forma. Estoy contento por este tremendo desaf\u00edo y seguiremos trabajando en m\u00e1s opciones para incluir a las personas con la discapacidad que ellos poseen\u201d.<\/p>\n<p style=\"text-align: justify;\">Finalmente, el l\u00edder de Empresas Bahamonde, coment\u00f3 que esperan prontamente desarrollar un curso para el tratamiento del aceite domiciliario. Esto con el fin de evitar que este residuo llegue hasta las dependencias del Relleno Sanitario otorg\u00e1ndole un nuevo uso como lo es la creaci\u00f3n de jabones de diversos tipos.<\/p>\n<\/div><\/section><\/div><div  style='height:50px' class='hr hr-invisible   avia-builder-el-6  el_after_av_one_full  el_before_av_social_share '><span class='hr-inner ' ><span class='hr-inner-style'><\/span><\/span><\/div><\/p>\n<div  class='av-social-sharing-box  avia-builder-el-7  el_after_av_hr  el_before_av_hr  '><div class='av-share-box'><h5 class='av-share-link-description av-no-toc '>Compartir esta noticia<\/h5><ul class='av-share-box-list noLightbox'><li class='av-share-link av-social-link-facebook' ><a target=\"_blank\" aria-label=\"Compartir en Facebook\" href='https:\/\/www.facebook.com\/sharer.php?u=https:\/\/radiorevelacionfm.cl\/?p=37022&#038;t=En%20Puerto%20Ays%C3%A9n%20desarrollan%20cursos%20de%20compostaje%20y%20vermicompostaje%20inclusivos%20con%20agrupaci%C3%B3n%20Visi%C3%B3n%20de%20Futuro' aria-hidden='false' data-av_icon='\ue8f3' data-av_iconfont='entypo-fontello' title='' data-avia-related-tooltip='Compartir en Facebook' rel=\"noopener\"><span class='avia_hidden_link_text'>Compartir en Facebook<\/span><\/a><\/li><li class='av-share-link av-social-link-twitter' ><a target=\"_blank\" aria-label=\"Compartir en Twitter\" href='https:\/\/twitter.com\/share?text=En%20Puerto%20Ays%C3%A9n%20desarrollan%20cursos%20de%20compostaje%20y%20vermicompostaje%20inclusivos%20con%20agrupaci%C3%B3n%20Visi%C3%B3n%20de%20Futuro&#038;url=https:\/\/radiorevelacionfm.cl\/?p=37022' aria-hidden='false' data-av_icon='\ue8f1' data-av_iconfont='entypo-fontello' title='' data-avia-related-tooltip='Compartir en Twitter' rel=\"noopener\"><span class='avia_hidden_link_text'>Compartir en Twitter<\/span><\/a><\/li><li class='av-share-link av-social-link-whatsapp' ><a target=\"_blank\" aria-label=\"Compartir en Whatsapp\" href='https:\/\/api.whatsapp.com\/send?text=https:\/\/radiorevelacionfm.cl\/?p=37022' aria-hidden='false' data-av_icon='\uf232' data-av_iconfont='entypo-fontello' title='' data-avia-related-tooltip='Compartir en Whatsapp' rel=\"noopener\"><span class='avia_hidden_link_text'>Compartir en Whatsapp<\/span><\/a><\/li><li class='av-share-link av-social-link-linkedin' ><a target=\"_blank\" aria-label=\"Compartir en LinkedIn\" href='https:\/\/linkedin.com\/shareArticle?mini=true&#038;title=En%20Puerto%20Ays%C3%A9n%20desarrollan%20cursos%20de%20compostaje%20y%20vermicompostaje%20inclusivos%20con%20agrupaci%C3%B3n%20Visi%C3%B3n%20de%20Futuro&#038;url=https:\/\/radiorevelacionfm.cl\/?p=37022' aria-hidden='false' data-av_icon='\ue8fc' data-av_iconfont='entypo-fontello' title='' data-avia-related-tooltip='Compartir en LinkedIn' rel=\"noopener\"><span class='avia_hidden_link_text'>Compartir en LinkedIn<\/span><\/a><\/li><li class='av-share-link av-social-link-mail' ><a  aria-label=\"Compartir por correo\" href='mailto:?subject=En%20Puerto%20Ays%C3%A9n%20desarrollan%20cursos%20de%20compostaje%20y%20vermicompostaje%20inclusivos%20con%20agrupaci%C3%B3n%20Visi%C3%B3n%20de%20Futuro&#038;body=https:\/\/radiorevelacionfm.cl\/?p=37022' aria-hidden='false' data-av_icon='\ue805' data-av_iconfont='entypo-fontello' title='' data-avia-related-tooltip='Compartir por correo'><span class='avia_hidden_link_text'>Compartir por correo<\/span><\/a><\/li><\/ul><\/div><\/div>\n<div  style='height:50px' class='hr hr-invisible   avia-builder-el-8  el_after_av_social_share  el_before_av_comments_list '><span class='hr-inner ' ><span class='hr-inner-style'><\/span><\/span><\/div>\n<div  class='av-buildercomment  av-blog-meta-html-info-disabled av-blog-meta-tag-disabled  '><\/div>\n","protected":false},"excerpt":{"rendered":"","protected":false},"author":1,"featured_media":37023,"comment_status":"open","ping_status":"open","sticky":false,"template":"","format":"standard","meta":{"footnotes":""},"categories":[38],"tags":[],"class_list":["post-37022","post","type-post","status-publish","format-standard","has-post-thumbnail","hentry","category-regional"],"jetpack_featured_media_url":"https:\/\/radiorevelacionfm.cl\/wp-content\/uploads\/2023\/11\/img-cursoVisionfuturo-BH2-1-1.jpg","_links":{"self":[{"href":"https:\/\/radiorevelacionfm.cl\/index.php?rest_route=\/wp\/v2\/posts\/37022","targetHints":{"allow":["GET"]}}],"collection":[{"href":"https:\/\/radiorevelacionfm.cl\/index.php?rest_route=\/wp\/v2\/posts"}],"about":[{"href":"https:\/\/radiorevelacionfm.cl\/index.php?rest_route=\/wp\/v2\/types\/post"}],"author":[{"embeddable":true,"href":"https:\/\/radiorevelacionfm.cl\/index.php?rest_route=\/wp\/v2\/users\/1"}],"replies":[{"embeddable":true,"href":"https:\/\/radiorevelacionfm.cl\/index.php?rest_route=%2Fwp%2Fv2%2Fcomments&post=37022"}],"version-history":[{"count":1,"href":"https:\/\/radiorevelacionfm.cl\/index.php?rest_route=\/wp\/v2\/posts\/37022\/revisions"}],"predecessor-version":[{"id":37024,"href":"https:\/\/radiorevelacionfm.cl\/index.php?rest_route=\/wp\/v2\/posts\/37022\/revisions\/37024"}],"wp:featuredmedia":[{"embeddable":true,"href":"https:\/\/radiorevelacionfm.cl\/index.php?rest_route=\/wp\/v2\/media\/37023"}],"wp:attachment":[{"href":"https:\/\/radiorevelacionfm.cl\/index.php?rest_route=%2Fwp%2Fv2%2Fmedia&parent=37022"}],"wp:term":[{"taxonomy":"category","embeddable":true,"href":"https:\/\/radiorevelacionfm.cl\/index.php?rest_route=%2Fwp%2Fv2%2Fcategories&post=37022"},{"taxonomy":"post_tag","embeddable":true,"href":"https:\/\/radiorevelacionfm.cl\/index.php?rest_route=%2Fwp%2Fv2%2Ftags&post=37022"}],"curies":[{"name":"wp","href":"https:\/\/api.w.org\/{rel}","templated":true}]}}