{"id":37019,"date":"2023-11-16T20:26:24","date_gmt":"2023-11-16T23:26:24","guid":{"rendered":"https:\/\/radiorevelacionfm.cl\/?p=37019"},"modified":"2023-11-16T20:26:24","modified_gmt":"2023-11-16T23:26:24","slug":"camara-de-comercio-de-puerto-aysen-celebra-su-cuadragesimo-aniversario","status":"publish","type":"post","link":"https:\/\/radiorevelacionfm.cl\/?p=37019","title":{"rendered":"C\u00e1mara de Comercio de Puerto Ays\u00e9n celebra su cuadrag\u00e9simo aniversario"},"content":{"rendered":"<div class=\"flex_column av_one_full  flex_column_div av-zero-column-padding first  avia-builder-el-0  el_before_av_one_full  avia-builder-el-first  \" style='border-radius:0px; '><div  class='avia-image-container  av-styling-    avia-builder-el-1  avia-builder-el-no-sibling  avia-align-center '  itemprop=\"image\" itemscope=\"itemscope\" itemtype=\"https:\/\/schema.org\/ImageObject\"  ><div class='avia-image-container-inner'><div class='avia-image-overlay-wrap'><img decoding=\"async\" class='wp-image-37020 avia-img-lazy-loading-not-37020 avia_image' src=\"https:\/\/radiorevelacionfm.cl\/wp-content\/uploads\/2023\/11\/camara-de-comercio-3_optimized-1.jpeg\" alt='' title='c\u00e1mara-de-comercio-3_optimized (1)' height=\"600\" width=\"1065\"  itemprop=\"thumbnailUrl\" srcset=\"https:\/\/radiorevelacionfm.cl\/wp-content\/uploads\/2023\/11\/camara-de-comercio-3_optimized-1.jpeg 1065w, https:\/\/radiorevelacionfm.cl\/wp-content\/uploads\/2023\/11\/camara-de-comercio-3_optimized-1-300x169.jpeg 300w, https:\/\/radiorevelacionfm.cl\/wp-content\/uploads\/2023\/11\/camara-de-comercio-3_optimized-1-1030x580.jpeg 1030w, https:\/\/radiorevelacionfm.cl\/wp-content\/uploads\/2023\/11\/camara-de-comercio-3_optimized-1-768x433.jpeg 768w, https:\/\/radiorevelacionfm.cl\/wp-content\/uploads\/2023\/11\/camara-de-comercio-3_optimized-1-705x397.jpeg 705w, https:\/\/radiorevelacionfm.cl\/wp-content\/uploads\/2023\/11\/camara-de-comercio-3_optimized-1-450x254.jpeg 450w, https:\/\/radiorevelacionfm.cl\/wp-content\/uploads\/2023\/11\/camara-de-comercio-3_optimized-1-600x338.jpeg 600w\" sizes=\"(max-width: 1065px) 100vw, 1065px\" \/><\/div><\/div><\/div><\/div><div class=\"flex_column av_one_full  flex_column_div av-zero-column-padding first  avia-builder-el-2  el_after_av_one_full  el_before_av_one_full  column-top-margin\" style='border-radius:0px; '><section class=\"av_textblock_section \"  itemscope=\"itemscope\" itemtype=\"https:\/\/schema.org\/BlogPosting\" itemprop=\"blogPost\" ><div class='avia_textblock  '   itemprop=\"text\" ><p style=\"text-align: center;\"><strong><span style=\"font-size: 18pt;\">C\u00e1mara de Comercio de Puerto Ays\u00e9n celebra su cuadrag\u00e9simo aniversario<\/span><\/strong><\/p>\n<div id=\"gtx-trans\" style=\"position: absolute; left: -50px; top: 4.31534px;\">\n<div class=\"gtx-trans-icon\"><\/div>\n<\/div>\n<\/div><\/section><\/div><div class=\"flex_column av_one_full  flex_column_div av-zero-column-padding first  avia-builder-el-4  el_after_av_one_full  el_before_av_hr  column-top-margin\" style='border-radius:0px; '><section class=\"av_textblock_section \"  itemscope=\"itemscope\" itemtype=\"https:\/\/schema.org\/BlogPosting\" itemprop=\"blogPost\" ><div class='avia_textblock  '   itemprop=\"text\" ><p style=\"text-align: justify;\">En una honrosa ceremonia y la inauguraci\u00f3n de encendido de luces en la calle Sargento Aldea se celebraron los 40 a\u00f1os de la creaci\u00f3n de la C\u00e1mara de Comercio de Puerto Ays\u00e9n.<\/p>\n<p style=\"text-align: justify;\">En esta oportunidad la celebraci\u00f3n se dividi\u00f3 en dos partes, primeramente, en la ma\u00f1ana en la Casa de la Cultura con varias autoridades como el Seremi del Trabajo Rodrigo D\u00edaz, el Alcalde de Ays\u00e9n, Julio Uribe Alvarado y los saludos asincr\u00f3nicos de la Gobernadora Regional, Andrea Mas\u00edas Palma, y el Seremi de Econom\u00eda Felipe Rojas.<\/p>\n<p style=\"text-align: justify;\">El segundo momento fue en las dependencias de la biblioteca p\u00fablica, en una ceremonia con presentaci\u00f3n de la orquesta sinf\u00f3nica Colegio Ra\u00fal Broussain Campino y el encendido oficial de luces en la calle Sargento Aldea, esto al ser el punto \u00e1lgido del comercio puertoaysenino.<\/p>\n<p style=\"text-align: justify;\">Claudia Andrade, presidenta de la C\u00e1mara de Comercio, demostr\u00f3 su conformidad con la celebraci\u00f3n honrosa, \u201chemos contado con la distinguida presencia de autoridades regionales y comunales, con la presencia de varios fundadores y socios actuales, igual nos encantamos con la actuaci\u00f3n de la Banda Instrumental de Carabineros, as\u00ed que quedamos muy contentos con el trabajo de la directiva\u201d.<\/p>\n<p style=\"text-align: justify;\">La presidenta tambi\u00e9n hace un llamado a seguir avanzando en el comercio local y espera que sigan trabajando con cada vez m\u00e1s comerciantes.<\/p>\n<p style=\"text-align: justify;\">El Alcalde Uribe dio su sincero saludo a la directiva, invitados y antiguos comerciantes, adem\u00e1s de dar declaraciones de su compromiso con el comercio y el turismo comunal.<\/p>\n<p style=\"text-align: justify;\">\u201cSe ha estado trabajando con las nuevas directivas de las c\u00e1maras de comercio y de turismo de muy buena forma y queremos seguir aportando as\u00ed. Tambi\u00e9n le dimos un \u201cbarniz\u201d a toda la cantidad de recursos que se mueven a trav\u00e9s de proyectos del municipio, que tambi\u00e9n vienen a favorecer al comercio y a mejorar la infraestructura, que para nosotros es lo importante tener un equipamiento acorde con la modernidad y el desarrollo de nuestra comuna\u201d, coment\u00f3 el Edil.<\/p>\n<p style=\"text-align: justify;\">Igualmente, se dieron instancias emotivas en la celebraci\u00f3n, como en el discurso de Eduardo Laibe, que record\u00f3 los tiempos de los inicios de la c\u00e1mara, tanto los mejores momentos como los m\u00e1s complicados para el gremio.<\/p>\n<p style=\"text-align: justify;\">Walter Gillibrand, comerciante fundador de la C\u00e1mara dio de su impresi\u00f3n de la ceremonia, \u201cson lindos recuerdos los de esa \u00e9poca, de como logramos que el comercio sea un pilar de la ciudad, pero de repente la gente no sabe el trabajo y el esfuerzo que tiene un comerciante, es una vida. Por eso una oportunidad es tan linda, es un momento para recordar, pero tambi\u00e9n ver a una nueva generaci\u00f3n de comerciantes con tanto entusiasmo a uno lo llena de orgullo\u201d.<\/p>\n<p style=\"text-align: justify;\">Finalmente, al t\u00e9rmino de la ceremonia se dio un momento de camarader\u00eda, instancia en la que los invitados pudieron compartir an\u00e9cdotas. En cuanto a las luces, estas iluminar\u00e1n el centro de Puerto Ays\u00e9n todo el periodo de noviembre y diciembre para dar vida hasta tarde al barrio comercial.<\/p>\n<\/div><\/section><\/div><div  style='height:50px' class='hr hr-invisible   avia-builder-el-6  el_after_av_one_full  el_before_av_social_share '><span class='hr-inner ' ><span class='hr-inner-style'><\/span><\/span><\/div><\/p>\n<div  class='av-social-sharing-box  avia-builder-el-7  el_after_av_hr  el_before_av_hr  '><div class='av-share-box'><h5 class='av-share-link-description av-no-toc '>Compartir esta noticia<\/h5><ul class='av-share-box-list noLightbox'><li class='av-share-link av-social-link-facebook' ><a target=\"_blank\" aria-label=\"Compartir en Facebook\" href='https:\/\/www.facebook.com\/sharer.php?u=https:\/\/radiorevelacionfm.cl\/?p=37019&#038;t=C%C3%A1mara%20de%20Comercio%20de%20Puerto%20Ays%C3%A9n%20celebra%20su%20cuadrag%C3%A9simo%20aniversario' aria-hidden='false' data-av_icon='\ue8f3' data-av_iconfont='entypo-fontello' title='' data-avia-related-tooltip='Compartir en Facebook' rel=\"noopener\"><span class='avia_hidden_link_text'>Compartir en Facebook<\/span><\/a><\/li><li class='av-share-link av-social-link-twitter' ><a target=\"_blank\" aria-label=\"Compartir en Twitter\" href='https:\/\/twitter.com\/share?text=C%C3%A1mara%20de%20Comercio%20de%20Puerto%20Ays%C3%A9n%20celebra%20su%20cuadrag%C3%A9simo%20aniversario&#038;url=https:\/\/radiorevelacionfm.cl\/?p=37019' aria-hidden='false' data-av_icon='\ue8f1' data-av_iconfont='entypo-fontello' title='' data-avia-related-tooltip='Compartir en Twitter' rel=\"noopener\"><span class='avia_hidden_link_text'>Compartir en Twitter<\/span><\/a><\/li><li class='av-share-link av-social-link-whatsapp' ><a target=\"_blank\" aria-label=\"Compartir en Whatsapp\" href='https:\/\/api.whatsapp.com\/send?text=https:\/\/radiorevelacionfm.cl\/?p=37019' aria-hidden='false' data-av_icon='\uf232' data-av_iconfont='entypo-fontello' title='' data-avia-related-tooltip='Compartir en Whatsapp' rel=\"noopener\"><span class='avia_hidden_link_text'>Compartir en Whatsapp<\/span><\/a><\/li><li class='av-share-link av-social-link-linkedin' ><a target=\"_blank\" aria-label=\"Compartir en LinkedIn\" href='https:\/\/linkedin.com\/shareArticle?mini=true&#038;title=C%C3%A1mara%20de%20Comercio%20de%20Puerto%20Ays%C3%A9n%20celebra%20su%20cuadrag%C3%A9simo%20aniversario&#038;url=https:\/\/radiorevelacionfm.cl\/?p=37019' aria-hidden='false' data-av_icon='\ue8fc' data-av_iconfont='entypo-fontello' title='' data-avia-related-tooltip='Compartir en LinkedIn' rel=\"noopener\"><span class='avia_hidden_link_text'>Compartir en LinkedIn<\/span><\/a><\/li><li class='av-share-link av-social-link-mail' ><a  aria-label=\"Compartir por correo\" href='mailto:?subject=C%C3%A1mara%20de%20Comercio%20de%20Puerto%20Ays%C3%A9n%20celebra%20su%20cuadrag%C3%A9simo%20aniversario&#038;body=https:\/\/radiorevelacionfm.cl\/?p=37019' aria-hidden='false' data-av_icon='\ue805' data-av_iconfont='entypo-fontello' title='' data-avia-related-tooltip='Compartir por correo'><span class='avia_hidden_link_text'>Compartir por correo<\/span><\/a><\/li><\/ul><\/div><\/div>\n<div  style='height:50px' class='hr hr-invisible   avia-builder-el-8  el_after_av_social_share  el_before_av_comments_list '><span class='hr-inner ' ><span class='hr-inner-style'><\/span><\/span><\/div>\n<div  class='av-buildercomment  av-blog-meta-html-info-disabled av-blog-meta-tag-disabled  '><\/div>\n","protected":false},"excerpt":{"rendered":"","protected":false},"author":1,"featured_media":37020,"comment_status":"open","ping_status":"open","sticky":false,"template":"","format":"standard","meta":{"footnotes":""},"categories":[38],"tags":[],"class_list":["post-37019","post","type-post","status-publish","format-standard","has-post-thumbnail","hentry","category-regional"],"jetpack_featured_media_url":"https:\/\/radiorevelacionfm.cl\/wp-content\/uploads\/2023\/11\/camara-de-comercio-3_optimized-1.jpeg","_links":{"self":[{"href":"https:\/\/radiorevelacionfm.cl\/index.php?rest_route=\/wp\/v2\/posts\/37019","targetHints":{"allow":["GET"]}}],"collection":[{"href":"https:\/\/radiorevelacionfm.cl\/index.php?rest_route=\/wp\/v2\/posts"}],"about":[{"href":"https:\/\/radiorevelacionfm.cl\/index.php?rest_route=\/wp\/v2\/types\/post"}],"author":[{"embeddable":true,"href":"https:\/\/radiorevelacionfm.cl\/index.php?rest_route=\/wp\/v2\/users\/1"}],"replies":[{"embeddable":true,"href":"https:\/\/radiorevelacionfm.cl\/index.php?rest_route=%2Fwp%2Fv2%2Fcomments&post=37019"}],"version-history":[{"count":1,"href":"https:\/\/radiorevelacionfm.cl\/index.php?rest_route=\/wp\/v2\/posts\/37019\/revisions"}],"predecessor-version":[{"id":37021,"href":"https:\/\/radiorevelacionfm.cl\/index.php?rest_route=\/wp\/v2\/posts\/37019\/revisions\/37021"}],"wp:featuredmedia":[{"embeddable":true,"href":"https:\/\/radiorevelacionfm.cl\/index.php?rest_route=\/wp\/v2\/media\/37020"}],"wp:attachment":[{"href":"https:\/\/radiorevelacionfm.cl\/index.php?rest_route=%2Fwp%2Fv2%2Fmedia&parent=37019"}],"wp:term":[{"taxonomy":"category","embeddable":true,"href":"https:\/\/radiorevelacionfm.cl\/index.php?rest_route=%2Fwp%2Fv2%2Fcategories&post=37019"},{"taxonomy":"post_tag","embeddable":true,"href":"https:\/\/radiorevelacionfm.cl\/index.php?rest_route=%2Fwp%2Fv2%2Ftags&post=37019"}],"curies":[{"name":"wp","href":"https:\/\/api.w.org\/{rel}","templated":true}]}}