{"id":37016,"date":"2023-11-16T12:33:12","date_gmt":"2023-11-16T15:33:12","guid":{"rendered":"https:\/\/radiorevelacionfm.cl\/?p=37016"},"modified":"2023-11-16T12:33:12","modified_gmt":"2023-11-16T15:33:12","slug":"orquesta-de-camara-de-chile-ofrecera-cuatro-conciertos-y-dos-clases-magistrales-en-region-de-aysen","status":"publish","type":"post","link":"https:\/\/radiorevelacionfm.cl\/?p=37016","title":{"rendered":"Orquesta de C\u00e1mara de Chile ofrecer\u00e1 cuatro conciertos y dos clases magistrales en Regi\u00f3n de Ays\u00e9n"},"content":{"rendered":"<div class=\"flex_column av_one_full  flex_column_div av-zero-column-padding first  avia-builder-el-0  el_before_av_one_full  avia-builder-el-first  \" style='border-radius:0px; '><div  class='avia-image-container  av-styling-    avia-builder-el-1  avia-builder-el-no-sibling  avia-align-center '  itemprop=\"image\" itemscope=\"itemscope\" itemtype=\"https:\/\/schema.org\/ImageObject\"  ><div class='avia-image-container-inner'><div class='avia-image-overlay-wrap'><img decoding=\"async\" class='wp-image-37017 avia-img-lazy-loading-not-37017 avia_image' src=\"https:\/\/radiorevelacionfm.cl\/wp-content\/uploads\/2023\/11\/Aysen-occh-2017-1.jpg\" alt='' title='Ays\u00e9n occh 2017 (1)' height=\"600\" width=\"800\"  itemprop=\"thumbnailUrl\" srcset=\"https:\/\/radiorevelacionfm.cl\/wp-content\/uploads\/2023\/11\/Aysen-occh-2017-1.jpg 800w, https:\/\/radiorevelacionfm.cl\/wp-content\/uploads\/2023\/11\/Aysen-occh-2017-1-300x225.jpg 300w, https:\/\/radiorevelacionfm.cl\/wp-content\/uploads\/2023\/11\/Aysen-occh-2017-1-768x576.jpg 768w, https:\/\/radiorevelacionfm.cl\/wp-content\/uploads\/2023\/11\/Aysen-occh-2017-1-705x529.jpg 705w, https:\/\/radiorevelacionfm.cl\/wp-content\/uploads\/2023\/11\/Aysen-occh-2017-1-450x338.jpg 450w, https:\/\/radiorevelacionfm.cl\/wp-content\/uploads\/2023\/11\/Aysen-occh-2017-1-600x450.jpg 600w\" sizes=\"(max-width: 800px) 100vw, 800px\" \/><\/div><\/div><\/div><\/div><div class=\"flex_column av_one_full  flex_column_div av-zero-column-padding first  avia-builder-el-2  el_after_av_one_full  el_before_av_one_full  column-top-margin\" style='border-radius:0px; '><section class=\"av_textblock_section \"  itemscope=\"itemscope\" itemtype=\"https:\/\/schema.org\/BlogPosting\" itemprop=\"blogPost\" ><div class='avia_textblock  '   itemprop=\"text\" ><p style=\"text-align: center;\"><span style=\"font-size: 18pt;\"><b>Orquesta de C\u00e1mara de Chile ofrecer\u00e1 cuatro conciertos y dos clases magistrales en Regi\u00f3n de Ays\u00e9n<\/b>\u00a0<\/span><\/p>\n<div id=\"gtx-trans\" style=\"position: absolute; left: -50px; top: 4.31534px;\">\n<div class=\"gtx-trans-icon\"><\/div>\n<\/div>\n<\/div><\/section><\/div><div class=\"flex_column av_one_full  flex_column_div av-zero-column-padding first  avia-builder-el-4  el_after_av_one_full  el_before_av_hr  column-top-margin\" style='border-radius:0px; '><section class=\"av_textblock_section \"  itemscope=\"itemscope\" itemtype=\"https:\/\/schema.org\/BlogPosting\" itemprop=\"blogPost\" ><div class='avia_textblock  '   itemprop=\"text\" ><p style=\"text-align: justify;\"><em>El elenco estatal regresa a la regi\u00f3n austral despu\u00e9s de 6 a\u00f1os, para presentarse entre el 21 y 24 de noviembre, en Puerto Ays\u00e9n, Puerto Cisnes, Villa Ma\u00f1ihuales y Coyhaique, adem\u00e1s de dos jornadas de formaci\u00f3n para ni\u00f1as, ni\u00f1os y j\u00f3venes.\u00a0<\/em><\/p>\n<p style=\"text-align: justify;\">La nueva gira itinerante programada\u00a0por la Orquesta de C\u00e1mara de Chile (OCCh), elenco estable del Ministerio de las Culturas, las Artes y el Patrimonio, recorrer\u00e1 por tierra, durante cinco d\u00edas, unos 600 kil\u00f3metros de caminos por la Regi\u00f3n de Ays\u00e9n para presentarse en las comunas de Puerto Ays\u00e9n, Puerto Cisnes, Villa Ma\u00f1ihuales y Coyhaique.<\/p>\n<p style=\"text-align: justify;\">No ha sido un tema menor la log\u00edstica\u00a0que ha debido enfrentar el equipo del programa Conjuntos Art\u00edsticos Estables del Departamento Ciudadan\u00eda Cultural, bajo cuyo alero funciona la OCCh. La distancia que deber\u00e1n recorrer\u00a0los implementos necesarios para la gira, supera los 2 mil kil\u00f3metros, ya que deben ser trasladados en cami\u00f3n desde Santiago hasta la Regi\u00f3n de Los Lagos, embarcarse en Puerto Montt, retomar la ruta terrestre en Chait\u00e9n, para finalmente reunirse con el\u00a0elenco en Puerto Ays\u00e9n. M\u00e1s tarde, corresponder\u00e1 el retorno<\/p>\n<p style=\"text-align: justify;\">El director de la Orquesta de C\u00e1mara de Chile, maestro Emmanuel Siffer, manifest\u00f3 que \u201cestamos muy contentos de poder llegar con nuestra m\u00fasica a rincones tan aislados y entregar nuestro trabajo a comunidades que no tienen la posibilidad de escuchar este tipo de repertorios. En lo personal, es la primera vez que estar\u00e9 tan al sur del planeta, espero que sea una bonita gira\u201d.<\/p>\n<p style=\"text-align: justify;\"><b>Homenaje a V\u00edctor Jara<\/b><\/p>\n<p style=\"text-align: justify;\">La versi\u00f3n sinf\u00f3nica de la canci\u00f3n \u201cEl derecho de vivir en Paz\u201d, escrita por V\u00edctor Jara, es la sorpresa y homenaje al cantautor nacional que el director junto a las m\u00fasicas y m\u00fasicos, han preparado con motivo de la conmemoraci\u00f3n de los 50 a\u00f1os del Golpe militar y del cruel asesinato del artista chileno. Los arreglos orquestales de la obra los realiz\u00f3 Julio Retamal, violinista integrante del elenco.<\/p>\n<p style=\"text-align: justify;\">El concierto abrir\u00e1 con el Scherzo en Re menor del ruso Sergei Rachmaninoff,\u00a0La trama sagrada del chileno Sergio Berchenko, Una canci\u00f3n antes del amanecer del ingl\u00e9s Frederick Delius y la Sinfon\u00eda en La mayor del franc\u00e9s Camille Saint-Sa\u00ebns.<\/p>\n<p style=\"text-align: justify;\">Tal como se realiza en cada una de las giras regionales de la OCCh, se han agendado actividades formativas con ni\u00f1as, ni\u00f1os y j\u00f3venes que integran orquestas y agrupaciones musicales de Puerto Ays\u00e9n y Coyhaique, quienes recibir\u00e1n clases maestras a cargo de las y los m\u00fasicos de la orquesta.<\/p>\n<p style=\"text-align: justify;\">Las presentaciones, todas con entrada liberada, se realizar\u00e1n el martes 21 de noviembre, a las 19.00 horas, en el Gimnasio IND de Puerto Ays\u00e9n; el mi\u00e9rcoles 22 de noviembre, a las 19.00 horas, en el Gimnasio Municipal de Puerto Cisnes; el jueves 23 de noviembre, a las 12.00 horas, en el Gimnasio Municipal de Villa Ma\u00f1ihuales, y el viernes 24 de noviembre, a las 20.00 horas, en la Catedral de Coyhaique.<\/p>\n<\/div><\/section><\/div><div  style='height:50px' class='hr hr-invisible   avia-builder-el-6  el_after_av_one_full  el_before_av_social_share '><span class='hr-inner ' ><span class='hr-inner-style'><\/span><\/span><\/div><\/p>\n<div  class='av-social-sharing-box  avia-builder-el-7  el_after_av_hr  el_before_av_hr  '><div class='av-share-box'><h5 class='av-share-link-description av-no-toc '>Compartir esta noticia<\/h5><ul class='av-share-box-list noLightbox'><li class='av-share-link av-social-link-facebook' ><a target=\"_blank\" aria-label=\"Compartir en Facebook\" href='https:\/\/www.facebook.com\/sharer.php?u=https:\/\/radiorevelacionfm.cl\/?p=37016&#038;t=Orquesta%20de%20C%C3%A1mara%20de%20Chile%20ofrecer%C3%A1%20cuatro%20conciertos%20y%20dos%20clases%20magistrales%20en%20Regi%C3%B3n%20de%20Ays%C3%A9n' aria-hidden='false' data-av_icon='\ue8f3' data-av_iconfont='entypo-fontello' title='' data-avia-related-tooltip='Compartir en Facebook' rel=\"noopener\"><span class='avia_hidden_link_text'>Compartir en Facebook<\/span><\/a><\/li><li class='av-share-link av-social-link-twitter' ><a target=\"_blank\" aria-label=\"Compartir en Twitter\" href='https:\/\/twitter.com\/share?text=Orquesta%20de%20C%C3%A1mara%20de%20Chile%20ofrecer%C3%A1%20cuatro%20conciertos%20y%20dos%20clases%20magistrales%20en%20Regi%C3%B3n%20de%20Ays%C3%A9n&#038;url=https:\/\/radiorevelacionfm.cl\/?p=37016' aria-hidden='false' data-av_icon='\ue8f1' data-av_iconfont='entypo-fontello' title='' data-avia-related-tooltip='Compartir en Twitter' rel=\"noopener\"><span class='avia_hidden_link_text'>Compartir en Twitter<\/span><\/a><\/li><li class='av-share-link av-social-link-whatsapp' ><a target=\"_blank\" aria-label=\"Compartir en Whatsapp\" href='https:\/\/api.whatsapp.com\/send?text=https:\/\/radiorevelacionfm.cl\/?p=37016' aria-hidden='false' data-av_icon='\uf232' data-av_iconfont='entypo-fontello' title='' data-avia-related-tooltip='Compartir en Whatsapp' rel=\"noopener\"><span class='avia_hidden_link_text'>Compartir en Whatsapp<\/span><\/a><\/li><li class='av-share-link av-social-link-linkedin' ><a target=\"_blank\" aria-label=\"Compartir en LinkedIn\" href='https:\/\/linkedin.com\/shareArticle?mini=true&#038;title=Orquesta%20de%20C%C3%A1mara%20de%20Chile%20ofrecer%C3%A1%20cuatro%20conciertos%20y%20dos%20clases%20magistrales%20en%20Regi%C3%B3n%20de%20Ays%C3%A9n&#038;url=https:\/\/radiorevelacionfm.cl\/?p=37016' aria-hidden='false' data-av_icon='\ue8fc' data-av_iconfont='entypo-fontello' title='' data-avia-related-tooltip='Compartir en LinkedIn' rel=\"noopener\"><span class='avia_hidden_link_text'>Compartir en LinkedIn<\/span><\/a><\/li><li class='av-share-link av-social-link-mail' ><a  aria-label=\"Compartir por correo\" href='mailto:?subject=Orquesta%20de%20C%C3%A1mara%20de%20Chile%20ofrecer%C3%A1%20cuatro%20conciertos%20y%20dos%20clases%20magistrales%20en%20Regi%C3%B3n%20de%20Ays%C3%A9n&#038;body=https:\/\/radiorevelacionfm.cl\/?p=37016' aria-hidden='false' data-av_icon='\ue805' data-av_iconfont='entypo-fontello' title='' data-avia-related-tooltip='Compartir por correo'><span class='avia_hidden_link_text'>Compartir por correo<\/span><\/a><\/li><\/ul><\/div><\/div>\n<div  style='height:50px' class='hr hr-invisible   avia-builder-el-8  el_after_av_social_share  el_before_av_comments_list '><span class='hr-inner ' ><span class='hr-inner-style'><\/span><\/span><\/div>\n<div  class='av-buildercomment  av-blog-meta-html-info-disabled av-blog-meta-tag-disabled  '><\/div>\n","protected":false},"excerpt":{"rendered":"","protected":false},"author":1,"featured_media":37017,"comment_status":"open","ping_status":"open","sticky":false,"template":"","format":"standard","meta":{"footnotes":""},"categories":[52],"tags":[],"class_list":["post-37016","post","type-post","status-publish","format-standard","has-post-thumbnail","hentry","category-cultura"],"jetpack_featured_media_url":"https:\/\/radiorevelacionfm.cl\/wp-content\/uploads\/2023\/11\/Aysen-occh-2017-1.jpg","_links":{"self":[{"href":"https:\/\/radiorevelacionfm.cl\/index.php?rest_route=\/wp\/v2\/posts\/37016","targetHints":{"allow":["GET"]}}],"collection":[{"href":"https:\/\/radiorevelacionfm.cl\/index.php?rest_route=\/wp\/v2\/posts"}],"about":[{"href":"https:\/\/radiorevelacionfm.cl\/index.php?rest_route=\/wp\/v2\/types\/post"}],"author":[{"embeddable":true,"href":"https:\/\/radiorevelacionfm.cl\/index.php?rest_route=\/wp\/v2\/users\/1"}],"replies":[{"embeddable":true,"href":"https:\/\/radiorevelacionfm.cl\/index.php?rest_route=%2Fwp%2Fv2%2Fcomments&post=37016"}],"version-history":[{"count":1,"href":"https:\/\/radiorevelacionfm.cl\/index.php?rest_route=\/wp\/v2\/posts\/37016\/revisions"}],"predecessor-version":[{"id":37018,"href":"https:\/\/radiorevelacionfm.cl\/index.php?rest_route=\/wp\/v2\/posts\/37016\/revisions\/37018"}],"wp:featuredmedia":[{"embeddable":true,"href":"https:\/\/radiorevelacionfm.cl\/index.php?rest_route=\/wp\/v2\/media\/37017"}],"wp:attachment":[{"href":"https:\/\/radiorevelacionfm.cl\/index.php?rest_route=%2Fwp%2Fv2%2Fmedia&parent=37016"}],"wp:term":[{"taxonomy":"category","embeddable":true,"href":"https:\/\/radiorevelacionfm.cl\/index.php?rest_route=%2Fwp%2Fv2%2Fcategories&post=37016"},{"taxonomy":"post_tag","embeddable":true,"href":"https:\/\/radiorevelacionfm.cl\/index.php?rest_route=%2Fwp%2Fv2%2Ftags&post=37016"}],"curies":[{"name":"wp","href":"https:\/\/api.w.org\/{rel}","templated":true}]}}