{"id":37013,"date":"2023-11-16T10:53:50","date_gmt":"2023-11-16T13:53:50","guid":{"rendered":"https:\/\/radiorevelacionfm.cl\/?p=37013"},"modified":"2023-11-16T10:53:50","modified_gmt":"2023-11-16T13:53:50","slug":"los-hongos-de-aysen-estuvieron-presentes-en-importante-festival-naturalista","status":"publish","type":"post","link":"https:\/\/radiorevelacionfm.cl\/?p=37013","title":{"rendered":"Los Hongos de Ays\u00e9n estuvieron presentes en importante Festival Naturalista"},"content":{"rendered":"<div class=\"flex_column av_one_full  flex_column_div av-zero-column-padding first  avia-builder-el-0  el_before_av_one_full  avia-builder-el-first  \" style='border-radius:0px; '><div  class='avia-image-container  av-styling-    avia-builder-el-1  avia-builder-el-no-sibling  avia-align-center '  itemprop=\"image\" itemscope=\"itemscope\" itemtype=\"https:\/\/schema.org\/ImageObject\"  ><div class='avia-image-container-inner'><div class='avia-image-overlay-wrap'><img decoding=\"async\" class='wp-image-37014 avia-img-lazy-loading-not-37014 avia_image' src=\"https:\/\/radiorevelacionfm.cl\/wp-content\/uploads\/2023\/11\/whatsapp-image-2023-11-15-at-19_optimized.46.32-1-1-1.jpeg\" alt='' title='whatsapp-image-2023-11-15-at-19_optimized.46.32-(1)-(1) (1)' height=\"600\" width=\"800\"  itemprop=\"thumbnailUrl\" srcset=\"https:\/\/radiorevelacionfm.cl\/wp-content\/uploads\/2023\/11\/whatsapp-image-2023-11-15-at-19_optimized.46.32-1-1-1.jpeg 800w, https:\/\/radiorevelacionfm.cl\/wp-content\/uploads\/2023\/11\/whatsapp-image-2023-11-15-at-19_optimized.46.32-1-1-1-300x225.jpeg 300w, https:\/\/radiorevelacionfm.cl\/wp-content\/uploads\/2023\/11\/whatsapp-image-2023-11-15-at-19_optimized.46.32-1-1-1-768x576.jpeg 768w, https:\/\/radiorevelacionfm.cl\/wp-content\/uploads\/2023\/11\/whatsapp-image-2023-11-15-at-19_optimized.46.32-1-1-1-705x529.jpeg 705w, https:\/\/radiorevelacionfm.cl\/wp-content\/uploads\/2023\/11\/whatsapp-image-2023-11-15-at-19_optimized.46.32-1-1-1-450x338.jpeg 450w, https:\/\/radiorevelacionfm.cl\/wp-content\/uploads\/2023\/11\/whatsapp-image-2023-11-15-at-19_optimized.46.32-1-1-1-600x450.jpeg 600w\" sizes=\"(max-width: 800px) 100vw, 800px\" \/><\/div><\/div><\/div><\/div><div class=\"flex_column av_one_full  flex_column_div av-zero-column-padding first  avia-builder-el-2  el_after_av_one_full  el_before_av_one_full  column-top-margin\" style='border-radius:0px; '><section class=\"av_textblock_section \"  itemscope=\"itemscope\" itemtype=\"https:\/\/schema.org\/BlogPosting\" itemprop=\"blogPost\" ><div class='avia_textblock  '   itemprop=\"text\" ><p style=\"text-align: center;\"><strong><span style=\"font-size: 18pt;\">Los Hongos de Ays\u00e9n estuvieron presentes en importante Festival Naturalista<\/span><\/strong><\/p>\n<div id=\"gtx-trans\" style=\"position: absolute; left: -50px; top: 4.31534px;\">\n<div class=\"gtx-trans-icon\"><\/div>\n<\/div>\n<\/div><\/section><\/div><div class=\"flex_column av_one_full  flex_column_div av-zero-column-padding first  avia-builder-el-4  el_after_av_one_full  el_before_av_hr  column-top-margin\" style='border-radius:0px; '><section class=\"av_textblock_section \"  itemscope=\"itemscope\" itemtype=\"https:\/\/schema.org\/BlogPosting\" itemprop=\"blogPost\" ><div class='avia_textblock  '   itemprop=\"text\" ><p style=\"text-align: justify;\">El pasado fin de semana en Santiago se celebr\u00f3 el Ladura Sur Fest, instancia que reuni\u00f3 a destacados exponentes nacionales e internacionales en la ciudad de Santiago para exponer y conversar sobre el conocimiento y conservaci\u00f3n de los ecosistemas nacionales.<\/p>\n<p style=\"text-align: justify;\">M\u00e1s de 15 mil personas asistieron a las actividades que se desarrollaron para todas las edades en los tres d\u00edas que dur\u00f3 el festival, en el Parque Santa Rosa de Apoquindo en la comuna de Las Condes. Desde Ays\u00e9n se invit\u00f3 a Dinelly Soto, periodista, recolectora y divulgadora cient\u00edfica especializada en el Reino Fungi quien expuso sobre el \u201cMicoturismo\u201d, que desarrolla en la Regi\u00f3n de Ays\u00e9n.<\/p>\n<p style=\"text-align: justify;\">\u201cEstoy muy feliz por la invitaci\u00f3n y poder hablar sobre nuestra regi\u00f3n, con nuevas formas de turismo que se basan en organismos tan sorprendentes como lo son los hongos. La gente realmente muestra mucho inter\u00e9s por este Reino y actividades en torno a ellos, por lo que posicionar Ays\u00e9n en estos festivales es de suma relevancia para realizar un turismo consiente e informado. Si bien existen especies comestibles con alto valor gastron\u00f3mico, como la Morilla del g\u00e9nero<em> Morchella<\/em>, tambi\u00e9n hay especies que resultan nocivas que pueden incluso matarnos sino sabemos reconocerlas de la forma correcta. Es un trabajo hermoso, pero tambi\u00e9n una tremenda responsabilidad que requiere mucho estudio\u201d, enfatiz\u00f3 Dinelly Soto.<\/p>\n<p style=\"text-align: justify;\">Sobre la realizaci\u00f3n del festival Fundador y director general de la plataforma Ladera Sur Mar\u00edn del R\u00edo, destac\u00f3, \u201cnecesitamos estos festivales porque es una tremenda forma de llegar con nuestro mensaje a un p\u00fablico m\u00e1s masivo, donde la cultura y el arte son formas muy potentes para lograr mayor impacto. El festival Ladera Sur quiere unir a todas las personas de Chile que estudian, trabajan y se relacionan con temas de naturaleza, medio ambiente y vida al aire libre. En el caso de los hongos, el Reino Fungi es parte fundamental de los contenidos del festival. Hoy existe una fuerte tendencia en saber m\u00e1s sobre la funga ya que por muchos a\u00f1os ha estado invisibilizada. Ays\u00e9n es el coraz\u00f3n de la Patagonia, estamos s\u00faper claros que ah\u00ed el Reino Fungi es protagonista en donde tenemos a\u00fan mucho por saber, por eso lo integramos en esta segunda versi\u00f3n\u201d<\/p>\n<p style=\"text-align: justify;\">El a\u00f1o pasado fue publicada una nota en la plataforma de \u201cLadera Sur\u201d con el descubrimiento de un homgo <em>Cordyceps<\/em> en la regi\u00f3n de Ays\u00e9n, una especie entomopat\u00f3gena que parasita orugas y cuyo avistamiento hab\u00eda ocurrido hace 18 a\u00f1os, no volvi\u00e9ndose a registrar m\u00e1s. \u201cLo relevante de este hallazgo es que s\u00f3lo ten\u00eda el registro del investigador que lo descubri\u00f3 en Valdivia, siendo el segundo avistamiento para el pa\u00eds y el primero para nuestra regi\u00f3n. Aqu\u00ed existen especies end\u00e9micas, quiere decir que no existen en ning\u00fan otro lugar del planeta. Conocer para valorar y proteger lo que tenemos es de suma importancia y trav\u00e9s de la participaci\u00f3n en estos eventos posicionamos nuestra regi, pero se requiere el apoyo de m\u00e1s instituciones de forma seria y urgente\u201d, destac\u00f3 tambi\u00e9n la divulgadora cient\u00edfica y periodista independiente.<\/p>\n<\/div><\/section><\/div><div  style='height:50px' class='hr hr-invisible   avia-builder-el-6  el_after_av_one_full  el_before_av_social_share '><span class='hr-inner ' ><span class='hr-inner-style'><\/span><\/span><\/div><\/p>\n<div  class='av-social-sharing-box  avia-builder-el-7  el_after_av_hr  el_before_av_hr  '><div class='av-share-box'><h5 class='av-share-link-description av-no-toc '>Compartir esta noticia<\/h5><ul class='av-share-box-list noLightbox'><li class='av-share-link av-social-link-facebook' ><a target=\"_blank\" aria-label=\"Compartir en Facebook\" href='https:\/\/www.facebook.com\/sharer.php?u=https:\/\/radiorevelacionfm.cl\/?p=37013&#038;t=Los%20Hongos%20de%20Ays%C3%A9n%20estuvieron%20presentes%20en%20importante%20Festival%20Naturalista' aria-hidden='false' data-av_icon='\ue8f3' data-av_iconfont='entypo-fontello' title='' data-avia-related-tooltip='Compartir en Facebook' rel=\"noopener\"><span class='avia_hidden_link_text'>Compartir en Facebook<\/span><\/a><\/li><li class='av-share-link av-social-link-twitter' ><a target=\"_blank\" aria-label=\"Compartir en Twitter\" href='https:\/\/twitter.com\/share?text=Los%20Hongos%20de%20Ays%C3%A9n%20estuvieron%20presentes%20en%20importante%20Festival%20Naturalista&#038;url=https:\/\/radiorevelacionfm.cl\/?p=37013' aria-hidden='false' data-av_icon='\ue8f1' data-av_iconfont='entypo-fontello' title='' data-avia-related-tooltip='Compartir en Twitter' rel=\"noopener\"><span class='avia_hidden_link_text'>Compartir en Twitter<\/span><\/a><\/li><li class='av-share-link av-social-link-whatsapp' ><a target=\"_blank\" aria-label=\"Compartir en Whatsapp\" href='https:\/\/api.whatsapp.com\/send?text=https:\/\/radiorevelacionfm.cl\/?p=37013' aria-hidden='false' data-av_icon='\uf232' data-av_iconfont='entypo-fontello' title='' data-avia-related-tooltip='Compartir en Whatsapp' rel=\"noopener\"><span class='avia_hidden_link_text'>Compartir en Whatsapp<\/span><\/a><\/li><li class='av-share-link av-social-link-linkedin' ><a target=\"_blank\" aria-label=\"Compartir en LinkedIn\" href='https:\/\/linkedin.com\/shareArticle?mini=true&#038;title=Los%20Hongos%20de%20Ays%C3%A9n%20estuvieron%20presentes%20en%20importante%20Festival%20Naturalista&#038;url=https:\/\/radiorevelacionfm.cl\/?p=37013' aria-hidden='false' data-av_icon='\ue8fc' data-av_iconfont='entypo-fontello' title='' data-avia-related-tooltip='Compartir en LinkedIn' rel=\"noopener\"><span class='avia_hidden_link_text'>Compartir en LinkedIn<\/span><\/a><\/li><li class='av-share-link av-social-link-mail' ><a  aria-label=\"Compartir por correo\" href='mailto:?subject=Los%20Hongos%20de%20Ays%C3%A9n%20estuvieron%20presentes%20en%20importante%20Festival%20Naturalista&#038;body=https:\/\/radiorevelacionfm.cl\/?p=37013' aria-hidden='false' data-av_icon='\ue805' data-av_iconfont='entypo-fontello' title='' data-avia-related-tooltip='Compartir por correo'><span class='avia_hidden_link_text'>Compartir por correo<\/span><\/a><\/li><\/ul><\/div><\/div>\n<div  style='height:50px' class='hr hr-invisible   avia-builder-el-8  el_after_av_social_share  el_before_av_comments_list '><span class='hr-inner ' ><span class='hr-inner-style'><\/span><\/span><\/div>\n<div  class='av-buildercomment  av-blog-meta-html-info-disabled av-blog-meta-tag-disabled  '><\/div>\n","protected":false},"excerpt":{"rendered":"","protected":false},"author":1,"featured_media":37014,"comment_status":"open","ping_status":"open","sticky":false,"template":"","format":"standard","meta":{"footnotes":""},"categories":[38],"tags":[],"class_list":["post-37013","post","type-post","status-publish","format-standard","has-post-thumbnail","hentry","category-regional"],"jetpack_featured_media_url":"https:\/\/radiorevelacionfm.cl\/wp-content\/uploads\/2023\/11\/whatsapp-image-2023-11-15-at-19_optimized.46.32-1-1-1.jpeg","_links":{"self":[{"href":"https:\/\/radiorevelacionfm.cl\/index.php?rest_route=\/wp\/v2\/posts\/37013","targetHints":{"allow":["GET"]}}],"collection":[{"href":"https:\/\/radiorevelacionfm.cl\/index.php?rest_route=\/wp\/v2\/posts"}],"about":[{"href":"https:\/\/radiorevelacionfm.cl\/index.php?rest_route=\/wp\/v2\/types\/post"}],"author":[{"embeddable":true,"href":"https:\/\/radiorevelacionfm.cl\/index.php?rest_route=\/wp\/v2\/users\/1"}],"replies":[{"embeddable":true,"href":"https:\/\/radiorevelacionfm.cl\/index.php?rest_route=%2Fwp%2Fv2%2Fcomments&post=37013"}],"version-history":[{"count":1,"href":"https:\/\/radiorevelacionfm.cl\/index.php?rest_route=\/wp\/v2\/posts\/37013\/revisions"}],"predecessor-version":[{"id":37015,"href":"https:\/\/radiorevelacionfm.cl\/index.php?rest_route=\/wp\/v2\/posts\/37013\/revisions\/37015"}],"wp:featuredmedia":[{"embeddable":true,"href":"https:\/\/radiorevelacionfm.cl\/index.php?rest_route=\/wp\/v2\/media\/37014"}],"wp:attachment":[{"href":"https:\/\/radiorevelacionfm.cl\/index.php?rest_route=%2Fwp%2Fv2%2Fmedia&parent=37013"}],"wp:term":[{"taxonomy":"category","embeddable":true,"href":"https:\/\/radiorevelacionfm.cl\/index.php?rest_route=%2Fwp%2Fv2%2Fcategories&post=37013"},{"taxonomy":"post_tag","embeddable":true,"href":"https:\/\/radiorevelacionfm.cl\/index.php?rest_route=%2Fwp%2Fv2%2Ftags&post=37013"}],"curies":[{"name":"wp","href":"https:\/\/api.w.org\/{rel}","templated":true}]}}