{"id":37010,"date":"2023-11-17T09:25:32","date_gmt":"2023-11-17T12:25:32","guid":{"rendered":"https:\/\/radiorevelacionfm.cl\/?p=37010"},"modified":"2023-11-17T09:25:32","modified_gmt":"2023-11-17T12:25:32","slug":"continua-abierto-el-proceso-de-postulacion-a-jardines-infantiles-de-fundacion-integra","status":"publish","type":"post","link":"https:\/\/radiorevelacionfm.cl\/?p=37010","title":{"rendered":"Contin\u00faa abierto el proceso de Postulaci\u00f3n a jardines infantiles de Fundaci\u00f3n Integra"},"content":{"rendered":"<div class=\"flex_column av_one_full  flex_column_div av-zero-column-padding first  avia-builder-el-0  el_before_av_one_full  avia-builder-el-first  \" style='border-radius:0px; '><div  class='avia-image-container  av-styling-    avia-builder-el-1  avia-builder-el-no-sibling  avia-align-center '  itemprop=\"image\" itemscope=\"itemscope\" itemtype=\"https:\/\/schema.org\/ImageObject\"  ><div class='avia-image-container-inner'><div class='avia-image-overlay-wrap'><img decoding=\"async\" class='wp-image-37011 avia-img-lazy-loading-not-37011 avia_image' src=\"https:\/\/radiorevelacionfm.cl\/wp-content\/uploads\/2023\/11\/4-67-1_optimized.jpg\" alt='' title='4-(67)-(1)_optimized' height=\"600\" width=\"902\"  itemprop=\"thumbnailUrl\" srcset=\"https:\/\/radiorevelacionfm.cl\/wp-content\/uploads\/2023\/11\/4-67-1_optimized.jpg 902w, https:\/\/radiorevelacionfm.cl\/wp-content\/uploads\/2023\/11\/4-67-1_optimized-300x200.jpg 300w, https:\/\/radiorevelacionfm.cl\/wp-content\/uploads\/2023\/11\/4-67-1_optimized-768x511.jpg 768w, https:\/\/radiorevelacionfm.cl\/wp-content\/uploads\/2023\/11\/4-67-1_optimized-705x469.jpg 705w, https:\/\/radiorevelacionfm.cl\/wp-content\/uploads\/2023\/11\/4-67-1_optimized-450x299.jpg 450w, https:\/\/radiorevelacionfm.cl\/wp-content\/uploads\/2023\/11\/4-67-1_optimized-600x399.jpg 600w\" sizes=\"(max-width: 902px) 100vw, 902px\" \/><\/div><\/div><\/div><\/div><div class=\"flex_column av_one_full  flex_column_div av-zero-column-padding first  avia-builder-el-2  el_after_av_one_full  el_before_av_one_full  column-top-margin\" style='border-radius:0px; '><section class=\"av_textblock_section \"  itemscope=\"itemscope\" itemtype=\"https:\/\/schema.org\/BlogPosting\" itemprop=\"blogPost\" ><div class='avia_textblock  '   itemprop=\"text\" ><p style=\"text-align: center;\"><strong><span style=\"font-size: 18pt;\">Contin\u00faa abierto el proceso de Postulaci\u00f3n a jardines infantiles de Fundaci\u00f3n Integra<\/span><\/strong><\/p>\n<div id=\"gtx-trans\" style=\"position: absolute; left: -50px; top: 4.31534px;\">\n<div class=\"gtx-trans-icon\"><\/div>\n<\/div>\n<\/div><\/section><\/div><div class=\"flex_column av_one_full  flex_column_div av-zero-column-padding first  avia-builder-el-4  el_after_av_one_full  el_before_av_hr  column-top-margin\" style='border-radius:0px; '><section class=\"av_textblock_section \"  itemscope=\"itemscope\" itemtype=\"https:\/\/schema.org\/BlogPosting\" itemprop=\"blogPost\" ><div class='avia_textblock  '   itemprop=\"text\" ><p style=\"font-weight: 400; text-align: justify;\"><em>Desde la instituci\u00f3n refuerzan que el proceso estar\u00e1 abierto hasta el 30 de noviembre y puede realizarse en el sitio web\u00a0<\/em><a href=\"http:\/\/www.integra.cl\/\" data-saferedirecturl=\"https:\/\/www.google.com\/url?q=http:\/\/www.integra.cl&amp;source=gmail&amp;ust=1700226311318000&amp;usg=AOvVaw044pBaOmbS8ZIBehNTqKeI\"><em>www.integra.cl<\/em><\/a><em>\u00a0reforzando que todos sus establecimientos son completamente gratuitos.<\/em><\/p>\n<p style=\"font-weight: 400; text-align: justify;\">Reiterando el llamado realizado por la subsecretar\u00eda de Educaci\u00f3n Parvularia, Claudia Lagos Serrano, para \u201cElegir la Educaci\u00f3n Parvularia P\u00fablica\u201d, Fundaci\u00f3n Integra refuerza su campa\u00f1a de postulaci\u00f3n a las salas cuna y jardines infantiles que la instituci\u00f3n posee y que se encuentra en pleno desarrollo a trav\u00e9s de\u00a0<a href=\"http:\/\/www.integra.cl\/\" data-saferedirecturl=\"https:\/\/www.google.com\/url?q=http:\/\/www.integra.cl&amp;source=gmail&amp;ust=1700226311318000&amp;usg=AOvVaw044pBaOmbS8ZIBehNTqKeI\">www.integra.cl<\/a>.<\/p>\n<p style=\"font-weight: 400; text-align: justify;\">El primer paso para iniciar la postulaci\u00f3n es ingresar al sitio web de Fundaci\u00f3n Integra y presionar \u201cPostula aqu\u00ed\u201d, despleg\u00e1ndose la p\u00e1gina de Postulaci\u00f3n 2024 donde se debe pinchar \u201cEntrar\u201d. Ac\u00e1, el sistema solicitar\u00e1 un correo electr\u00f3nico y contrase\u00f1a. Si es la primera vez que se realiza este proceso, es necesario registrarse. Quienes ya han postulado antes, pueden utilizar las credenciales de acceso registradas previamente.<\/p>\n<p style=\"font-weight: 400; text-align: justify;\">Luego de ingresar a la plataforma, las familias deben seguir los pasos que indique el sistema, donde se solicitar\u00e1n diversos datos entre ellos el RUN de la ni\u00f1a o ni\u00f1o. En el caso de las familias migrantes que a\u00fan no cuenten con registro chileno, podr\u00e1n utilizar el Identificador Provisorio del Estudiante (IPE), que se obtiene en\u00a0<a href=\"http:\/\/www.ayudamineduc.cl\/\" data-saferedirecturl=\"https:\/\/www.google.com\/url?q=http:\/\/www.ayudamineduc.cl&amp;source=gmail&amp;ust=1700226311318000&amp;usg=AOvVaw0GWxrvZQ63FnrMGNTIdFVT\">www.ayudamineduc.cl<\/a>.<\/p>\n<p style=\"font-weight: 400; text-align: justify;\">Leticia Araya Norambuena, directora regional de Fundaci\u00f3n Integra en Ays\u00e9n refuerza el llamado a postular a los establecimientos de la regi\u00f3n enfatizando que \u201cquedan 14 d\u00edas para que finalice el proceso de Postulaci\u00f3n a los jardines infantiles de Fundaci\u00f3n Integra, este proceso termina el 30 de noviembre. Los invitamos a ingresar a\u00a0<a href=\"http:\/\/www.integra.cl\/\" data-saferedirecturl=\"https:\/\/www.google.com\/url?q=http:\/\/www.integra.cl&amp;source=gmail&amp;ust=1700226311318000&amp;usg=AOvVaw044pBaOmbS8ZIBehNTqKeI\">www.integra.cl<\/a>\u00a0y poder inscribir a sus hijas e hijos para el a\u00f1o 2024\u201d.<\/p>\n<p style=\"font-weight: 400; text-align: justify;\">Los resultados de esta postulaci\u00f3n se dar\u00e1n a conocer pr\u00f3ximo el 20 de diciembre, mientras que las familias a quienes se les asign\u00f3 un cupo, a partir del d\u00eda 26 de diciembre deber\u00e1n concurrir a la sala cuna y\/o jard\u00edn infantil respectivo para realizar la matr\u00edcula de forma presencial.<\/p>\n<p style=\"font-weight: 400; text-align: justify;\"><strong><u>\u00bfA QU\u00c9 NIVEL DEBE ASISTIR MI HIJA O HIJO SEG\u00daN SU EDAD?<\/u><\/strong><\/p>\n<ul style=\"text-align: justify;\">\n<li style=\"font-weight: 400;\">Sala Cuna Menor: 0 a 1 a\u00f1o.<\/li>\n<li style=\"font-weight: 400;\">Sala Cuna Mayor: 1 a 2 a\u00f1os (edad cumplida a marzo 2024, 1 a\u00f1o).<\/li>\n<li style=\"font-weight: 400;\">Nivel Medio Menor: 2 a 3 a\u00f1os (edad cumplida a marzo 2024, 2 a\u00f1os).<\/li>\n<li style=\"font-weight: 400;\">Nivel Medio Mayor: 3 a 4 a\u00f1os (edad cumplida a marzo 2024, 3 a\u00f1os).<\/li>\n<\/ul>\n<p style=\"font-weight: 400; text-align: justify;\">Quienes requieran mayor informaci\u00f3n sobre el proceso de postulaci\u00f3n, pueden consultar en el sitio web\u00a0<a href=\"http:\/\/www.integra.cl\/\" data-saferedirecturl=\"https:\/\/www.google.com\/url?q=http:\/\/www.integra.cl&amp;source=gmail&amp;ust=1700226311318000&amp;usg=AOvVaw044pBaOmbS8ZIBehNTqKeI\">www.integra.cl<\/a>, al servicio de atenci\u00f3n telef\u00f3nica 800 540 011 o las redes sociales de Integra.<\/p>\n<p style=\"font-weight: 400; text-align: justify;\">\u201cRecordar que Fundaci\u00f3n Integra entrega educaci\u00f3n de calidad, gratuita en la que se privilegia el juego como medio natural de aprendizaje. Los invitamos a ser parte de un sistema de educaci\u00f3n que apela al bienestar de los ni\u00f1os y las ni\u00f1as, al protagonismo infantil y con adultos preocupados, atentos y vinculados afectivamente a las necesidades que ellos puedan tener, siempre en ambientes educativos preparados para ellos\u201d, recalca la directora regional de Fundaci\u00f3n Integra.<\/p>\n<p style=\"font-weight: 400; text-align: justify;\">Con 33 a\u00f1os de experiencia y m\u00e1s de 1.200 salas cuna y jardines infantiles gratuitos en todo el pa\u00eds, Fundaci\u00f3n Integra trabaja para lograr el desarrollo integral, bienestar y aprendizajes significativos de ni\u00f1os y ni\u00f1as, poniendo a su disposici\u00f3n espacios educativos diversos, estimulantes y de calidad.<\/p>\n<\/div><\/section><\/div><div  style='height:50px' class='hr hr-invisible   avia-builder-el-6  el_after_av_one_full  el_before_av_social_share '><span class='hr-inner ' ><span class='hr-inner-style'><\/span><\/span><\/div><\/p>\n<div  class='av-social-sharing-box  avia-builder-el-7  el_after_av_hr  el_before_av_hr  '><div class='av-share-box'><h5 class='av-share-link-description av-no-toc '>Compartir esta noticia<\/h5><ul class='av-share-box-list noLightbox'><li class='av-share-link av-social-link-facebook' ><a target=\"_blank\" aria-label=\"Compartir en Facebook\" href='https:\/\/www.facebook.com\/sharer.php?u=https:\/\/radiorevelacionfm.cl\/?p=37010&#038;t=Contin%C3%BAa%20abierto%20el%20proceso%20de%20Postulaci%C3%B3n%20a%20jardines%20infantiles%20de%20Fundaci%C3%B3n%20Integra' aria-hidden='false' data-av_icon='\ue8f3' data-av_iconfont='entypo-fontello' title='' data-avia-related-tooltip='Compartir en Facebook' rel=\"noopener\"><span class='avia_hidden_link_text'>Compartir en Facebook<\/span><\/a><\/li><li class='av-share-link av-social-link-twitter' ><a target=\"_blank\" aria-label=\"Compartir en Twitter\" href='https:\/\/twitter.com\/share?text=Contin%C3%BAa%20abierto%20el%20proceso%20de%20Postulaci%C3%B3n%20a%20jardines%20infantiles%20de%20Fundaci%C3%B3n%20Integra&#038;url=https:\/\/radiorevelacionfm.cl\/?p=37010' aria-hidden='false' data-av_icon='\ue8f1' data-av_iconfont='entypo-fontello' title='' data-avia-related-tooltip='Compartir en Twitter' rel=\"noopener\"><span class='avia_hidden_link_text'>Compartir en Twitter<\/span><\/a><\/li><li class='av-share-link av-social-link-whatsapp' ><a target=\"_blank\" aria-label=\"Compartir en Whatsapp\" href='https:\/\/api.whatsapp.com\/send?text=https:\/\/radiorevelacionfm.cl\/?p=37010' aria-hidden='false' data-av_icon='\uf232' data-av_iconfont='entypo-fontello' title='' data-avia-related-tooltip='Compartir en Whatsapp' rel=\"noopener\"><span class='avia_hidden_link_text'>Compartir en Whatsapp<\/span><\/a><\/li><li class='av-share-link av-social-link-linkedin' ><a target=\"_blank\" aria-label=\"Compartir en LinkedIn\" href='https:\/\/linkedin.com\/shareArticle?mini=true&#038;title=Contin%C3%BAa%20abierto%20el%20proceso%20de%20Postulaci%C3%B3n%20a%20jardines%20infantiles%20de%20Fundaci%C3%B3n%20Integra&#038;url=https:\/\/radiorevelacionfm.cl\/?p=37010' aria-hidden='false' data-av_icon='\ue8fc' data-av_iconfont='entypo-fontello' title='' data-avia-related-tooltip='Compartir en LinkedIn' rel=\"noopener\"><span class='avia_hidden_link_text'>Compartir en LinkedIn<\/span><\/a><\/li><li class='av-share-link av-social-link-mail' ><a  aria-label=\"Compartir por correo\" href='mailto:?subject=Contin%C3%BAa%20abierto%20el%20proceso%20de%20Postulaci%C3%B3n%20a%20jardines%20infantiles%20de%20Fundaci%C3%B3n%20Integra&#038;body=https:\/\/radiorevelacionfm.cl\/?p=37010' aria-hidden='false' data-av_icon='\ue805' data-av_iconfont='entypo-fontello' title='' data-avia-related-tooltip='Compartir por correo'><span class='avia_hidden_link_text'>Compartir por correo<\/span><\/a><\/li><\/ul><\/div><\/div>\n<div  style='height:50px' class='hr hr-invisible   avia-builder-el-8  el_after_av_social_share  el_before_av_comments_list '><span class='hr-inner ' ><span class='hr-inner-style'><\/span><\/span><\/div>\n<div  class='av-buildercomment  av-blog-meta-html-info-disabled av-blog-meta-tag-disabled  '><\/div>\n","protected":false},"excerpt":{"rendered":"","protected":false},"author":1,"featured_media":37011,"comment_status":"open","ping_status":"open","sticky":false,"template":"","format":"standard","meta":{"footnotes":""},"categories":[49],"tags":[],"class_list":["post-37010","post","type-post","status-publish","format-standard","has-post-thumbnail","hentry","category-educacion"],"jetpack_featured_media_url":"https:\/\/radiorevelacionfm.cl\/wp-content\/uploads\/2023\/11\/4-67-1_optimized.jpg","_links":{"self":[{"href":"https:\/\/radiorevelacionfm.cl\/index.php?rest_route=\/wp\/v2\/posts\/37010","targetHints":{"allow":["GET"]}}],"collection":[{"href":"https:\/\/radiorevelacionfm.cl\/index.php?rest_route=\/wp\/v2\/posts"}],"about":[{"href":"https:\/\/radiorevelacionfm.cl\/index.php?rest_route=\/wp\/v2\/types\/post"}],"author":[{"embeddable":true,"href":"https:\/\/radiorevelacionfm.cl\/index.php?rest_route=\/wp\/v2\/users\/1"}],"replies":[{"embeddable":true,"href":"https:\/\/radiorevelacionfm.cl\/index.php?rest_route=%2Fwp%2Fv2%2Fcomments&post=37010"}],"version-history":[{"count":1,"href":"https:\/\/radiorevelacionfm.cl\/index.php?rest_route=\/wp\/v2\/posts\/37010\/revisions"}],"predecessor-version":[{"id":37012,"href":"https:\/\/radiorevelacionfm.cl\/index.php?rest_route=\/wp\/v2\/posts\/37010\/revisions\/37012"}],"wp:featuredmedia":[{"embeddable":true,"href":"https:\/\/radiorevelacionfm.cl\/index.php?rest_route=\/wp\/v2\/media\/37011"}],"wp:attachment":[{"href":"https:\/\/radiorevelacionfm.cl\/index.php?rest_route=%2Fwp%2Fv2%2Fmedia&parent=37010"}],"wp:term":[{"taxonomy":"category","embeddable":true,"href":"https:\/\/radiorevelacionfm.cl\/index.php?rest_route=%2Fwp%2Fv2%2Fcategories&post=37010"},{"taxonomy":"post_tag","embeddable":true,"href":"https:\/\/radiorevelacionfm.cl\/index.php?rest_route=%2Fwp%2Fv2%2Ftags&post=37010"}],"curies":[{"name":"wp","href":"https:\/\/api.w.org\/{rel}","templated":true}]}}