{"id":37007,"date":"2023-11-16T09:34:34","date_gmt":"2023-11-16T12:34:34","guid":{"rendered":"https:\/\/radiorevelacionfm.cl\/?p=37007"},"modified":"2023-11-16T09:34:34","modified_gmt":"2023-11-16T12:34:34","slug":"mas-de-400-ninos-participaran-en-el-primer-campeonato-copa-astros-de-la-patagonia","status":"publish","type":"post","link":"https:\/\/radiorevelacionfm.cl\/?p=37007","title":{"rendered":"M\u00e1s de 400 ni\u00f1os participar\u00e1n en el Primer Campeonato Copa Astros de la Patagonia"},"content":{"rendered":"<div class=\"flex_column av_one_full  flex_column_div av-zero-column-padding first  avia-builder-el-0  el_before_av_one_full  avia-builder-el-first  \" style='border-radius:0px; '><div  class='avia-image-container  av-styling-    avia-builder-el-1  avia-builder-el-no-sibling  avia-align-center '  itemprop=\"image\" itemscope=\"itemscope\" itemtype=\"https:\/\/schema.org\/ImageObject\"  ><div class='avia-image-container-inner'><div class='avia-image-overlay-wrap'><img decoding=\"async\" class='wp-image-37008 avia-img-lazy-loading-not-37008 avia_image' src=\"https:\/\/radiorevelacionfm.cl\/wp-content\/uploads\/2023\/11\/astros2-1_optimized-1.jpeg\" alt='' title='astros2-(1)_optimized (1)' height=\"800\" width=\"800\"  itemprop=\"thumbnailUrl\" srcset=\"https:\/\/radiorevelacionfm.cl\/wp-content\/uploads\/2023\/11\/astros2-1_optimized-1.jpeg 800w, https:\/\/radiorevelacionfm.cl\/wp-content\/uploads\/2023\/11\/astros2-1_optimized-1-300x300.jpeg 300w, https:\/\/radiorevelacionfm.cl\/wp-content\/uploads\/2023\/11\/astros2-1_optimized-1-80x80.jpeg 80w, https:\/\/radiorevelacionfm.cl\/wp-content\/uploads\/2023\/11\/astros2-1_optimized-1-768x768.jpeg 768w, https:\/\/radiorevelacionfm.cl\/wp-content\/uploads\/2023\/11\/astros2-1_optimized-1-36x36.jpeg 36w, https:\/\/radiorevelacionfm.cl\/wp-content\/uploads\/2023\/11\/astros2-1_optimized-1-180x180.jpeg 180w, https:\/\/radiorevelacionfm.cl\/wp-content\/uploads\/2023\/11\/astros2-1_optimized-1-705x705.jpeg 705w, https:\/\/radiorevelacionfm.cl\/wp-content\/uploads\/2023\/11\/astros2-1_optimized-1-120x120.jpeg 120w, https:\/\/radiorevelacionfm.cl\/wp-content\/uploads\/2023\/11\/astros2-1_optimized-1-450x450.jpeg 450w, https:\/\/radiorevelacionfm.cl\/wp-content\/uploads\/2023\/11\/astros2-1_optimized-1-600x600.jpeg 600w, https:\/\/radiorevelacionfm.cl\/wp-content\/uploads\/2023\/11\/astros2-1_optimized-1-100x100.jpeg 100w\" sizes=\"(max-width: 800px) 100vw, 800px\" \/><\/div><\/div><\/div><\/div><div class=\"flex_column av_one_full  flex_column_div av-zero-column-padding first  avia-builder-el-2  el_after_av_one_full  el_before_av_one_full  column-top-margin\" style='border-radius:0px; '><section class=\"av_textblock_section \"  itemscope=\"itemscope\" itemtype=\"https:\/\/schema.org\/BlogPosting\" itemprop=\"blogPost\" ><div class='avia_textblock  '   itemprop=\"text\" ><p style=\"text-align: center;\"><span style=\"font-size: 18pt;\"><strong>M\u00e1s de 400 ni\u00f1os participar\u00e1n en el Primer Campeonato Copa Astros de la Patagonia<\/strong><\/span><\/p>\n<div id=\"gtx-trans\" style=\"position: absolute; left: -50px; top: 4.31534px;\">\n<div class=\"gtx-trans-icon\"><\/div>\n<\/div>\n<\/div><\/section><\/div><div class=\"flex_column av_one_full  flex_column_div av-zero-column-padding first  avia-builder-el-4  el_after_av_one_full  el_before_av_hr  column-top-margin\" style='border-radius:0px; '><section class=\"av_textblock_section \"  itemscope=\"itemscope\" itemtype=\"https:\/\/schema.org\/BlogPosting\" itemprop=\"blogPost\" ><div class='avia_textblock  '   itemprop=\"text\" ><p style=\"text-align: justify;\">Durante tres d\u00edas deportistas de Iquique, Temuco, Santiago, Castro, Puerto Ays\u00e9n y Coyhaique, se dar\u00e1n cita en el \u201cPrimer Campeonato Copa Astros de la Patagonia\u201d, actividad que se realizar\u00e1 los d\u00edas 17, 18 y 19 de noviembre y que congregar\u00e1 a 445 ni\u00f1os, entre 7 y 17 a\u00f1os de edad, distribuidos en diversas categor\u00edas.<\/p>\n<p style=\"text-align: justify;\">Seg\u00fan explic\u00f3 Pilar Retamal, presidenta del Club de B\u00e1squetbol Astros, este torneo cuenta con el financiamiento del Gobierno Regional de Ays\u00e9n, a trav\u00e9s del Fondo Nacional de Desarrollo Regional (FNDR) 8%. \u201cEste torneo no solo representa una oportunidad para fomentar el deporte, sino tambi\u00e9n para fortalecer lazos entre las comunidades y promover la sana competencia. Invitamos a todos los amantes del baloncesto y a la comunidad en general, a unirse a nosotros en estos tres d\u00edas llenos de emoci\u00f3n y talento en la Primera Copa de Astros de la Patagonia\u201d.<\/p>\n<p style=\"text-align: justify;\">Los partidos se realizar\u00e1n en los gimnasios: Regional, Fiscal, Escuela Pedro Quintana Mansilla y Liceo San Felipe Benicio. La Ceremonia de inauguraci\u00f3n se efectuar\u00e1 el viernes 17 de noviembre a partir de las 18:30 horas, en el Gimnasio Regional, oportunidad en la que se presentar\u00e1n a todas las delegaciones que estar\u00e1n participando.<\/p>\n<p style=\"text-align: justify;\">Mariana Alvear, entrenadora del Club Astros, destac\u00f3 el trabajo que el club est\u00e1 realizando con los 160 ni\u00f1os, ni\u00f1as y j\u00f3venes que forman parte de Astros, quienes participan \u00a0de las categor\u00edas: \u00a0U7 mixto (2017-2016) U9 damas y U9 varones (2015-2014) U11 damas y U11 varones (2012-2013), U13 damas y U13 varones (2010-2011); U15 Varones (2008-2009) y U17 varones (2007-2006); adem\u00e1s del apoyo incondicional de los 7 entrenadores comprometidos\u00a0 con el desarrollo y formaci\u00f3n de los j\u00f3venes talentos.<\/p>\n<p style=\"text-align: justify;\">Con respecto al campeonato, Mariana Alvear, indic\u00f3 que \u201cestamos cumpliendo con la misi\u00f3n de nuestro club formar integralmente a j\u00f3venes deportistas a trav\u00e9s del b\u00e1squetbol, ya que nos interesa promover valores como: el trabajo en equipo, la disciplina y el compromiso, para que se conviertan en atletas destacados y ciudadanos responsables, capaces de enfrentar los desaf\u00edos de la vida con pasi\u00f3n y determinaci\u00f3n\u201d. En tal condici\u00f3n el campeonato tendr\u00e1 un car\u00e1cter <strong>formativo<\/strong> en las categor\u00edas; U7 a U11 y de car\u00e1cter <strong>competitivo<\/strong> en las categor\u00edas U13 a U17.<\/p>\n<p style=\"text-align: justify;\">En cuanto a las competiciones de la Liga del Sur Electro Store, el club Astros de la Patagonia, en la categor\u00eda U13 varones obtuvo el tercer lugar, mientras que en la categor\u00eda de 15 a\u00f1os, el segundo lugar; y cuarto lugar en la categor\u00eda de 17 a\u00f1os.<\/p>\n<p style=\"text-align: justify;\">Finalmente, la presidenta del club, agradeci\u00f3 a todas las instituciones que se sumaron a participar de la primera Copa Astros, Mutual de Seguridad, IND, Direcci\u00f3n de Educaci\u00f3n Municipal de Coyhaique, Corporaci\u00f3n de Deportes Coyhaique y al Gobierno Regional.<\/p>\n<p style=\"text-align: justify;\">Asimismo, invit\u00f3 a la comunidad, a asistir a los gimnasios donde se realizar\u00e1n los distintos partidos durante el fin de semana, y a informarse a trav\u00e9s del Facebook del club: Escuela de Basquetbol Astros de la Patagonia, plataforma en la que se dar\u00e1n a conocer los horarios de los partidos.<\/p>\n<p style=\"text-align: justify;\"><strong>\u00a0\u00a0\u00a0\u00a0\u00a0\u00a0\u00a0 Clubes participantes: <\/strong><\/p>\n<ul style=\"text-align: justify;\">\n<li>Club San Francisco de Castro<\/li>\n<li>Colegio Sagrados Corazones de Santiago<\/li>\n<li>Club Lorenzo Pardo de Iquique<\/li>\n<li>Club Palmares de Santiago<\/li>\n<li>CEB de Temuco<\/li>\n<li>Academia de B\u00e1squetbol de Ays\u00e9n (ABAY)<\/li>\n<li>Centro de mini b\u00e1squetbol Ays\u00e9n (CEMIB)<\/li>\n<li>Club de B\u00e1squetbol Ays\u00e9n (CBA)<\/li>\n<li>CBC de Coyhaique<\/li>\n<li>Escuela Pedro Quintana Mansilla<\/li>\n<li>Liceo Altos del Mackay<\/li>\n<li>Club Astros de la Patagonia<\/li>\n<\/ul>\n<\/div><\/section><\/div><div  style='height:50px' class='hr hr-invisible   avia-builder-el-6  el_after_av_one_full  el_before_av_social_share '><span class='hr-inner ' ><span class='hr-inner-style'><\/span><\/span><\/div><\/p>\n<div  class='av-social-sharing-box  avia-builder-el-7  el_after_av_hr  el_before_av_hr  '><div class='av-share-box'><h5 class='av-share-link-description av-no-toc '>Compartir esta noticia<\/h5><ul class='av-share-box-list noLightbox'><li class='av-share-link av-social-link-facebook' ><a target=\"_blank\" aria-label=\"Compartir en Facebook\" href='https:\/\/www.facebook.com\/sharer.php?u=https:\/\/radiorevelacionfm.cl\/?p=37007&#038;t=M%C3%A1s%20de%20400%20ni%C3%B1os%20participar%C3%A1n%20en%20el%20Primer%20Campeonato%20Copa%20Astros%20de%20la%20Patagonia' aria-hidden='false' data-av_icon='\ue8f3' data-av_iconfont='entypo-fontello' title='' data-avia-related-tooltip='Compartir en Facebook' rel=\"noopener\"><span class='avia_hidden_link_text'>Compartir en Facebook<\/span><\/a><\/li><li class='av-share-link av-social-link-twitter' ><a target=\"_blank\" aria-label=\"Compartir en Twitter\" href='https:\/\/twitter.com\/share?text=M%C3%A1s%20de%20400%20ni%C3%B1os%20participar%C3%A1n%20en%20el%20Primer%20Campeonato%20Copa%20Astros%20de%20la%20Patagonia&#038;url=https:\/\/radiorevelacionfm.cl\/?p=37007' aria-hidden='false' data-av_icon='\ue8f1' data-av_iconfont='entypo-fontello' title='' data-avia-related-tooltip='Compartir en Twitter' rel=\"noopener\"><span class='avia_hidden_link_text'>Compartir en Twitter<\/span><\/a><\/li><li class='av-share-link av-social-link-whatsapp' ><a target=\"_blank\" aria-label=\"Compartir en Whatsapp\" href='https:\/\/api.whatsapp.com\/send?text=https:\/\/radiorevelacionfm.cl\/?p=37007' aria-hidden='false' data-av_icon='\uf232' data-av_iconfont='entypo-fontello' title='' data-avia-related-tooltip='Compartir en Whatsapp' rel=\"noopener\"><span class='avia_hidden_link_text'>Compartir en Whatsapp<\/span><\/a><\/li><li class='av-share-link av-social-link-linkedin' ><a target=\"_blank\" aria-label=\"Compartir en LinkedIn\" href='https:\/\/linkedin.com\/shareArticle?mini=true&#038;title=M%C3%A1s%20de%20400%20ni%C3%B1os%20participar%C3%A1n%20en%20el%20Primer%20Campeonato%20Copa%20Astros%20de%20la%20Patagonia&#038;url=https:\/\/radiorevelacionfm.cl\/?p=37007' aria-hidden='false' data-av_icon='\ue8fc' data-av_iconfont='entypo-fontello' title='' data-avia-related-tooltip='Compartir en LinkedIn' rel=\"noopener\"><span class='avia_hidden_link_text'>Compartir en LinkedIn<\/span><\/a><\/li><li class='av-share-link av-social-link-mail' ><a  aria-label=\"Compartir por correo\" href='mailto:?subject=M%C3%A1s%20de%20400%20ni%C3%B1os%20participar%C3%A1n%20en%20el%20Primer%20Campeonato%20Copa%20Astros%20de%20la%20Patagonia&#038;body=https:\/\/radiorevelacionfm.cl\/?p=37007' aria-hidden='false' data-av_icon='\ue805' data-av_iconfont='entypo-fontello' title='' data-avia-related-tooltip='Compartir por correo'><span class='avia_hidden_link_text'>Compartir por correo<\/span><\/a><\/li><\/ul><\/div><\/div>\n<div  style='height:50px' class='hr hr-invisible   avia-builder-el-8  el_after_av_social_share  el_before_av_comments_list '><span class='hr-inner ' ><span class='hr-inner-style'><\/span><\/span><\/div>\n<div  class='av-buildercomment  av-blog-meta-html-info-disabled av-blog-meta-tag-disabled  '><\/div>\n","protected":false},"excerpt":{"rendered":"","protected":false},"author":1,"featured_media":37008,"comment_status":"open","ping_status":"open","sticky":false,"template":"","format":"standard","meta":{"footnotes":""},"categories":[40],"tags":[],"class_list":["post-37007","post","type-post","status-publish","format-standard","has-post-thumbnail","hentry","category-deportes"],"jetpack_featured_media_url":"https:\/\/radiorevelacionfm.cl\/wp-content\/uploads\/2023\/11\/astros2-1_optimized-1.jpeg","_links":{"self":[{"href":"https:\/\/radiorevelacionfm.cl\/index.php?rest_route=\/wp\/v2\/posts\/37007","targetHints":{"allow":["GET"]}}],"collection":[{"href":"https:\/\/radiorevelacionfm.cl\/index.php?rest_route=\/wp\/v2\/posts"}],"about":[{"href":"https:\/\/radiorevelacionfm.cl\/index.php?rest_route=\/wp\/v2\/types\/post"}],"author":[{"embeddable":true,"href":"https:\/\/radiorevelacionfm.cl\/index.php?rest_route=\/wp\/v2\/users\/1"}],"replies":[{"embeddable":true,"href":"https:\/\/radiorevelacionfm.cl\/index.php?rest_route=%2Fwp%2Fv2%2Fcomments&post=37007"}],"version-history":[{"count":1,"href":"https:\/\/radiorevelacionfm.cl\/index.php?rest_route=\/wp\/v2\/posts\/37007\/revisions"}],"predecessor-version":[{"id":37009,"href":"https:\/\/radiorevelacionfm.cl\/index.php?rest_route=\/wp\/v2\/posts\/37007\/revisions\/37009"}],"wp:featuredmedia":[{"embeddable":true,"href":"https:\/\/radiorevelacionfm.cl\/index.php?rest_route=\/wp\/v2\/media\/37008"}],"wp:attachment":[{"href":"https:\/\/radiorevelacionfm.cl\/index.php?rest_route=%2Fwp%2Fv2%2Fmedia&parent=37007"}],"wp:term":[{"taxonomy":"category","embeddable":true,"href":"https:\/\/radiorevelacionfm.cl\/index.php?rest_route=%2Fwp%2Fv2%2Fcategories&post=37007"},{"taxonomy":"post_tag","embeddable":true,"href":"https:\/\/radiorevelacionfm.cl\/index.php?rest_route=%2Fwp%2Fv2%2Ftags&post=37007"}],"curies":[{"name":"wp","href":"https:\/\/api.w.org\/{rel}","templated":true}]}}