{"id":37004,"date":"2023-11-16T10:22:15","date_gmt":"2023-11-16T13:22:15","guid":{"rendered":"https:\/\/radiorevelacionfm.cl\/?p=37004"},"modified":"2023-11-16T10:22:15","modified_gmt":"2023-11-16T13:22:15","slug":"gobierno-regional-de-aysen-resuelve-cuestionamientos-al-proyecto-de-buses-electricos-con-jornada-informativa-para-toda-la-comunidad","status":"publish","type":"post","link":"https:\/\/radiorevelacionfm.cl\/?p=37004","title":{"rendered":"Gobierno Regional de Ays\u00e9n resuelve cuestionamientos al proyecto de buses el\u00e9ctricos con jornada informativa para toda la comunidad"},"content":{"rendered":"<div class=\"flex_column av_one_full  flex_column_div av-zero-column-padding first  avia-builder-el-0  el_before_av_one_full  avia-builder-el-first  \" style='border-radius:0px; '><div  class='avia-image-container  av-styling-    avia-builder-el-1  avia-builder-el-no-sibling  avia-align-center '  itemprop=\"image\" itemscope=\"itemscope\" itemtype=\"https:\/\/schema.org\/ImageObject\"  ><div class='avia-image-container-inner'><div class='avia-image-overlay-wrap'><img decoding=\"async\" class='wp-image-37005 avia-img-lazy-loading-not-37005 avia_image' src=\"https:\/\/radiorevelacionfm.cl\/wp-content\/uploads\/2023\/11\/jornada-buses-4-1_optimized.jpeg\" alt='' title='jornada-buses-4-(1)_optimized' height=\"600\" width=\"1067\"  itemprop=\"thumbnailUrl\" srcset=\"https:\/\/radiorevelacionfm.cl\/wp-content\/uploads\/2023\/11\/jornada-buses-4-1_optimized.jpeg 1067w, https:\/\/radiorevelacionfm.cl\/wp-content\/uploads\/2023\/11\/jornada-buses-4-1_optimized-300x169.jpeg 300w, https:\/\/radiorevelacionfm.cl\/wp-content\/uploads\/2023\/11\/jornada-buses-4-1_optimized-1030x579.jpeg 1030w, https:\/\/radiorevelacionfm.cl\/wp-content\/uploads\/2023\/11\/jornada-buses-4-1_optimized-768x432.jpeg 768w, https:\/\/radiorevelacionfm.cl\/wp-content\/uploads\/2023\/11\/jornada-buses-4-1_optimized-705x396.jpeg 705w, https:\/\/radiorevelacionfm.cl\/wp-content\/uploads\/2023\/11\/jornada-buses-4-1_optimized-450x253.jpeg 450w, https:\/\/radiorevelacionfm.cl\/wp-content\/uploads\/2023\/11\/jornada-buses-4-1_optimized-600x337.jpeg 600w\" sizes=\"(max-width: 1067px) 100vw, 1067px\" \/><\/div><\/div><\/div><\/div><div class=\"flex_column av_one_full  flex_column_div av-zero-column-padding first  avia-builder-el-2  el_after_av_one_full  el_before_av_one_full  column-top-margin\" style='border-radius:0px; '><section class=\"av_textblock_section \"  itemscope=\"itemscope\" itemtype=\"https:\/\/schema.org\/BlogPosting\" itemprop=\"blogPost\" ><div class='avia_textblock  '   itemprop=\"text\" ><p style=\"text-align: center;\"><strong><span style=\"font-size: 18pt;\">Gobierno Regional de Ays\u00e9n resuelve cuestionamientos al proyecto de buses el\u00e9ctricos con jornada informativa para toda la comunidad<\/span><\/strong><\/p>\n<div id=\"gtx-trans\" style=\"position: absolute; left: -50px; top: 4.31534px;\">\n<div class=\"gtx-trans-icon\"><\/div>\n<\/div>\n<\/div><\/section><\/div><div class=\"flex_column av_one_full  flex_column_div av-zero-column-padding first  avia-builder-el-4  el_after_av_one_full  el_before_av_hr  column-top-margin\" style='border-radius:0px; '><section class=\"av_textblock_section \"  itemscope=\"itemscope\" itemtype=\"https:\/\/schema.org\/BlogPosting\" itemprop=\"blogPost\" ><div class='avia_textblock  '   itemprop=\"text\" ><p dir=\"ltr\" style=\"text-align: justify;\">Hace unas semanas la comunidad coyhaiquina vio c\u00f3mo el Consejo Regional de Ays\u00e9n rechazaba la posibilidad de dotar a la capital de un sistema de transporte p\u00fablico, con buses el\u00e9ctricos de \u00faltima generaci\u00f3n, lo que levant\u00f3 una pol\u00e9mica ciudadana e instal\u00f3 un manto de dudas y cuestionamientos hacia quienes rechazaron el proyecto, pero tambi\u00e9n sobre la iniciativa en s\u00ed.<\/p>\n<p dir=\"ltr\" style=\"text-align: justify;\">Es por esta raz\u00f3n que la Gobernadora de Ays\u00e9n, Andrea Mac\u00edas Palma, gestion\u00f3 una jornada informativa abierta a la comunidad, la cual fue transmitida en vivo a trav\u00e9s de las redes sociales del GORE y cont\u00f3 con exposiciones de la Secretar\u00eda Regional Ministerial de Transportes y de la Subsecretar\u00eda de la misma cartera, seguidas por rondas de preguntas donde las y los asistentes pudieron aclarar todas sus inquietudes.<\/p>\n<p dir=\"ltr\" style=\"text-align: justify;\">\u00abLuego del rechazo por parte de algunos consejeros regionales de esta iniciativa, se generaron una serie de dudas y consultas, las cuales hoy pudieron ser respondidas con mayor tiempo, sobre todo en consideraci\u00f3n a que la presentaci\u00f3n inicial fue realizada en el seno del Pleno del Consejo, por tanto los tiempos son mucho m\u00e1s reducidos y no hubo espacios para poder trabajarlo al interior de la propia comisi\u00f3n. Sin embargo, creo que este es un espacio que valoro de manera positiva, porque no s\u00f3lo permiti\u00f3 incrementar el conocimiento y resolver dudas que ten\u00edan los propios consejeros regionales, sino que la ciudadan\u00eda en su conjunto\u00bb, destac\u00f3 la Gobernadora Regional.<\/p>\n<p dir=\"ltr\" style=\"text-align: justify;\">Por su parte, el Delegado Presidencial Regional de Ays\u00e9n, Rodrigo Araya Morales, hizo hincapi\u00e9 en que \u00abson s\u00f3lo tres capitales regionales que no cuentan con transporte urbano regulado, que significa buses p\u00fablicos en los que exista la tarifa para estudiantes y para adultos mayores, vale decir, menos gasto para el bolsillo de las personas (&#8230;) y es compromiso de nuestro Gobierno y nuestro Ministerio el invertir, hacer la proyecci\u00f3n de recursos a ocho a\u00f1os plazo para que eso ocurra\u00bb.<\/p>\n<p dir=\"ltr\" style=\"text-align: justify;\">Si bien, este proyecto, que consist\u00eda en la implementaci\u00f3n de un servicio completo de transporte p\u00fablico, con 37 buses el\u00e9ctricos que transitar\u00edan por la ciudad de Coyhaique y las localidades rurales aleda\u00f1as, fue retrasado en su cronograma por el rechazo en el \u00faltimo Pleno del Consejo Regional, la Gobernadora Andrea Mac\u00edas asegur\u00f3 que volver\u00e1 a presentarlo ante el \u00f3rgano colegiado en la pr\u00f3xima sesi\u00f3n del CORE, con el objetivo de que esta urgente medida pueda salir adelante.<\/p>\n<p dir=\"ltr\" style=\"text-align: justify;\">\u00abEsto es una demostraci\u00f3n, y que bueno que as\u00ed lo haya entendido la Gobernadora, de que aqu\u00ed tenemos que estar todos los actores involucrados disponibles para generar un di\u00e1logo, para abrir la conversaci\u00f3n y aunar esfuerzos para poder avanzar con esta iniciativa, que es tan relevante para el desarrollo de nuestra regi\u00f3n y para el mejoramiento de la calidad de vida de las vecinas y vecinos de la comuna de Coyhaique\u00bb, asegur\u00f3 el seremi de Transporte, Hans Zimmermann Due\u00f1as.<\/p>\n<p dir=\"ltr\" style=\"text-align: justify;\">En tanto, el Consejero Regional Rocco Martiniello \u00c1vila reafirm\u00f3 su convicci\u00f3n sobre la importancia de aprobar esta iniciativa, que ha sido su determinaci\u00f3n desde un comienzo. \u00abSe dice que los que aprobamos este proyecto lo hicimos sin estudio, sin haber le\u00eddo absolutamente nada. Totalmente falso. Estudiamos, le\u00edmos, y hoy d\u00eda nos dan la raz\u00f3n. Esto va en bien de la comunidad, porque ya no somos 17 mil, como cuando yo llegu\u00e9 a esta regi\u00f3n, somos 67 mil y hay casi 30 mil veh\u00edculos circulando en las calles (&#8230;) tenemos que cambiar y ser una ciudad moderna\u00bb, se\u00f1al\u00f3.<\/p>\n<p dir=\"ltr\" style=\"text-align: justify;\">Por \u00faltimo, desde la sociedad civil, la presidenta de la Uni\u00f3n Comunal de Juntas de Vecinos de Coyhaique &#8216;Pampas del Corral&#8217;, Ver\u00f3nica Legue, espera que esta instancia sea suficiente para que los buses el\u00e9ctricos lleguen finalmente a la capital regional: \u00abyo creo que los consejeros regionales que rechazaron este proyecto, se supone que ahora han resuelto todas las dudas que ellos ten\u00edan. Creo que nosotros tambi\u00e9n sacamos nuestras dudas y, bueno, esperemos que este proyecto se suba a tabla y que se apruebe, porque la Regi\u00f3n de Ays\u00e9n y nosotros lo necesitamos, yo represento a la ciudadan\u00eda y la mayor\u00eda de la gente lo necesita\u00bb.<\/p>\n<\/div><\/section><\/div><div  style='height:50px' class='hr hr-invisible   avia-builder-el-6  el_after_av_one_full  el_before_av_social_share '><span class='hr-inner ' ><span class='hr-inner-style'><\/span><\/span><\/div><\/p>\n<div  class='av-social-sharing-box  avia-builder-el-7  el_after_av_hr  el_before_av_hr  '><div class='av-share-box'><h5 class='av-share-link-description av-no-toc '>Compartir esta noticia<\/h5><ul class='av-share-box-list noLightbox'><li class='av-share-link av-social-link-facebook' ><a target=\"_blank\" aria-label=\"Compartir en Facebook\" href='https:\/\/www.facebook.com\/sharer.php?u=https:\/\/radiorevelacionfm.cl\/?p=37004&#038;t=Gobierno%20Regional%20de%20Ays%C3%A9n%20resuelve%20cuestionamientos%20al%20proyecto%20de%20buses%20el%C3%A9ctricos%20con%20jornada%20informativa%20para%20toda%20la%20comunidad' aria-hidden='false' data-av_icon='\ue8f3' data-av_iconfont='entypo-fontello' title='' data-avia-related-tooltip='Compartir en Facebook' rel=\"noopener\"><span class='avia_hidden_link_text'>Compartir en Facebook<\/span><\/a><\/li><li class='av-share-link av-social-link-twitter' ><a target=\"_blank\" aria-label=\"Compartir en Twitter\" href='https:\/\/twitter.com\/share?text=Gobierno%20Regional%20de%20Ays%C3%A9n%20resuelve%20cuestionamientos%20al%20proyecto%20de%20buses%20el%C3%A9ctricos%20con%20jornada%20informativa%20para%20toda%20la%20comunidad&#038;url=https:\/\/radiorevelacionfm.cl\/?p=37004' aria-hidden='false' data-av_icon='\ue8f1' data-av_iconfont='entypo-fontello' title='' data-avia-related-tooltip='Compartir en Twitter' rel=\"noopener\"><span class='avia_hidden_link_text'>Compartir en Twitter<\/span><\/a><\/li><li class='av-share-link av-social-link-whatsapp' ><a target=\"_blank\" aria-label=\"Compartir en Whatsapp\" href='https:\/\/api.whatsapp.com\/send?text=https:\/\/radiorevelacionfm.cl\/?p=37004' aria-hidden='false' data-av_icon='\uf232' data-av_iconfont='entypo-fontello' title='' data-avia-related-tooltip='Compartir en Whatsapp' rel=\"noopener\"><span class='avia_hidden_link_text'>Compartir en Whatsapp<\/span><\/a><\/li><li class='av-share-link av-social-link-linkedin' ><a target=\"_blank\" aria-label=\"Compartir en LinkedIn\" href='https:\/\/linkedin.com\/shareArticle?mini=true&#038;title=Gobierno%20Regional%20de%20Ays%C3%A9n%20resuelve%20cuestionamientos%20al%20proyecto%20de%20buses%20el%C3%A9ctricos%20con%20jornada%20informativa%20para%20toda%20la%20comunidad&#038;url=https:\/\/radiorevelacionfm.cl\/?p=37004' aria-hidden='false' data-av_icon='\ue8fc' data-av_iconfont='entypo-fontello' title='' data-avia-related-tooltip='Compartir en LinkedIn' rel=\"noopener\"><span class='avia_hidden_link_text'>Compartir en LinkedIn<\/span><\/a><\/li><li class='av-share-link av-social-link-mail' ><a  aria-label=\"Compartir por correo\" href='mailto:?subject=Gobierno%20Regional%20de%20Ays%C3%A9n%20resuelve%20cuestionamientos%20al%20proyecto%20de%20buses%20el%C3%A9ctricos%20con%20jornada%20informativa%20para%20toda%20la%20comunidad&#038;body=https:\/\/radiorevelacionfm.cl\/?p=37004' aria-hidden='false' data-av_icon='\ue805' data-av_iconfont='entypo-fontello' title='' data-avia-related-tooltip='Compartir por correo'><span class='avia_hidden_link_text'>Compartir por correo<\/span><\/a><\/li><\/ul><\/div><\/div>\n<div  style='height:50px' class='hr hr-invisible   avia-builder-el-8  el_after_av_social_share  el_before_av_comments_list '><span class='hr-inner ' ><span class='hr-inner-style'><\/span><\/span><\/div>\n<div  class='av-buildercomment  av-blog-meta-html-info-disabled av-blog-meta-tag-disabled  '><\/div>\n","protected":false},"excerpt":{"rendered":"","protected":false},"author":1,"featured_media":37005,"comment_status":"open","ping_status":"open","sticky":false,"template":"","format":"standard","meta":{"footnotes":""},"categories":[38],"tags":[],"class_list":["post-37004","post","type-post","status-publish","format-standard","has-post-thumbnail","hentry","category-regional"],"jetpack_featured_media_url":"https:\/\/radiorevelacionfm.cl\/wp-content\/uploads\/2023\/11\/jornada-buses-4-1_optimized.jpeg","_links":{"self":[{"href":"https:\/\/radiorevelacionfm.cl\/index.php?rest_route=\/wp\/v2\/posts\/37004","targetHints":{"allow":["GET"]}}],"collection":[{"href":"https:\/\/radiorevelacionfm.cl\/index.php?rest_route=\/wp\/v2\/posts"}],"about":[{"href":"https:\/\/radiorevelacionfm.cl\/index.php?rest_route=\/wp\/v2\/types\/post"}],"author":[{"embeddable":true,"href":"https:\/\/radiorevelacionfm.cl\/index.php?rest_route=\/wp\/v2\/users\/1"}],"replies":[{"embeddable":true,"href":"https:\/\/radiorevelacionfm.cl\/index.php?rest_route=%2Fwp%2Fv2%2Fcomments&post=37004"}],"version-history":[{"count":1,"href":"https:\/\/radiorevelacionfm.cl\/index.php?rest_route=\/wp\/v2\/posts\/37004\/revisions"}],"predecessor-version":[{"id":37006,"href":"https:\/\/radiorevelacionfm.cl\/index.php?rest_route=\/wp\/v2\/posts\/37004\/revisions\/37006"}],"wp:featuredmedia":[{"embeddable":true,"href":"https:\/\/radiorevelacionfm.cl\/index.php?rest_route=\/wp\/v2\/media\/37005"}],"wp:attachment":[{"href":"https:\/\/radiorevelacionfm.cl\/index.php?rest_route=%2Fwp%2Fv2%2Fmedia&parent=37004"}],"wp:term":[{"taxonomy":"category","embeddable":true,"href":"https:\/\/radiorevelacionfm.cl\/index.php?rest_route=%2Fwp%2Fv2%2Fcategories&post=37004"},{"taxonomy":"post_tag","embeddable":true,"href":"https:\/\/radiorevelacionfm.cl\/index.php?rest_route=%2Fwp%2Fv2%2Ftags&post=37004"}],"curies":[{"name":"wp","href":"https:\/\/api.w.org\/{rel}","templated":true}]}}