{"id":37001,"date":"2023-11-17T13:03:52","date_gmt":"2023-11-17T16:03:52","guid":{"rendered":"https:\/\/radiorevelacionfm.cl\/?p=37001"},"modified":"2023-11-17T13:03:52","modified_gmt":"2023-11-17T16:03:52","slug":"capacitan-a-equipos-municipales-en-materias-de-prevencion-y-seguridad","status":"publish","type":"post","link":"https:\/\/radiorevelacionfm.cl\/?p=37001","title":{"rendered":"Capacitan a equipos municipales en materias de prevenci\u00f3n y seguridad"},"content":{"rendered":"<div class=\"flex_column av_one_full  flex_column_div av-zero-column-padding first  avia-builder-el-0  el_before_av_one_full  avia-builder-el-first  \" style='border-radius:0px; '><div  class='avia-image-container  av-styling-    avia-builder-el-1  avia-builder-el-no-sibling  avia-align-center '  itemprop=\"image\" itemscope=\"itemscope\" itemtype=\"https:\/\/schema.org\/ImageObject\"  ><div class='avia-image-container-inner'><div class='avia-image-overlay-wrap'><img decoding=\"async\" class='wp-image-37002 avia-img-lazy-loading-not-37002 avia_image' src=\"https:\/\/radiorevelacionfm.cl\/wp-content\/uploads\/2023\/11\/8289ae02-dc8d-4cb4-aaa8-297870b0ea8e-1_optimized.jpg\" alt='' title='8289ae02-dc8d-4cb4-aaa8-297870b0ea8e-(1)_optimized' height=\"600\" width=\"788\"  itemprop=\"thumbnailUrl\" srcset=\"https:\/\/radiorevelacionfm.cl\/wp-content\/uploads\/2023\/11\/8289ae02-dc8d-4cb4-aaa8-297870b0ea8e-1_optimized.jpg 788w, https:\/\/radiorevelacionfm.cl\/wp-content\/uploads\/2023\/11\/8289ae02-dc8d-4cb4-aaa8-297870b0ea8e-1_optimized-300x228.jpg 300w, https:\/\/radiorevelacionfm.cl\/wp-content\/uploads\/2023\/11\/8289ae02-dc8d-4cb4-aaa8-297870b0ea8e-1_optimized-768x585.jpg 768w, https:\/\/radiorevelacionfm.cl\/wp-content\/uploads\/2023\/11\/8289ae02-dc8d-4cb4-aaa8-297870b0ea8e-1_optimized-705x537.jpg 705w, https:\/\/radiorevelacionfm.cl\/wp-content\/uploads\/2023\/11\/8289ae02-dc8d-4cb4-aaa8-297870b0ea8e-1_optimized-450x343.jpg 450w, https:\/\/radiorevelacionfm.cl\/wp-content\/uploads\/2023\/11\/8289ae02-dc8d-4cb4-aaa8-297870b0ea8e-1_optimized-600x457.jpg 600w\" sizes=\"(max-width: 788px) 100vw, 788px\" \/><\/div><\/div><\/div><\/div><div class=\"flex_column av_one_full  flex_column_div av-zero-column-padding first  avia-builder-el-2  el_after_av_one_full  el_before_av_one_full  column-top-margin\" style='border-radius:0px; '><section class=\"av_textblock_section \"  itemscope=\"itemscope\" itemtype=\"https:\/\/schema.org\/BlogPosting\" itemprop=\"blogPost\" ><div class='avia_textblock  '   itemprop=\"text\" ><p style=\"text-align: center;\"><strong><span style=\"font-size: 18pt;\">Capacitan a equipos municipales en materias de prevenci\u00f3n y seguridad<\/span><\/strong><\/p>\n<div id=\"gtx-trans\" style=\"position: absolute; left: -50px; top: 4.31534px;\">\n<div class=\"gtx-trans-icon\"><\/div>\n<\/div>\n<\/div><\/section><\/div><div class=\"flex_column av_one_full  flex_column_div av-zero-column-padding first  avia-builder-el-4  el_after_av_one_full  el_before_av_hr  column-top-margin\" style='border-radius:0px; '><section class=\"av_textblock_section \"  itemscope=\"itemscope\" itemtype=\"https:\/\/schema.org\/BlogPosting\" itemprop=\"blogPost\" ><div class='avia_textblock  '   itemprop=\"text\" ><p style=\"text-align: justify;\">La jornada reuni\u00f3 a nueve municipios, entre estos aquellos con los que existe la firma del convenio OS.14, enfatizando en un trabajo mancomunado en lo situacional, orientado a ampliar las capacidades de vigilancia y potenciar la seguridad p\u00fablica.<\/p>\n<p style=\"text-align: justify;\">Con la finalidad de mejorar las competencias en el \u00e1mbito de la prevenci\u00f3n y seguridad de inspectores municipales encargados de seguridad p\u00fablica comunal adscritos a la firma de convenios OS.14, Carabineros junto a la Fiscal\u00eda y Subsecretar\u00eda de Prevenci\u00f3n del Delito, desarrollaron jornada de capacitaci\u00f3n para un mejor servicio y brindar m\u00e1s seguridad a la comunidad.<\/p>\n<p style=\"text-align: justify;\">La jornada que se desarroll\u00f3 en dependencias de la 1ra. Comisar\u00eda de Coyhaique fue liderada por el Jefe de Zona Ays\u00e9n, General Patricio Javier Santos Poblete junto al Delegado Presidencial Regional de Ays\u00e9n, Rodrigo Araya Morales y el Fiscal Regional de Ays\u00e9n, Carlos Palma Guerra, reuni\u00f3 a 33 funcionarios de manera presencial y v\u00eda streaming con las otras comunas de la regi\u00f3n.<\/p>\n<p style=\"text-align: justify;\">De de la mano del Departamento Jur\u00eddico de Carabineros y la Fiscal\u00eda, se profundiz\u00f3 en ejes esenciales del trabajo operativo, tales como aspectos legales, DD.HH., primeros auxilios psicol\u00f3gicos, n\u00fameros de emergencia, entre otros aspectos fundamentales para el desarrollo de estos patrullajes mixtos de un trabajo colaborativo e interinstitucional que buscan mejorar los tiempos de respuesta, presencia activa y m\u00e1s cobertura para una mejor oferta de seguridad.<\/p>\n<p style=\"text-align: justify;\"><strong>Compromiso con la seguridad<\/strong><\/p>\n<p style=\"text-align: justify;\">El Delegado Presidencial Regional Ays\u00e9n, Rodrigo Araya Morales indic\u00f3 que la seguridad constituye un tema de importancia para la administraci\u00f3n del Presidente Gabriel Boric, para lo cual han sido destinados no solo recursos financieros (para la adquisici\u00f3n de veh\u00edculo) sino tambi\u00e9n recursos humanos para la coordinaci\u00f3n y refuerzos para el \u00e1rea investigativa.<\/p>\n<p style=\"text-align: justify;\">\u00abEso requiere de innovaci\u00f3n y esas mejoras tienen que ver tambi\u00e9n con c\u00f3mo esta coordinaci\u00f3n entre las instituciones se puede materializar (&#8230;) la implementaci\u00f3n de nuevas estrategias de seguridad que van aparejadas a esta implementaci\u00f3n de veh\u00edculos y recursos humanos de los municipios y c\u00f3mo se relacionan con Carabineros\u00bb, indic\u00f3.<\/p>\n<p style=\"text-align: justify;\">Se trata de la primera actividad desarrollada en la regi\u00f3n junto a los municipios. \u00abEn otras regiones del pa\u00eds esto ha sido tremendamente exitoso y nosotros confiamos que en nuestra regi\u00f3n tambi\u00e9n lo va a ser, pero el rol que tienen que desempe\u00f1ar los funcionarios p\u00fablicos, el rol de Carabineros en esta vigilancia compartida hay que definirlo muy bien\u00bb.<\/p>\n<p style=\"text-align: justify;\">Asimismo el Delegado Presidencial Regional destac\u00f3 que el compromiso de los Alcaldes, de los equipos municipales en mejorar la seguridad p\u00fablica es de especial relevancia, porque \u00abnos permite tener una sociedad con una sensaci\u00f3n de seguridad mejor\u00bb.<\/p>\n<p style=\"text-align: justify;\"><strong>Trabajo conjunto con lo situacional<\/strong><\/p>\n<p style=\"text-align: justify;\">El Jefe de Zona Ays\u00e9n, General Patricio Santos Poblete, indic\u00f3 que dentro del proceso de reforma y modernizaci\u00f3n de Carabineros hay hitos en el \u00e1rea de DD.HH., perfeccionamiento continuo desarrollando trabajo y capacitaciones en conjunto con la Fiscal\u00eda, trabajo al que se suman hoy los municipios, lo cual responde al principio de la seguridad como tarea de todos.<\/p>\n<p style=\"text-align: justify;\">Respecto al origen o el por qu\u00e9 se genera el delito, el General Santos indic\u00f3 que sobre esta materia convergen la prevenci\u00f3n social y la prevenci\u00f3n situacional. Sobre la primera, hay personas que por alguna raz\u00f3n se desv\u00edan y hacen del delito una acci\u00f3n regular y lo convierten en su trabajo.<\/p>\n<p style=\"text-align: justify;\">\u00abCuando una persona est\u00e1 decidida a robar, entramos al segundo dominio, cual es, la prevenci\u00f3n situacional, en la cual se encuentran dos elementos fundamentales: las v\u00edctimas potenciales y los elementos de contexto o entorno urban\u00edstico que propician que las actividades delictuales se desarrollen\u00bb, explic\u00f3.<\/p>\n<p style=\"text-align: justify;\">\u00abEn esos lugares, en esos ambientes de trabajo -en lo situacional- es donde van a trabajar estas duplas entre Carabineros e inspectores municipales\u00bb, expres\u00f3.<\/p>\n<p style=\"text-align: justify;\">Dichos patrullajes pueden ser realizados no solo en veh\u00edculo, sino tambi\u00e9n a pi\u00e9, en caballo u otro medio, seg\u00fan el an\u00e1lisis criminal efectuado.<\/p>\n<p style=\"text-align: justify;\">En tal sentido, levantar factores de riesgo o lugares en los cuales se pudieran generar delitos y buscar una soluci\u00f3n entre las distintas agencias corresponsables para resolver esos problemas, permitir\u00e1 controlar variables que dependan de la polic\u00eda.<\/p>\n<p style=\"text-align: justify;\">Las polic\u00edas y la Fiscal\u00eda act\u00faan en el ex post a la comisi\u00f3n del delito, no obstante en el ex ante, en la construcci\u00f3n de una sociedad mejor, participan elementos propios de la educaci\u00f3n o de la prevenci\u00f3n social que permiten generar valor en conductas humanas de respeto.<\/p>\n<p style=\"text-align: justify;\">Finalmente indic\u00f3 que actualmente esta estrategia de trabajo se extiende en 220 comunas que han firmado convenios abarcando cerca del 80% de la poblaci\u00f3n nacional, contribuyendo a la disminuci\u00f3n del delito y a elevar la percepci\u00f3n de seguridad.<\/p>\n<p style=\"text-align: justify;\"><strong>Trabajo mancomunado<\/strong><\/p>\n<p style=\"text-align: justify;\">Por su parte el Fiscal Regional de Ays\u00e9n, Carlos Palma Guerra, indic\u00f3 que el Ministerio P\u00fablico busca ser un colaborador en materia de seguridad p\u00fablica orientado a brindar un mejor bienestar para la comunidad, lo cual se logra a trav\u00e9s de este tipo de convenios que concentra m\u00e1s del 80% de la poblaci\u00f3n urbana del pa\u00eds.<\/p>\n<p style=\"text-align: justify;\">\u00abLa seguridad p\u00fablica es un problema de todos. La \u00fanica forma de lograr seguridad es que todos seamos conscientes de aquello y que trabajemos mancomunadamente para eso y es lo que hemos estado haciendo en esta regi\u00f3n hace ya varios a\u00f1os\u00bb, expres\u00f3.<\/p>\n<p style=\"text-align: justify;\">Ays\u00e9n posee actualmente los mejores resultados de percepci\u00f3n penal del pa\u00eds, m\u00e1s del 70% (&#8230;) la sensaci\u00f3n de satisfacci\u00f3n de la comunidad por el trabajo presentado por el sistema procesal penal en la regi\u00f3n, neto, es del 65% y en el pa\u00eds -en promedio-\u00a0es del 6%.<\/p>\n<p style=\"text-align: justify;\">Integrar a la comunidad a trav\u00e9s de los municipios a la prevenci\u00f3n es fundamental para atender factores de riesgo, ampliar la cobertura y brindar una mejor respuesta a la poblaci\u00f3n y satisfacer las demandas en materia de seguridad.<\/p>\n<\/div><\/section><\/div><div  style='height:50px' class='hr hr-invisible   avia-builder-el-6  el_after_av_one_full  el_before_av_social_share '><span class='hr-inner ' ><span class='hr-inner-style'><\/span><\/span><\/div><\/p>\n<div  class='av-social-sharing-box  avia-builder-el-7  el_after_av_hr  el_before_av_hr  '><div class='av-share-box'><h5 class='av-share-link-description av-no-toc '>Compartir esta noticia<\/h5><ul class='av-share-box-list noLightbox'><li class='av-share-link av-social-link-facebook' ><a target=\"_blank\" aria-label=\"Compartir en Facebook\" href='https:\/\/www.facebook.com\/sharer.php?u=https:\/\/radiorevelacionfm.cl\/?p=37001&#038;t=Capacitan%20a%20equipos%20municipales%20en%20materias%20de%20prevenci%C3%B3n%20y%20seguridad' aria-hidden='false' data-av_icon='\ue8f3' data-av_iconfont='entypo-fontello' title='' data-avia-related-tooltip='Compartir en Facebook' rel=\"noopener\"><span class='avia_hidden_link_text'>Compartir en Facebook<\/span><\/a><\/li><li class='av-share-link av-social-link-twitter' ><a target=\"_blank\" aria-label=\"Compartir en Twitter\" href='https:\/\/twitter.com\/share?text=Capacitan%20a%20equipos%20municipales%20en%20materias%20de%20prevenci%C3%B3n%20y%20seguridad&#038;url=https:\/\/radiorevelacionfm.cl\/?p=37001' aria-hidden='false' data-av_icon='\ue8f1' data-av_iconfont='entypo-fontello' title='' data-avia-related-tooltip='Compartir en Twitter' rel=\"noopener\"><span class='avia_hidden_link_text'>Compartir en Twitter<\/span><\/a><\/li><li class='av-share-link av-social-link-whatsapp' ><a target=\"_blank\" aria-label=\"Compartir en Whatsapp\" href='https:\/\/api.whatsapp.com\/send?text=https:\/\/radiorevelacionfm.cl\/?p=37001' aria-hidden='false' data-av_icon='\uf232' data-av_iconfont='entypo-fontello' title='' data-avia-related-tooltip='Compartir en Whatsapp' rel=\"noopener\"><span class='avia_hidden_link_text'>Compartir en Whatsapp<\/span><\/a><\/li><li class='av-share-link av-social-link-linkedin' ><a target=\"_blank\" aria-label=\"Compartir en LinkedIn\" href='https:\/\/linkedin.com\/shareArticle?mini=true&#038;title=Capacitan%20a%20equipos%20municipales%20en%20materias%20de%20prevenci%C3%B3n%20y%20seguridad&#038;url=https:\/\/radiorevelacionfm.cl\/?p=37001' aria-hidden='false' data-av_icon='\ue8fc' data-av_iconfont='entypo-fontello' title='' data-avia-related-tooltip='Compartir en LinkedIn' rel=\"noopener\"><span class='avia_hidden_link_text'>Compartir en LinkedIn<\/span><\/a><\/li><li class='av-share-link av-social-link-mail' ><a  aria-label=\"Compartir por correo\" href='mailto:?subject=Capacitan%20a%20equipos%20municipales%20en%20materias%20de%20prevenci%C3%B3n%20y%20seguridad&#038;body=https:\/\/radiorevelacionfm.cl\/?p=37001' aria-hidden='false' data-av_icon='\ue805' data-av_iconfont='entypo-fontello' title='' data-avia-related-tooltip='Compartir por correo'><span class='avia_hidden_link_text'>Compartir por correo<\/span><\/a><\/li><\/ul><\/div><\/div>\n<div  style='height:50px' class='hr hr-invisible   avia-builder-el-8  el_after_av_social_share  el_before_av_comments_list '><span class='hr-inner ' ><span class='hr-inner-style'><\/span><\/span><\/div>\n<div  class='av-buildercomment  av-blog-meta-html-info-disabled av-blog-meta-tag-disabled  '><\/div>\n","protected":false},"excerpt":{"rendered":"","protected":false},"author":1,"featured_media":37002,"comment_status":"open","ping_status":"open","sticky":false,"template":"","format":"standard","meta":{"footnotes":""},"categories":[38],"tags":[],"class_list":["post-37001","post","type-post","status-publish","format-standard","has-post-thumbnail","hentry","category-regional"],"jetpack_featured_media_url":"https:\/\/radiorevelacionfm.cl\/wp-content\/uploads\/2023\/11\/8289ae02-dc8d-4cb4-aaa8-297870b0ea8e-1_optimized.jpg","_links":{"self":[{"href":"https:\/\/radiorevelacionfm.cl\/index.php?rest_route=\/wp\/v2\/posts\/37001","targetHints":{"allow":["GET"]}}],"collection":[{"href":"https:\/\/radiorevelacionfm.cl\/index.php?rest_route=\/wp\/v2\/posts"}],"about":[{"href":"https:\/\/radiorevelacionfm.cl\/index.php?rest_route=\/wp\/v2\/types\/post"}],"author":[{"embeddable":true,"href":"https:\/\/radiorevelacionfm.cl\/index.php?rest_route=\/wp\/v2\/users\/1"}],"replies":[{"embeddable":true,"href":"https:\/\/radiorevelacionfm.cl\/index.php?rest_route=%2Fwp%2Fv2%2Fcomments&post=37001"}],"version-history":[{"count":1,"href":"https:\/\/radiorevelacionfm.cl\/index.php?rest_route=\/wp\/v2\/posts\/37001\/revisions"}],"predecessor-version":[{"id":37003,"href":"https:\/\/radiorevelacionfm.cl\/index.php?rest_route=\/wp\/v2\/posts\/37001\/revisions\/37003"}],"wp:featuredmedia":[{"embeddable":true,"href":"https:\/\/radiorevelacionfm.cl\/index.php?rest_route=\/wp\/v2\/media\/37002"}],"wp:attachment":[{"href":"https:\/\/radiorevelacionfm.cl\/index.php?rest_route=%2Fwp%2Fv2%2Fmedia&parent=37001"}],"wp:term":[{"taxonomy":"category","embeddable":true,"href":"https:\/\/radiorevelacionfm.cl\/index.php?rest_route=%2Fwp%2Fv2%2Fcategories&post=37001"},{"taxonomy":"post_tag","embeddable":true,"href":"https:\/\/radiorevelacionfm.cl\/index.php?rest_route=%2Fwp%2Fv2%2Ftags&post=37001"}],"curies":[{"name":"wp","href":"https:\/\/api.w.org\/{rel}","templated":true}]}}