{"id":36995,"date":"2023-11-15T21:55:11","date_gmt":"2023-11-16T00:55:11","guid":{"rendered":"https:\/\/radiorevelacionfm.cl\/?p=36995"},"modified":"2023-11-15T21:55:11","modified_gmt":"2023-11-16T00:55:11","slug":"alcalde-de-aysen-y-banda-instrumental-de-carabineros-saludan-a-radio-las-nieves-en-sus-30-anos","status":"publish","type":"post","link":"https:\/\/radiorevelacionfm.cl\/?p=36995","title":{"rendered":"Alcalde de Ays\u00e9n y Banda Instrumental de Carabineros saludan a Radio Las Nieves en sus 30 a\u00f1os"},"content":{"rendered":"<div class=\"flex_column av_one_full  flex_column_div av-zero-column-padding first  avia-builder-el-0  el_before_av_one_full  avia-builder-el-first  \" style='border-radius:0px; '><div  class='avia-image-container  av-styling-    avia-builder-el-1  avia-builder-el-no-sibling  avia-align-center '  itemprop=\"image\" itemscope=\"itemscope\" itemtype=\"https:\/\/schema.org\/ImageObject\"  ><div class='avia-image-container-inner'><div class='avia-image-overlay-wrap'><img decoding=\"async\" class='wp-image-36996 avia-img-lazy-loading-not-36996 avia_image' src=\"https:\/\/radiorevelacionfm.cl\/wp-content\/uploads\/2023\/11\/aniversario-radio-las-nieves-1-1_optimized-1.jpg\" alt='' title='aniversario-radio-las-nieves-1-(1)_optimized (1)' height=\"600\" width=\"1067\"  itemprop=\"thumbnailUrl\" srcset=\"https:\/\/radiorevelacionfm.cl\/wp-content\/uploads\/2023\/11\/aniversario-radio-las-nieves-1-1_optimized-1.jpg 1067w, https:\/\/radiorevelacionfm.cl\/wp-content\/uploads\/2023\/11\/aniversario-radio-las-nieves-1-1_optimized-1-300x169.jpg 300w, https:\/\/radiorevelacionfm.cl\/wp-content\/uploads\/2023\/11\/aniversario-radio-las-nieves-1-1_optimized-1-1030x579.jpg 1030w, https:\/\/radiorevelacionfm.cl\/wp-content\/uploads\/2023\/11\/aniversario-radio-las-nieves-1-1_optimized-1-768x432.jpg 768w, https:\/\/radiorevelacionfm.cl\/wp-content\/uploads\/2023\/11\/aniversario-radio-las-nieves-1-1_optimized-1-705x396.jpg 705w, https:\/\/radiorevelacionfm.cl\/wp-content\/uploads\/2023\/11\/aniversario-radio-las-nieves-1-1_optimized-1-450x253.jpg 450w, https:\/\/radiorevelacionfm.cl\/wp-content\/uploads\/2023\/11\/aniversario-radio-las-nieves-1-1_optimized-1-600x337.jpg 600w\" sizes=\"(max-width: 1067px) 100vw, 1067px\" \/><\/div><\/div><\/div><\/div><div class=\"flex_column av_one_full  flex_column_div av-zero-column-padding first  avia-builder-el-2  el_after_av_one_full  el_before_av_one_full  column-top-margin\" style='border-radius:0px; '><section class=\"av_textblock_section \"  itemscope=\"itemscope\" itemtype=\"https:\/\/schema.org\/BlogPosting\" itemprop=\"blogPost\" ><div class='avia_textblock  '   itemprop=\"text\" ><p style=\"text-align: center;\"><strong><span style=\"font-size: 18pt;\">Alcalde de Ays\u00e9n y Banda Instrumental de Carabineros saludan a Radio Las Nieves en sus 30 a\u00f1os<\/span><\/strong><\/p>\n<div id=\"gtx-trans\" style=\"position: absolute; left: -50px; top: 4.31534px;\">\n<div class=\"gtx-trans-icon\"><\/div>\n<\/div>\n<\/div><\/section><\/div><div class=\"flex_column av_one_full  flex_column_div av-zero-column-padding first  avia-builder-el-4  el_after_av_one_full  el_before_av_hr  column-top-margin\" style='border-radius:0px; '><section class=\"av_textblock_section \"  itemscope=\"itemscope\" itemtype=\"https:\/\/schema.org\/BlogPosting\" itemprop=\"blogPost\" ><div class='avia_textblock  '   itemprop=\"text\" ><p style=\"text-align: justify;\">Hasta los estudios de Radio Las Nieves de Puerto Ays\u00e9n lleg\u00f3 el Alcalde Julio Uribe, esta vez, por un motivo muy especial, la emisora estaba cumpliendo sus 30 a\u00f1os al aire, en el 102.9 de la Frecuencia Modulada del dial.<\/p>\n<p style=\"text-align: justify;\">En el mismo instante, la Banda Instrumental de Carabineros brindaba un mini concierto con feliz cumplea\u00f1os incluido para todo el personal de la RLN, encabezada por su director Orlando Figuerola Lewis, quien valor\u00f3 y agradeci\u00f3 las visitas.<\/p>\n<p style=\"text-align: justify;\">Estos son, \u201c30 a\u00f1os de solo crecer\u201d, sostuvo Figuerola, \u201cson 30 a\u00f1os de un tremendo trabajo mancomunado, en que, se ha logrado armonizar el equipo, la que gente que compone la emisora con su director, lo que nos ha permitido hoy en d\u00eda tener una Radio Las Nieves en los tiempos que se viven, tecnol\u00f3gicamente de avanzada, muy bien preparada, muy bien equipada, atendiendo y acompa\u00f1ando a la comunidad de Ays\u00e9n. Estamos muy contentos, muy felices, porque son 30 a\u00f1os de solo crecer\u201d.<\/p>\n<p style=\"text-align: justify;\">En tanto, el Alcalde de la comuna de Ays\u00e9n, Julio Uribe Alvarado, relev\u00f3 el espacio que siempre le ha brindado Radio Las Nieves, siendo dirigente social y autoridad.<\/p>\n<p style=\"text-align: justify;\">\u201cPara m\u00ed, es muy importante estar ac\u00e1 con los funcionarios de radio Las Nieves, con su director don Orlando Figuerola, quienes desde hace muchos a\u00f1os me han abierto las puertas de la radio y que hemos podido, en mis diferentes facetas como dirigente social, Consejero Regional y hoy de Alcalde, poder estar informando a trav\u00e9s de la radio. Creo que hoy radio Las Nieves tiene una trayectoria, tiene una seriedad de trabajo, sus locutores y todos quienes trabajan aqu\u00ed, son personas muy amables y serviciales, eso uno lo agradece desde siempre, por ello, no me queda m\u00e1s que felicitar a todo el equipo de radio Las Nieves\u201d.<\/p>\n<p style=\"text-align: justify;\">Actualmente son alrededor de 8 las personas que trabajan en radio Las Nieves de Puerto Ays\u00e9n, entre administrativos, locutores, reporteros y controles. Medio que con el esfuerzo de todos m\u00e1s el apoyo necesario siempre de las publicidades, servicios p\u00fablicos y autoridades, ha podido seguir creciendo, es por eso que, agradecieron a cada uno de sus auspiciadores, instando a quienes quieran sumarse a su parrilla program\u00e1tica a contactarlos mediante su p\u00e1gina web o redes sociales, ahora, con nueva imagen corporativa que estrenaron al cumplir 30 a\u00f1os.<\/p>\n<\/div><\/section><\/div><div  style='height:50px' class='hr hr-invisible   avia-builder-el-6  el_after_av_one_full  el_before_av_social_share '><span class='hr-inner ' ><span class='hr-inner-style'><\/span><\/span><\/div><\/p>\n<div  class='av-social-sharing-box  avia-builder-el-7  el_after_av_hr  el_before_av_hr  '><div class='av-share-box'><h5 class='av-share-link-description av-no-toc '>Compartir esta noticia<\/h5><ul class='av-share-box-list noLightbox'><li class='av-share-link av-social-link-facebook' ><a target=\"_blank\" aria-label=\"Compartir en Facebook\" href='https:\/\/www.facebook.com\/sharer.php?u=https:\/\/radiorevelacionfm.cl\/?p=36995&#038;t=Alcalde%20de%20Ays%C3%A9n%20y%20Banda%20Instrumental%20de%20Carabineros%20saludan%20a%20Radio%20Las%20Nieves%20en%20sus%2030%20a%C3%B1os' aria-hidden='false' data-av_icon='\ue8f3' data-av_iconfont='entypo-fontello' title='' data-avia-related-tooltip='Compartir en Facebook' rel=\"noopener\"><span class='avia_hidden_link_text'>Compartir en Facebook<\/span><\/a><\/li><li class='av-share-link av-social-link-twitter' ><a target=\"_blank\" aria-label=\"Compartir en Twitter\" href='https:\/\/twitter.com\/share?text=Alcalde%20de%20Ays%C3%A9n%20y%20Banda%20Instrumental%20de%20Carabineros%20saludan%20a%20Radio%20Las%20Nieves%20en%20sus%2030%20a%C3%B1os&#038;url=https:\/\/radiorevelacionfm.cl\/?p=36995' aria-hidden='false' data-av_icon='\ue8f1' data-av_iconfont='entypo-fontello' title='' data-avia-related-tooltip='Compartir en Twitter' rel=\"noopener\"><span class='avia_hidden_link_text'>Compartir en Twitter<\/span><\/a><\/li><li class='av-share-link av-social-link-whatsapp' ><a target=\"_blank\" aria-label=\"Compartir en Whatsapp\" href='https:\/\/api.whatsapp.com\/send?text=https:\/\/radiorevelacionfm.cl\/?p=36995' aria-hidden='false' data-av_icon='\uf232' data-av_iconfont='entypo-fontello' title='' data-avia-related-tooltip='Compartir en Whatsapp' rel=\"noopener\"><span class='avia_hidden_link_text'>Compartir en Whatsapp<\/span><\/a><\/li><li class='av-share-link av-social-link-linkedin' ><a target=\"_blank\" aria-label=\"Compartir en LinkedIn\" href='https:\/\/linkedin.com\/shareArticle?mini=true&#038;title=Alcalde%20de%20Ays%C3%A9n%20y%20Banda%20Instrumental%20de%20Carabineros%20saludan%20a%20Radio%20Las%20Nieves%20en%20sus%2030%20a%C3%B1os&#038;url=https:\/\/radiorevelacionfm.cl\/?p=36995' aria-hidden='false' data-av_icon='\ue8fc' data-av_iconfont='entypo-fontello' title='' data-avia-related-tooltip='Compartir en LinkedIn' rel=\"noopener\"><span class='avia_hidden_link_text'>Compartir en LinkedIn<\/span><\/a><\/li><li class='av-share-link av-social-link-mail' ><a  aria-label=\"Compartir por correo\" href='mailto:?subject=Alcalde%20de%20Ays%C3%A9n%20y%20Banda%20Instrumental%20de%20Carabineros%20saludan%20a%20Radio%20Las%20Nieves%20en%20sus%2030%20a%C3%B1os&#038;body=https:\/\/radiorevelacionfm.cl\/?p=36995' aria-hidden='false' data-av_icon='\ue805' data-av_iconfont='entypo-fontello' title='' data-avia-related-tooltip='Compartir por correo'><span class='avia_hidden_link_text'>Compartir por correo<\/span><\/a><\/li><\/ul><\/div><\/div>\n<div  style='height:50px' class='hr hr-invisible   avia-builder-el-8  el_after_av_social_share  el_before_av_comments_list '><span class='hr-inner ' ><span class='hr-inner-style'><\/span><\/span><\/div>\n<div  class='av-buildercomment  av-blog-meta-html-info-disabled av-blog-meta-tag-disabled  '><\/div>\n","protected":false},"excerpt":{"rendered":"","protected":false},"author":1,"featured_media":36996,"comment_status":"open","ping_status":"open","sticky":false,"template":"","format":"standard","meta":{"footnotes":""},"categories":[38],"tags":[],"class_list":["post-36995","post","type-post","status-publish","format-standard","has-post-thumbnail","hentry","category-regional"],"jetpack_featured_media_url":"https:\/\/radiorevelacionfm.cl\/wp-content\/uploads\/2023\/11\/aniversario-radio-las-nieves-1-1_optimized-1.jpg","_links":{"self":[{"href":"https:\/\/radiorevelacionfm.cl\/index.php?rest_route=\/wp\/v2\/posts\/36995","targetHints":{"allow":["GET"]}}],"collection":[{"href":"https:\/\/radiorevelacionfm.cl\/index.php?rest_route=\/wp\/v2\/posts"}],"about":[{"href":"https:\/\/radiorevelacionfm.cl\/index.php?rest_route=\/wp\/v2\/types\/post"}],"author":[{"embeddable":true,"href":"https:\/\/radiorevelacionfm.cl\/index.php?rest_route=\/wp\/v2\/users\/1"}],"replies":[{"embeddable":true,"href":"https:\/\/radiorevelacionfm.cl\/index.php?rest_route=%2Fwp%2Fv2%2Fcomments&post=36995"}],"version-history":[{"count":1,"href":"https:\/\/radiorevelacionfm.cl\/index.php?rest_route=\/wp\/v2\/posts\/36995\/revisions"}],"predecessor-version":[{"id":36997,"href":"https:\/\/radiorevelacionfm.cl\/index.php?rest_route=\/wp\/v2\/posts\/36995\/revisions\/36997"}],"wp:featuredmedia":[{"embeddable":true,"href":"https:\/\/radiorevelacionfm.cl\/index.php?rest_route=\/wp\/v2\/media\/36996"}],"wp:attachment":[{"href":"https:\/\/radiorevelacionfm.cl\/index.php?rest_route=%2Fwp%2Fv2%2Fmedia&parent=36995"}],"wp:term":[{"taxonomy":"category","embeddable":true,"href":"https:\/\/radiorevelacionfm.cl\/index.php?rest_route=%2Fwp%2Fv2%2Fcategories&post=36995"},{"taxonomy":"post_tag","embeddable":true,"href":"https:\/\/radiorevelacionfm.cl\/index.php?rest_route=%2Fwp%2Fv2%2Ftags&post=36995"}],"curies":[{"name":"wp","href":"https:\/\/api.w.org\/{rel}","templated":true}]}}