{"id":36990,"date":"2023-11-16T20:07:14","date_gmt":"2023-11-16T23:07:14","guid":{"rendered":"https:\/\/radiorevelacionfm.cl\/?p=36990"},"modified":"2023-11-16T20:07:14","modified_gmt":"2023-11-16T23:07:14","slug":"ministro-anuncia-proyecto-de-financiamiento-permanente-para-promocionar-a-chile-en-el-extranjero-tras-cuestionamientos-del-diputado-calisto","status":"publish","type":"post","link":"https:\/\/radiorevelacionfm.cl\/?p=36990","title":{"rendered":"Ministro anuncia proyecto de financiamiento permanente para promocionar a Chile en el extranjero tras cuestionamientos del diputado Calisto"},"content":{"rendered":"<div class=\"flex_column av_one_full  flex_column_div av-zero-column-padding first  avia-builder-el-0  el_before_av_one_full  avia-builder-el-first  \" style='border-radius:0px; '><div  class='avia-image-container  av-styling-    avia-builder-el-1  avia-builder-el-no-sibling  avia-align-center '  itemprop=\"image\" itemscope=\"itemscope\" itemtype=\"https:\/\/schema.org\/ImageObject\"  ><div class='avia-image-container-inner'><div class='avia-image-overlay-wrap'><img decoding=\"async\" class='wp-image-36991 avia-img-lazy-loading-not-36991 avia_image' src=\"https:\/\/radiorevelacionfm.cl\/wp-content\/uploads\/2023\/11\/CALISTO-EN-SALA-PRESUPUESTO-1-1.jpeg\" alt='' title='CALISTO EN SALA PRESUPUESTO (1) (1)' height=\"600\" width=\"995\"  itemprop=\"thumbnailUrl\" srcset=\"https:\/\/radiorevelacionfm.cl\/wp-content\/uploads\/2023\/11\/CALISTO-EN-SALA-PRESUPUESTO-1-1.jpeg 995w, https:\/\/radiorevelacionfm.cl\/wp-content\/uploads\/2023\/11\/CALISTO-EN-SALA-PRESUPUESTO-1-1-300x181.jpeg 300w, https:\/\/radiorevelacionfm.cl\/wp-content\/uploads\/2023\/11\/CALISTO-EN-SALA-PRESUPUESTO-1-1-768x463.jpeg 768w, https:\/\/radiorevelacionfm.cl\/wp-content\/uploads\/2023\/11\/CALISTO-EN-SALA-PRESUPUESTO-1-1-705x425.jpeg 705w, https:\/\/radiorevelacionfm.cl\/wp-content\/uploads\/2023\/11\/CALISTO-EN-SALA-PRESUPUESTO-1-1-450x271.jpeg 450w, https:\/\/radiorevelacionfm.cl\/wp-content\/uploads\/2023\/11\/CALISTO-EN-SALA-PRESUPUESTO-1-1-600x362.jpeg 600w\" sizes=\"(max-width: 995px) 100vw, 995px\" \/><\/div><\/div><\/div><\/div><div class=\"flex_column av_one_full  flex_column_div av-zero-column-padding first  avia-builder-el-2  el_after_av_one_full  el_before_av_one_full  column-top-margin\" style='border-radius:0px; '><section class=\"av_textblock_section \"  itemscope=\"itemscope\" itemtype=\"https:\/\/schema.org\/BlogPosting\" itemprop=\"blogPost\" ><div class='avia_textblock  '   itemprop=\"text\" ><p style=\"text-align: center;\"><span style=\"font-size: 18pt;\"><b>Ministro anuncia proyecto de financiamiento permanente para promocionar a Chile en el extranjero\u00a0<\/b><b>tras cuestionamientos del diputado Calisto<\/b><\/span><\/p>\n<div id=\"gtx-trans\" style=\"position: absolute; left: -50px; top: 4.31534px;\">\n<div class=\"gtx-trans-icon\"><\/div>\n<\/div>\n<\/div><\/section><\/div><div class=\"flex_column av_one_full  flex_column_div av-zero-column-padding first  avia-builder-el-4  el_after_av_one_full  el_before_av_hr  column-top-margin\" style='border-radius:0px; '><section class=\"av_textblock_section \"  itemscope=\"itemscope\" itemtype=\"https:\/\/schema.org\/BlogPosting\" itemprop=\"blogPost\" ><div class='avia_textblock  '   itemprop=\"text\" ><p style=\"font-weight: 400; text-align: justify;\"><em>El legislador le plante\u00f3 la preocupaci\u00f3n que existe en el rubro del turismo en la regi\u00f3n por la disminuci\u00f3n del presupuesto en esta materia. \u00a0<\/em><\/p>\n<p style=\"font-weight: 400; text-align: justify;\">En el marco de la discusi\u00f3n de la ley de presupuesto, el diputado Miguel \u00c1ngel Calisto plante\u00f3 la preocupaci\u00f3n que existe en el rubro del turismo por la disminuci\u00f3n del presupuesto para la promoci\u00f3n de Chile en el extranjero, preocupaci\u00f3n que fue respondida por el Ministro de Hacienda, Mario Marcel, quien asegur\u00f3 que se presentar\u00e1 un proyecto de ley para asegurar el financiamiento permanente para esto.<\/p>\n<p style=\"font-weight: 400; text-align: justify;\">Seg\u00fan el diputado Miguel \u00c1ngel Calisto, \u201ctenemos una preocupaci\u00f3n respecto del turismo y espero que el se\u00f1or Ministro de Hacienda pueda aclararlo en su intervenci\u00f3n. En el presupuesto 2024 se considera un 3,5% de aumento, lo que implica en la realidad un 24,5% menos que el a\u00f1o 2019\u201d.<\/p>\n<p style=\"font-weight: 400; text-align: justify;\">\u201cEntre estos a\u00f1os tuvimos la pandemia, por lo que uno entiende que el presupuesto no haya estado enfocado en la promoci\u00f3n tur\u00edstica, pero queremos saber con certeza si el Gobierno pretende ampliar el presupuesto en esta materia, tomando en cuenta los cerca de 3 mil millones de pesos en d\u00e9ficit para la promoci\u00f3n tur\u00edstica\u201d, indic\u00f3 el legislador.<\/p>\n<p style=\"font-weight: 400; text-align: justify;\">El legislador agreg\u00f3 que \u201cla promoci\u00f3n es fundamental para la llegada de extranjeros a Chile. Esto es muy importante para regiones como la nuestra, uno de los destinos m\u00e1s hermosos del mundo, donde gran cantidad de sus visitantes son de otros pa\u00edses\u201d.<\/p>\n<p style=\"font-weight: 400; text-align: justify;\"><strong>La respuesta del Ministro<\/strong><\/p>\n<p style=\"font-weight: 400; text-align: justify;\">El Ministro Marcel recogi\u00f3 la preocupaci\u00f3n planteada por el diputado Miguel \u00c1ngel Calisto, asegurando que \u201cestamos junto con el Ministerio de Econom\u00eda preparando una propuesta legislativa que va a permitir financiamiento permanente para la promoci\u00f3n del turismo en Chile en el exterior\u201d.<\/p>\n<p style=\"font-weight: 400; text-align: justify;\">Finalmente, el Ministro asegur\u00f3 que \u201cesto en t\u00e9rminos de recursos va a significar duplicar los fondos que est\u00e1n asignados en la ley de presupuesto, y lo vamos a lograr con un financiamiento permanente, no como aquel se puede resolver en un presupuesto pero que no sabemos que continuidad tenga a futuro. Esto va a permitir que esta sea una industria y que junto a las autoridades del sector puedan planificar a plazos m\u00e1s largos e implementar estrategias pa\u00eds para promover el turismo en Chile\u201d.<\/p>\n<\/div><\/section><\/div><div  style='height:50px' class='hr hr-invisible   avia-builder-el-6  el_after_av_one_full  el_before_av_social_share '><span class='hr-inner ' ><span class='hr-inner-style'><\/span><\/span><\/div><\/p>\n<div  class='av-social-sharing-box  avia-builder-el-7  el_after_av_hr  el_before_av_hr  '><div class='av-share-box'><h5 class='av-share-link-description av-no-toc '>Compartir esta noticia<\/h5><ul class='av-share-box-list noLightbox'><li class='av-share-link av-social-link-facebook' ><a target=\"_blank\" aria-label=\"Compartir en Facebook\" href='https:\/\/www.facebook.com\/sharer.php?u=https:\/\/radiorevelacionfm.cl\/?p=36990&#038;t=Ministro%20anuncia%20proyecto%20de%20financiamiento%20permanente%20para%20promocionar%20a%20Chile%20en%20el%20extranjero%20tras%20cuestionamientos%20del%20diputado%20Calisto' aria-hidden='false' data-av_icon='\ue8f3' data-av_iconfont='entypo-fontello' title='' data-avia-related-tooltip='Compartir en Facebook' rel=\"noopener\"><span class='avia_hidden_link_text'>Compartir en Facebook<\/span><\/a><\/li><li class='av-share-link av-social-link-twitter' ><a target=\"_blank\" aria-label=\"Compartir en Twitter\" href='https:\/\/twitter.com\/share?text=Ministro%20anuncia%20proyecto%20de%20financiamiento%20permanente%20para%20promocionar%20a%20Chile%20en%20el%20extranjero%20tras%20cuestionamientos%20del%20diputado%20Calisto&#038;url=https:\/\/radiorevelacionfm.cl\/?p=36990' aria-hidden='false' data-av_icon='\ue8f1' data-av_iconfont='entypo-fontello' title='' data-avia-related-tooltip='Compartir en Twitter' rel=\"noopener\"><span class='avia_hidden_link_text'>Compartir en Twitter<\/span><\/a><\/li><li class='av-share-link av-social-link-whatsapp' ><a target=\"_blank\" aria-label=\"Compartir en Whatsapp\" href='https:\/\/api.whatsapp.com\/send?text=https:\/\/radiorevelacionfm.cl\/?p=36990' aria-hidden='false' data-av_icon='\uf232' data-av_iconfont='entypo-fontello' title='' data-avia-related-tooltip='Compartir en Whatsapp' rel=\"noopener\"><span class='avia_hidden_link_text'>Compartir en Whatsapp<\/span><\/a><\/li><li class='av-share-link av-social-link-linkedin' ><a target=\"_blank\" aria-label=\"Compartir en LinkedIn\" href='https:\/\/linkedin.com\/shareArticle?mini=true&#038;title=Ministro%20anuncia%20proyecto%20de%20financiamiento%20permanente%20para%20promocionar%20a%20Chile%20en%20el%20extranjero%20tras%20cuestionamientos%20del%20diputado%20Calisto&#038;url=https:\/\/radiorevelacionfm.cl\/?p=36990' aria-hidden='false' data-av_icon='\ue8fc' data-av_iconfont='entypo-fontello' title='' data-avia-related-tooltip='Compartir en LinkedIn' rel=\"noopener\"><span class='avia_hidden_link_text'>Compartir en LinkedIn<\/span><\/a><\/li><li class='av-share-link av-social-link-mail' ><a  aria-label=\"Compartir por correo\" href='mailto:?subject=Ministro%20anuncia%20proyecto%20de%20financiamiento%20permanente%20para%20promocionar%20a%20Chile%20en%20el%20extranjero%20tras%20cuestionamientos%20del%20diputado%20Calisto&#038;body=https:\/\/radiorevelacionfm.cl\/?p=36990' aria-hidden='false' data-av_icon='\ue805' data-av_iconfont='entypo-fontello' title='' data-avia-related-tooltip='Compartir por correo'><span class='avia_hidden_link_text'>Compartir por correo<\/span><\/a><\/li><\/ul><\/div><\/div>\n<div  style='height:50px' class='hr hr-invisible   avia-builder-el-8  el_after_av_social_share  el_before_av_comments_list '><span class='hr-inner ' ><span class='hr-inner-style'><\/span><\/span><\/div>\n<div  class='av-buildercomment  av-blog-meta-html-info-disabled av-blog-meta-tag-disabled  '><\/div>\n","protected":false},"excerpt":{"rendered":"","protected":false},"author":1,"featured_media":36991,"comment_status":"open","ping_status":"open","sticky":false,"template":"","format":"standard","meta":{"footnotes":""},"categories":[35],"tags":[],"class_list":["post-36990","post","type-post","status-publish","format-standard","has-post-thumbnail","hentry","category-politica"],"jetpack_featured_media_url":"https:\/\/radiorevelacionfm.cl\/wp-content\/uploads\/2023\/11\/CALISTO-EN-SALA-PRESUPUESTO-1-1.jpeg","_links":{"self":[{"href":"https:\/\/radiorevelacionfm.cl\/index.php?rest_route=\/wp\/v2\/posts\/36990","targetHints":{"allow":["GET"]}}],"collection":[{"href":"https:\/\/radiorevelacionfm.cl\/index.php?rest_route=\/wp\/v2\/posts"}],"about":[{"href":"https:\/\/radiorevelacionfm.cl\/index.php?rest_route=\/wp\/v2\/types\/post"}],"author":[{"embeddable":true,"href":"https:\/\/radiorevelacionfm.cl\/index.php?rest_route=\/wp\/v2\/users\/1"}],"replies":[{"embeddable":true,"href":"https:\/\/radiorevelacionfm.cl\/index.php?rest_route=%2Fwp%2Fv2%2Fcomments&post=36990"}],"version-history":[{"count":1,"href":"https:\/\/radiorevelacionfm.cl\/index.php?rest_route=\/wp\/v2\/posts\/36990\/revisions"}],"predecessor-version":[{"id":36992,"href":"https:\/\/radiorevelacionfm.cl\/index.php?rest_route=\/wp\/v2\/posts\/36990\/revisions\/36992"}],"wp:featuredmedia":[{"embeddable":true,"href":"https:\/\/radiorevelacionfm.cl\/index.php?rest_route=\/wp\/v2\/media\/36991"}],"wp:attachment":[{"href":"https:\/\/radiorevelacionfm.cl\/index.php?rest_route=%2Fwp%2Fv2%2Fmedia&parent=36990"}],"wp:term":[{"taxonomy":"category","embeddable":true,"href":"https:\/\/radiorevelacionfm.cl\/index.php?rest_route=%2Fwp%2Fv2%2Fcategories&post=36990"},{"taxonomy":"post_tag","embeddable":true,"href":"https:\/\/radiorevelacionfm.cl\/index.php?rest_route=%2Fwp%2Fv2%2Ftags&post=36990"}],"curies":[{"name":"wp","href":"https:\/\/api.w.org\/{rel}","templated":true}]}}