{"id":3699,"date":"2021-04-30T21:13:32","date_gmt":"2021-05-01T00:13:32","guid":{"rendered":"https:\/\/radiorevelacionfm.cl\/?p=3699"},"modified":"2021-04-30T21:13:32","modified_gmt":"2021-05-01T00:13:32","slug":"autoridades-refuerzan-llamado-a-respetar-toque-de-queda-y-cuarentena-del-fin-de-semana","status":"publish","type":"post","link":"https:\/\/radiorevelacionfm.cl\/?p=3699","title":{"rendered":"Autoridades refuerzan llamado a respetar toque de queda y cuarentena del fin de semana"},"content":{"rendered":"<div class=\"flex_column av_one_full  flex_column_div av-zero-column-padding first  avia-builder-el-0  el_before_av_one_full  avia-builder-el-first  \" style='border-radius:0px; '><div  class='avia-image-container  av-styling-    avia-builder-el-1  avia-builder-el-no-sibling  avia-align-center '  itemprop=\"image\" itemscope=\"itemscope\" itemtype=\"https:\/\/schema.org\/ImageObject\"  ><div class='avia-image-container-inner'><div class='avia-image-overlay-wrap'><img decoding=\"async\" class='wp-image-0 avia-img-lazy-loading-not-0 avia_image' src=\"https:\/\/radiorevelacionfm.cl\/wp-content\/uploads\/2021\/04\/eyast7qweaaepzt_optimized.jpg\" alt='' title=''   itemprop=\"thumbnailUrl\"  \/><\/div><\/div><\/div><\/div><div class=\"flex_column av_one_full  flex_column_div av-zero-column-padding first  avia-builder-el-2  el_after_av_one_full  el_before_av_one_full  column-top-margin\" style='border-radius:0px; '><section class=\"av_textblock_section \"  itemscope=\"itemscope\" itemtype=\"https:\/\/schema.org\/BlogPosting\" itemprop=\"blogPost\" ><div class='avia_textblock  '   itemprop=\"text\" ><p style=\"text-align: center;\"><strong><span style=\"font-size: 18pt;\">Autoridades refuerzan llamado a respetar toque de queda y cuarentena del fin de semana<\/span><\/strong><\/p>\n<div id=\"gtx-trans\" style=\"position: absolute; left: -50px; top: 4.31534px;\">\n<div class=\"gtx-trans-icon\"><\/div>\n<\/div>\n<\/div><\/section><\/div><div class=\"flex_column av_one_full  flex_column_div av-zero-column-padding first  avia-builder-el-4  el_after_av_one_full  el_before_av_hr  column-top-margin\" style='border-radius:0px; '><section class=\"av_textblock_section \"  itemscope=\"itemscope\" itemtype=\"https:\/\/schema.org\/BlogPosting\" itemprop=\"blogPost\" ><div class='avia_textblock  '   itemprop=\"text\" ><p class=\"v1MsoNormal\" style=\"text-align: justify;\">Con un llamado a permanecer en casa y dar cumplimiento a las disposiciones sanitarias producto de la cuarentena del fin de semana dado el retroceso a transici\u00f3n de las comunas de Coyhaique y Ays\u00e9n, la Intendenta Margarita Ossa Rojas y el General Hugo Zenteno V\u00e1squez, Jefe de la XI Zona de Carabineros Ays\u00e9n, dieron a conocer el balance semanal en materias de seguridad.<\/p>\n<p class=\"v1MsoNormal\" style=\"text-align: justify;\">El estudio y an\u00e1lisis del comportamiento abarca la semana comprendida entre el 19 al 25 de abril, periodo en que 130 personas han sido detectadas vulnerando el toque de queda.<\/p>\n<p class=\"v1MsoNormal\" style=\"text-align: justify;\">\u00abEs una norma que est\u00e1 establecida y que propende justamente a disminuir la movilidad, por lo tanto, hacemos hincapi\u00e9 en que pasadas las 21:00 horas, las personas se replieguen a sus hogares y que no contravengan esta norma que va en la l\u00f3gica de protegernos a todos\u00bb, indic\u00f3 la Intendenta Margarita Ossa.<\/p>\n<p class=\"v1MsoNormal\" style=\"text-align: justify;\">La autoridad a\u00f1adi\u00f3 que en virtud del incremento de los casos de Covid-19 y la positividad de estos, las comunas de Coyhaique y Ays\u00e9n ingresaron a fase 2, la cual contempla cuarentena durante los fines de semana.<\/p>\n<p class=\"v1MsoNormal\" style=\"text-align: justify;\">\u00abEl objetivo de esta medida es que podamos disminuir la positividad en nuestra regi\u00f3n en las comunas que est\u00e1n en esa fase y, de esta forma ir avanzando \u2013si as\u00ed sucede- a fases donde tenemos mayor libertad\u00bb, detall\u00f3 Ossa.<\/p>\n<p class=\"v1MsoNormal\" style=\"text-align: justify;\"><b>93 detenidos\u00a0<\/b><\/p>\n<p class=\"v1MsoNormal\" style=\"text-align: justify;\">Durante la semana analizada, el trabajo desarrollado por Carabineros permiti\u00f3 la detenci\u00f3n de 93 personas, de las cuales 1 corresponde a delitos de mayor connotaci\u00f3n social, en tanto que los otros 92 restantes est\u00e1n asociados a conducci\u00f3n en estado de ebriedad, amenazas, violencia intrafamiliar, entre otros.<\/p>\n<p class=\"v1MsoNormal\" style=\"text-align: justify;\">Las cifras dadas a conocer por el General Hugo Zenteno \u2013en materia sanitaria- dan cuenta que desde el inicio de la pandemia, Carabineros ha detenido a 3.002 personas por infracci\u00f3n al art. 318, de los cuales 55 han sido aprehendidos durante la semana del 19 al 25 de abril, de los cuales 48 son por toque de queda y 7 por cuarentena.<\/p>\n<p class=\"v1MsoNormal\" style=\"text-align: justify;\">En materia de drogas, el Oficial General destac\u00f3 que personal especializado de la Secci\u00f3n O.S.7 de Carabineros Ays\u00e9n realiz\u00f3 7 ingresos y registros a domicilios con apoyo del GOPE y personal territorial (3 en Ays\u00e9n y 4 en Coyhaique), siendo decomisado durante la semana en estudio, 1 kilo 350 grs. de marihuana y tres plantas, con un resultado de 7 personas detenidas, de las cuales 6 son por tr\u00e1fico y 1 por microtr\u00e1fico de drogas.<\/p>\n<p class=\"v1MsoNormal\" style=\"text-align: justify;\">Tras la ronda efectuada en Coyhaique, Carabineros replic\u00f3 el servicio de Puerto Ays\u00e9n, la cual arroj\u00f3 un saldo de 2 personas detenidas por tr\u00e1fico de drogas luego de una investigaci\u00f3n desarrollada por el O.S.7 en coordinaci\u00f3n con la Fiscal\u00eda, detall\u00f3 el General Zenteno.<\/p>\n<p class=\"v1MsoNormal\" style=\"text-align: justify;\">Dicho servicio contempl\u00f3 en la ciudad porte\u00f1a, la realizaci\u00f3n de 37 controles de identidad y 58 controles vehiculares, sumado a la fiscalizaci\u00f3n de 25 locales de alcoholes, 17 fiscalizaciones de alcoholes y 21 infracciones al tr\u00e1nsito.<\/p>\n<p class=\"v1MsoNormal\" style=\"text-align: justify;\">\u00abVamos a mantener estos servicios de ronda y para esta semana ya est\u00e1n las planificaciones conforme a los lugares cr\u00edticos y que involucran a Ays\u00e9n, Coyhaique, Chile Chico y Cochrane (&#8230;) vamos a aumentar los controles a ra\u00edz de que pasamos a fase de transici\u00f3n (&#8230;) vamos a mantener controles en ruta para poder salvaguardar la seguridad y la salud especialmente de las personas y para poder superar la etapa y pasar a fase 3\u00bb, expres\u00f3 el Jefe de la XI Zona de Carabineros Ays\u00e9n.<\/p>\n<\/div><\/section><\/div><div  style='height:50px' class='hr hr-invisible   avia-builder-el-6  el_after_av_one_full  el_before_av_social_share '><span class='hr-inner ' ><span class='hr-inner-style'><\/span><\/span><\/div><\/p>\n<div  class='av-social-sharing-box  avia-builder-el-7  el_after_av_hr  el_before_av_hr  '><div class='av-share-box'><h5 class='av-share-link-description av-no-toc '>Compartir esta noticia<\/h5><ul class='av-share-box-list noLightbox'><li class='av-share-link av-social-link-facebook' ><a target=\"_blank\" aria-label=\"Compartir en Facebook\" href='https:\/\/www.facebook.com\/sharer.php?u=https:\/\/radiorevelacionfm.cl\/?p=3699&#038;t=Autoridades%20refuerzan%20llamado%20a%20respetar%20toque%20de%20queda%20y%20cuarentena%20del%20fin%20de%20semana' aria-hidden='false' data-av_icon='\ue8f3' data-av_iconfont='entypo-fontello' title='' data-avia-related-tooltip='Compartir en Facebook' rel=\"noopener\"><span class='avia_hidden_link_text'>Compartir en Facebook<\/span><\/a><\/li><li class='av-share-link av-social-link-twitter' ><a target=\"_blank\" aria-label=\"Compartir en Twitter\" href='https:\/\/twitter.com\/share?text=Autoridades%20refuerzan%20llamado%20a%20respetar%20toque%20de%20queda%20y%20cuarentena%20del%20fin%20de%20semana&#038;url=https:\/\/radiorevelacionfm.cl\/?p=3699' aria-hidden='false' data-av_icon='\ue8f1' data-av_iconfont='entypo-fontello' title='' data-avia-related-tooltip='Compartir en Twitter' rel=\"noopener\"><span class='avia_hidden_link_text'>Compartir en Twitter<\/span><\/a><\/li><li class='av-share-link av-social-link-whatsapp' ><a target=\"_blank\" aria-label=\"Compartir en Whatsapp\" href='https:\/\/api.whatsapp.com\/send?text=https:\/\/radiorevelacionfm.cl\/?p=3699' aria-hidden='false' data-av_icon='\uf232' data-av_iconfont='entypo-fontello' title='' data-avia-related-tooltip='Compartir en Whatsapp' rel=\"noopener\"><span class='avia_hidden_link_text'>Compartir en Whatsapp<\/span><\/a><\/li><li class='av-share-link av-social-link-linkedin' ><a target=\"_blank\" aria-label=\"Compartir en LinkedIn\" href='https:\/\/linkedin.com\/shareArticle?mini=true&#038;title=Autoridades%20refuerzan%20llamado%20a%20respetar%20toque%20de%20queda%20y%20cuarentena%20del%20fin%20de%20semana&#038;url=https:\/\/radiorevelacionfm.cl\/?p=3699' aria-hidden='false' data-av_icon='\ue8fc' data-av_iconfont='entypo-fontello' title='' data-avia-related-tooltip='Compartir en LinkedIn' rel=\"noopener\"><span class='avia_hidden_link_text'>Compartir en LinkedIn<\/span><\/a><\/li><li class='av-share-link av-social-link-mail' ><a  aria-label=\"Compartir por correo\" href='mailto:?subject=Autoridades%20refuerzan%20llamado%20a%20respetar%20toque%20de%20queda%20y%20cuarentena%20del%20fin%20de%20semana&#038;body=https:\/\/radiorevelacionfm.cl\/?p=3699' aria-hidden='false' data-av_icon='\ue805' data-av_iconfont='entypo-fontello' title='' data-avia-related-tooltip='Compartir por correo'><span class='avia_hidden_link_text'>Compartir por correo<\/span><\/a><\/li><\/ul><\/div><\/div>\n<div  style='height:50px' class='hr hr-invisible   avia-builder-el-8  el_after_av_social_share  el_before_av_comments_list '><span class='hr-inner ' ><span class='hr-inner-style'><\/span><\/span><\/div>\n<div  class='av-buildercomment  av-blog-meta-html-info-disabled av-blog-meta-tag-disabled  '><\/div>\n","protected":false},"excerpt":{"rendered":"","protected":false},"author":1,"featured_media":3701,"comment_status":"open","ping_status":"open","sticky":false,"template":"","format":"standard","meta":{"footnotes":""},"categories":[36],"tags":[],"class_list":["post-3699","post","type-post","status-publish","format-standard","has-post-thumbnail","hentry","category-policial"],"jetpack_featured_media_url":"https:\/\/radiorevelacionfm.cl\/wp-content\/uploads\/2021\/04\/generica_optimized.jpg","_links":{"self":[{"href":"https:\/\/radiorevelacionfm.cl\/index.php?rest_route=\/wp\/v2\/posts\/3699","targetHints":{"allow":["GET"]}}],"collection":[{"href":"https:\/\/radiorevelacionfm.cl\/index.php?rest_route=\/wp\/v2\/posts"}],"about":[{"href":"https:\/\/radiorevelacionfm.cl\/index.php?rest_route=\/wp\/v2\/types\/post"}],"author":[{"embeddable":true,"href":"https:\/\/radiorevelacionfm.cl\/index.php?rest_route=\/wp\/v2\/users\/1"}],"replies":[{"embeddable":true,"href":"https:\/\/radiorevelacionfm.cl\/index.php?rest_route=%2Fwp%2Fv2%2Fcomments&post=3699"}],"version-history":[{"count":2,"href":"https:\/\/radiorevelacionfm.cl\/index.php?rest_route=\/wp\/v2\/posts\/3699\/revisions"}],"predecessor-version":[{"id":3703,"href":"https:\/\/radiorevelacionfm.cl\/index.php?rest_route=\/wp\/v2\/posts\/3699\/revisions\/3703"}],"wp:featuredmedia":[{"embeddable":true,"href":"https:\/\/radiorevelacionfm.cl\/index.php?rest_route=\/wp\/v2\/media\/3701"}],"wp:attachment":[{"href":"https:\/\/radiorevelacionfm.cl\/index.php?rest_route=%2Fwp%2Fv2%2Fmedia&parent=3699"}],"wp:term":[{"taxonomy":"category","embeddable":true,"href":"https:\/\/radiorevelacionfm.cl\/index.php?rest_route=%2Fwp%2Fv2%2Fcategories&post=3699"},{"taxonomy":"post_tag","embeddable":true,"href":"https:\/\/radiorevelacionfm.cl\/index.php?rest_route=%2Fwp%2Fv2%2Ftags&post=3699"}],"curies":[{"name":"wp","href":"https:\/\/api.w.org\/{rel}","templated":true}]}}