{"id":36987,"date":"2023-11-16T10:04:09","date_gmt":"2023-11-16T13:04:09","guid":{"rendered":"https:\/\/radiorevelacionfm.cl\/?p=36987"},"modified":"2023-11-16T10:04:09","modified_gmt":"2023-11-16T13:04:09","slug":"con-mas-de-130-participantes-se-desarrollo-en-la-region-el-xiv-encuentro-nacional-de-personas-mayores-jubiladas-del-sector-vivienda","status":"publish","type":"post","link":"https:\/\/radiorevelacionfm.cl\/?p=36987","title":{"rendered":"Con m\u00e1s de 130 participantes se desarroll\u00f3 en la regi\u00f3n el XIV Encuentro Nacional de personas mayores jubiladas del Sector Vivienda"},"content":{"rendered":"<div class=\"flex_column av_one_full  flex_column_div av-zero-column-padding first  avia-builder-el-0  el_before_av_one_full  avia-builder-el-first  \" style='border-radius:0px; '><div  class='avia-image-container  av-styling-    avia-builder-el-1  avia-builder-el-no-sibling  avia-align-center '  itemprop=\"image\" itemscope=\"itemscope\" itemtype=\"https:\/\/schema.org\/ImageObject\"  ><div class='avia-image-container-inner'><div class='avia-image-overlay-wrap'><img decoding=\"async\" class='wp-image-36988 avia-img-lazy-loading-not-36988 avia_image' src=\"https:\/\/radiorevelacionfm.cl\/wp-content\/uploads\/2023\/11\/grupo-participantes-encuentro-adultos-mayores-minvu-1_optimized-1.jpg\" alt='' title='grupo-participantes-encuentro-adultos-mayores-minvu-(1)_optimized (1)' height=\"600\" width=\"927\"  itemprop=\"thumbnailUrl\" srcset=\"https:\/\/radiorevelacionfm.cl\/wp-content\/uploads\/2023\/11\/grupo-participantes-encuentro-adultos-mayores-minvu-1_optimized-1.jpg 927w, https:\/\/radiorevelacionfm.cl\/wp-content\/uploads\/2023\/11\/grupo-participantes-encuentro-adultos-mayores-minvu-1_optimized-1-300x194.jpg 300w, https:\/\/radiorevelacionfm.cl\/wp-content\/uploads\/2023\/11\/grupo-participantes-encuentro-adultos-mayores-minvu-1_optimized-1-768x497.jpg 768w, https:\/\/radiorevelacionfm.cl\/wp-content\/uploads\/2023\/11\/grupo-participantes-encuentro-adultos-mayores-minvu-1_optimized-1-705x456.jpg 705w, https:\/\/radiorevelacionfm.cl\/wp-content\/uploads\/2023\/11\/grupo-participantes-encuentro-adultos-mayores-minvu-1_optimized-1-450x291.jpg 450w, https:\/\/radiorevelacionfm.cl\/wp-content\/uploads\/2023\/11\/grupo-participantes-encuentro-adultos-mayores-minvu-1_optimized-1-600x388.jpg 600w\" sizes=\"(max-width: 927px) 100vw, 927px\" \/><\/div><\/div><\/div><\/div><div class=\"flex_column av_one_full  flex_column_div av-zero-column-padding first  avia-builder-el-2  el_after_av_one_full  el_before_av_one_full  column-top-margin\" style='border-radius:0px; '><section class=\"av_textblock_section \"  itemscope=\"itemscope\" itemtype=\"https:\/\/schema.org\/BlogPosting\" itemprop=\"blogPost\" ><div class='avia_textblock  '   itemprop=\"text\" ><p style=\"text-align: center;\"><span style=\"font-size: 18pt;\"><strong>Con m\u00e1s de 130 participantes se desarroll\u00f3 en la regi\u00f3n el XIV Encuentro Nacional de personas mayores jubiladas del Sector Vivienda<\/strong><\/span><\/p>\n<div id=\"gtx-trans\" style=\"position: absolute; left: -50px; top: 4.31534px;\">\n<div class=\"gtx-trans-icon\"><\/div>\n<\/div>\n<\/div><\/section><\/div><div class=\"flex_column av_one_full  flex_column_div av-zero-column-padding first  avia-builder-el-4  el_after_av_one_full  el_before_av_hr  column-top-margin\" style='border-radius:0px; '><section class=\"av_textblock_section \"  itemscope=\"itemscope\" itemtype=\"https:\/\/schema.org\/BlogPosting\" itemprop=\"blogPost\" ><div class='avia_textblock  '   itemprop=\"text\" ><p style=\"text-align: justify;\">Con la entusiasta participaci\u00f3n de m\u00e1s de 130 adultos mayores y jubilados provenientes de once regiones del pa\u00eds, se desarroll\u00f3 recientemente en la regi\u00f3n de Ays\u00e9n el XIV Encuentro nacional de Personas Mayores Jubiladas del sector Vivienda. La actividad fue organizada por los equipos locales del sector con el patrocinio del Servicio de Bienestar del Ministerio de Vivienda y Urbanismo (Minvu).<\/p>\n<p style=\"text-align: justify;\">Desde su \u00faltima versi\u00f3n en Iquique, en 2019, el encuentro estuvo suspendido producto de la pandemia por Coronavirus, por lo que las delegaciones retomaron con mucho \u00e1nimo las actividades teniendo siempre como objetivo estrat\u00e9gico fortalecer la participaci\u00f3n y el nexo institucional con el Ministerio de Vivienda, poniendo \u00e9nfasis en la salud f\u00edsica, mental y emocional de los y las participantes.<\/p>\n<p style=\"text-align: justify;\">La ceremonia de apertura se realiz\u00f3 en dependencias del Hotel Diego de Almagro en Coyhaique, hasta donde llegaron las personas jubiladas de Tarapac\u00e1, Atacama, Valpara\u00edso, la Regi\u00f3n Metropolitana, O\u2019Higgins, Maule, B\u00edo B\u00edo Araucan\u00eda, Los R\u00edos, Los Lagos, Magallanes y los anfitriones de la regi\u00f3n de Ays\u00e9n.<\/p>\n<p style=\"text-align: justify;\">La organizaci\u00f3n y desarrollo de la jornada nacional cont\u00f3 con el entusiasta apoyo de la Seremi de Vivienda, Paulina Ruz; el Director (S) del Serviu Eduardo Navarro y la jefa Nacional del Servicio de Bienestar Minvu-Serviu, Ver\u00f3nica Contreras, quien viaj\u00f3 hasta la capital regional acompa\u00f1ada por un equipo de profesionales a quienes se sumaron los delegados de cada regi\u00f3n y un importante grupo de funcionarios locales del Serviu y la Seremi de Vivienda.<\/p>\n<p style=\"text-align: justify;\">La actividad tuvo dos d\u00edas de duraci\u00f3n, tiempo en el cual se impartieron talleres socioeducativos enfocados a la salud de las personas mayores, para lo cual se sumaron a las delegaciones los m\u00e9dicos Juan Carlos Carvajal, Carmen Llorente y el kinesi\u00f3logo, pedro Santis V\u00e1squez.<\/p>\n<p style=\"text-align: justify;\">Durante su estad\u00eda en la regi\u00f3n los 130 participantes pudieron conocer adem\u00e1s parte de la Carretera Austral sur y otras bellezas de nuestra geograf\u00eda regional, llegando hasta Puerto Ib\u00e1\u00f1ez y Villa Cerro Castillo, para cerrar el gran encuentro con una actividad en salones del Hotel Dreams de Coyhaique.<\/p>\n<p style=\"text-align: justify;\">La Seremi de Vivienda de Ays\u00e9n, Paulina Ruz calific\u00f3 como una gran oportunidad y privilegio el poder recibir y conocer a 130 personas que si bien est\u00e1n jubilados, siguen formando parte de la gran familia Minvu. \u201cCuando se\u00f1alamos que el Minvu es la casa de todos y todas no solo se refiere a las personas que requieren una vivienda o mejorar su vida con los espacios p\u00fablicos, sino que eso tambi\u00e9n se refiere al sentir, valorar y compartir la experiencia de todas estas personas que han entregado parte de su vida para mejorar las ciudades y el pa\u00eds que todos so\u00f1amos. Esperamos tener otras instancias como esta donde la fraternidad entre adultos mayores siga siendo importante, abriendo espacios de di\u00e1logo, aprendizaje y de esparcimiento que hoy por hoy son tan necesarios\u201d, puntualiz\u00f3.<\/p>\n<p style=\"text-align: justify;\">De igual forma, el Director regional (S) de Serviu, Eduardo Navarro, destac\u00f3 el encuentro y el apoyo recibido para su organizaci\u00f3n y realizaci\u00f3n. \u201cQueremos agradecer tambi\u00e9n como regi\u00f3n porque fue muy valioso y muy importante poder contar con la presencia de estas regiones y poderlos atender. Pudimos compartir con ellos muchas experiencias sobre su trabajo y su vida en el ministerio. Nos hicieron ver su alegr\u00eda por estar en esta regi\u00f3n con hermosos paisajes y gente cari\u00f1osa. Agradecemos a Ver\u00f3nica Contreras y su equipo que nos apoyaron en todo momento para sacar adelante y con \u00e9xito este gran desaf\u00edo que nos llena de orgullo y alegr\u00eda\u201d, concluy\u00f3.<\/p>\n<p style=\"text-align: justify;\">Tanto los organizadores como los participantes coincidieron en destacar los positivos resultados del encuentro, sobre todo la atenci\u00f3n y el cari\u00f1o de los anfitriones, junto a la gran alegr\u00eda y experiencias que pudieron compartir las diferentes delegaciones durante el tiempo de desarrollo de la actividad que se espera repetir en la regi\u00f3n de Coquimbo durante el 2025.<\/p>\n<\/div><\/section><\/div><div  style='height:50px' class='hr hr-invisible   avia-builder-el-6  el_after_av_one_full  el_before_av_social_share '><span class='hr-inner ' ><span class='hr-inner-style'><\/span><\/span><\/div><\/p>\n<div  class='av-social-sharing-box  avia-builder-el-7  el_after_av_hr  el_before_av_hr  '><div class='av-share-box'><h5 class='av-share-link-description av-no-toc '>Compartir esta noticia<\/h5><ul class='av-share-box-list noLightbox'><li class='av-share-link av-social-link-facebook' ><a target=\"_blank\" aria-label=\"Compartir en Facebook\" href='https:\/\/www.facebook.com\/sharer.php?u=https:\/\/radiorevelacionfm.cl\/?p=36987&#038;t=Con%20m%C3%A1s%20de%20130%20participantes%20se%20desarroll%C3%B3%20en%20la%20regi%C3%B3n%20el%20XIV%20Encuentro%20Nacional%20de%20personas%20mayores%20jubiladas%20del%20Sector%20Vivienda' aria-hidden='false' data-av_icon='\ue8f3' data-av_iconfont='entypo-fontello' title='' data-avia-related-tooltip='Compartir en Facebook' rel=\"noopener\"><span class='avia_hidden_link_text'>Compartir en Facebook<\/span><\/a><\/li><li class='av-share-link av-social-link-twitter' ><a target=\"_blank\" aria-label=\"Compartir en Twitter\" href='https:\/\/twitter.com\/share?text=Con%20m%C3%A1s%20de%20130%20participantes%20se%20desarroll%C3%B3%20en%20la%20regi%C3%B3n%20el%20XIV%20Encuentro%20Nacional%20de%20personas%20mayores%20jubiladas%20del%20Sector%20Vivienda&#038;url=https:\/\/radiorevelacionfm.cl\/?p=36987' aria-hidden='false' data-av_icon='\ue8f1' data-av_iconfont='entypo-fontello' title='' data-avia-related-tooltip='Compartir en Twitter' rel=\"noopener\"><span class='avia_hidden_link_text'>Compartir en Twitter<\/span><\/a><\/li><li class='av-share-link av-social-link-whatsapp' ><a target=\"_blank\" aria-label=\"Compartir en Whatsapp\" href='https:\/\/api.whatsapp.com\/send?text=https:\/\/radiorevelacionfm.cl\/?p=36987' aria-hidden='false' data-av_icon='\uf232' data-av_iconfont='entypo-fontello' title='' data-avia-related-tooltip='Compartir en Whatsapp' rel=\"noopener\"><span class='avia_hidden_link_text'>Compartir en Whatsapp<\/span><\/a><\/li><li class='av-share-link av-social-link-linkedin' ><a target=\"_blank\" aria-label=\"Compartir en LinkedIn\" href='https:\/\/linkedin.com\/shareArticle?mini=true&#038;title=Con%20m%C3%A1s%20de%20130%20participantes%20se%20desarroll%C3%B3%20en%20la%20regi%C3%B3n%20el%20XIV%20Encuentro%20Nacional%20de%20personas%20mayores%20jubiladas%20del%20Sector%20Vivienda&#038;url=https:\/\/radiorevelacionfm.cl\/?p=36987' aria-hidden='false' data-av_icon='\ue8fc' data-av_iconfont='entypo-fontello' title='' data-avia-related-tooltip='Compartir en LinkedIn' rel=\"noopener\"><span class='avia_hidden_link_text'>Compartir en LinkedIn<\/span><\/a><\/li><li class='av-share-link av-social-link-mail' ><a  aria-label=\"Compartir por correo\" href='mailto:?subject=Con%20m%C3%A1s%20de%20130%20participantes%20se%20desarroll%C3%B3%20en%20la%20regi%C3%B3n%20el%20XIV%20Encuentro%20Nacional%20de%20personas%20mayores%20jubiladas%20del%20Sector%20Vivienda&#038;body=https:\/\/radiorevelacionfm.cl\/?p=36987' aria-hidden='false' data-av_icon='\ue805' data-av_iconfont='entypo-fontello' title='' data-avia-related-tooltip='Compartir por correo'><span class='avia_hidden_link_text'>Compartir por correo<\/span><\/a><\/li><\/ul><\/div><\/div>\n<div  style='height:50px' class='hr hr-invisible   avia-builder-el-8  el_after_av_social_share  el_before_av_comments_list '><span class='hr-inner ' ><span class='hr-inner-style'><\/span><\/span><\/div>\n<div  class='av-buildercomment  av-blog-meta-html-info-disabled av-blog-meta-tag-disabled  '><\/div>\n","protected":false},"excerpt":{"rendered":"","protected":false},"author":1,"featured_media":36988,"comment_status":"open","ping_status":"open","sticky":false,"template":"","format":"standard","meta":{"footnotes":""},"categories":[57],"tags":[],"class_list":["post-36987","post","type-post","status-publish","format-standard","has-post-thumbnail","hentry","category-vivienda"],"jetpack_featured_media_url":"https:\/\/radiorevelacionfm.cl\/wp-content\/uploads\/2023\/11\/grupo-participantes-encuentro-adultos-mayores-minvu-1_optimized-1.jpg","_links":{"self":[{"href":"https:\/\/radiorevelacionfm.cl\/index.php?rest_route=\/wp\/v2\/posts\/36987","targetHints":{"allow":["GET"]}}],"collection":[{"href":"https:\/\/radiorevelacionfm.cl\/index.php?rest_route=\/wp\/v2\/posts"}],"about":[{"href":"https:\/\/radiorevelacionfm.cl\/index.php?rest_route=\/wp\/v2\/types\/post"}],"author":[{"embeddable":true,"href":"https:\/\/radiorevelacionfm.cl\/index.php?rest_route=\/wp\/v2\/users\/1"}],"replies":[{"embeddable":true,"href":"https:\/\/radiorevelacionfm.cl\/index.php?rest_route=%2Fwp%2Fv2%2Fcomments&post=36987"}],"version-history":[{"count":1,"href":"https:\/\/radiorevelacionfm.cl\/index.php?rest_route=\/wp\/v2\/posts\/36987\/revisions"}],"predecessor-version":[{"id":36989,"href":"https:\/\/radiorevelacionfm.cl\/index.php?rest_route=\/wp\/v2\/posts\/36987\/revisions\/36989"}],"wp:featuredmedia":[{"embeddable":true,"href":"https:\/\/radiorevelacionfm.cl\/index.php?rest_route=\/wp\/v2\/media\/36988"}],"wp:attachment":[{"href":"https:\/\/radiorevelacionfm.cl\/index.php?rest_route=%2Fwp%2Fv2%2Fmedia&parent=36987"}],"wp:term":[{"taxonomy":"category","embeddable":true,"href":"https:\/\/radiorevelacionfm.cl\/index.php?rest_route=%2Fwp%2Fv2%2Fcategories&post=36987"},{"taxonomy":"post_tag","embeddable":true,"href":"https:\/\/radiorevelacionfm.cl\/index.php?rest_route=%2Fwp%2Fv2%2Ftags&post=36987"}],"curies":[{"name":"wp","href":"https:\/\/api.w.org\/{rel}","templated":true}]}}