{"id":36981,"date":"2023-11-15T20:10:49","date_gmt":"2023-11-15T23:10:49","guid":{"rendered":"https:\/\/radiorevelacionfm.cl\/?p=36981"},"modified":"2023-11-15T20:10:49","modified_gmt":"2023-11-15T23:10:49","slug":"seminario-de-salud-publica-genera-espacios-para-mejorar-la-calidad-de-vida-en-la-comunidad","status":"publish","type":"post","link":"https:\/\/radiorevelacionfm.cl\/?p=36981","title":{"rendered":"Seminario de Salud P\u00fablica genera espacios para mejorar la calidad de vida en la comunidad"},"content":{"rendered":"<div class=\"flex_column av_one_full  flex_column_div av-zero-column-padding first  avia-builder-el-0  el_before_av_one_full  avia-builder-el-first  \" style='border-radius:0px; '><div  class='avia-image-container  av-styling-    avia-builder-el-1  avia-builder-el-no-sibling  avia-align-center '  itemprop=\"image\" itemscope=\"itemscope\" itemtype=\"https:\/\/schema.org\/ImageObject\"  ><div class='avia-image-container-inner'><div class='avia-image-overlay-wrap'><img decoding=\"async\" class='wp-image-36982 avia-img-lazy-loading-not-36982 avia_image' src=\"https:\/\/radiorevelacionfm.cl\/wp-content\/uploads\/2023\/11\/seminario-salud-publica-1_optimized.jpeg\" alt='' title='seminario-salud-p\u00fablica-(1)_optimized' height=\"600\" width=\"901\"  itemprop=\"thumbnailUrl\" srcset=\"https:\/\/radiorevelacionfm.cl\/wp-content\/uploads\/2023\/11\/seminario-salud-publica-1_optimized.jpeg 901w, https:\/\/radiorevelacionfm.cl\/wp-content\/uploads\/2023\/11\/seminario-salud-publica-1_optimized-300x200.jpeg 300w, https:\/\/radiorevelacionfm.cl\/wp-content\/uploads\/2023\/11\/seminario-salud-publica-1_optimized-768x511.jpeg 768w, https:\/\/radiorevelacionfm.cl\/wp-content\/uploads\/2023\/11\/seminario-salud-publica-1_optimized-705x469.jpeg 705w, https:\/\/radiorevelacionfm.cl\/wp-content\/uploads\/2023\/11\/seminario-salud-publica-1_optimized-450x300.jpeg 450w, https:\/\/radiorevelacionfm.cl\/wp-content\/uploads\/2023\/11\/seminario-salud-publica-1_optimized-600x400.jpeg 600w\" sizes=\"(max-width: 901px) 100vw, 901px\" \/><\/div><\/div><\/div><\/div><div class=\"flex_column av_one_full  flex_column_div av-zero-column-padding first  avia-builder-el-2  el_after_av_one_full  el_before_av_one_full  column-top-margin\" style='border-radius:0px; '><section class=\"av_textblock_section \"  itemscope=\"itemscope\" itemtype=\"https:\/\/schema.org\/BlogPosting\" itemprop=\"blogPost\" ><div class='avia_textblock  '   itemprop=\"text\" ><p style=\"text-align: center;\"><span style=\"font-size: 18pt;\"><strong>Seminario de Salud P\u00fablica genera espacios para mejorar la calidad de vida en la comunidad <\/strong><\/span><\/p>\n<div id=\"gtx-trans\" style=\"position: absolute; left: -50px; top: 4.31534px;\">\n<div class=\"gtx-trans-icon\"><\/div>\n<\/div>\n<\/div><\/section><\/div><div class=\"flex_column av_one_full  flex_column_div av-zero-column-padding first  avia-builder-el-4  el_after_av_one_full  el_before_av_hr  column-top-margin\" style='border-radius:0px; '><section class=\"av_textblock_section \"  itemscope=\"itemscope\" itemtype=\"https:\/\/schema.org\/BlogPosting\" itemprop=\"blogPost\" ><div class='avia_textblock  '   itemprop=\"text\" ><p style=\"text-align: justify;\"><em>La actividad, organizada por la Seremi de Salud Ays\u00e9n, reuni\u00f3 a representantes de organizaciones sociales, acad\u00e9micos y representantes del \u00e1rea de la salud, para analizar y discutir el desarrollo de nuestras comunidades.<\/em><\/p>\n<p style=\"text-align: justify;\">Con la participaci\u00f3n de representantes del \u00e1mbito social, acad\u00e9mico y servicios p\u00fablicos, se llev\u00f3 a cabo la segunda versi\u00f3n del Seminario Regional de Salud P\u00fablica \u201cEntornos, Salud Mental y Calidad de Vida\u201d organizada por la Seremi de Salud Ays\u00e9n; oportunidad, en la que se abord\u00f3 la importancia de dialogar y unificar criterios en la planificaci\u00f3n urbana y social de las comunidades.<\/p>\n<p style=\"text-align: justify;\">Enfoque integral de esta actividad que fue destacado por la m\u00e9dico cirujana, acad\u00e9mica de la Escuela de Salud P\u00fablica, Universidad de Chile, Tania Alfaro Morgado. \u201cAc\u00e1 hay una iniciativa muy importante, que haya gente de organizaciones sociales y servicios, es una de las claves de estos encuentros. La ciudad como tal, en c\u00f3mo se dise\u00f1a puede influir en la salud y adem\u00e1s en las desigualdades sociales en salud, por ejemplo, si no queremos segregaci\u00f3n social, no debemos enfocarnos en los centros de las ciudades y enviar las poblaciones pobres a la periferia; en el tema de transportes, hay estudios en que los tiempos de traslado influyen en los riesgos de depresi\u00f3n; tambi\u00e9n tenemos la contaminaci\u00f3n ac\u00fastica, lum\u00ednica y ambiental, que se asocian a factores que agilizan el estr\u00e9s. Otro ejemplo es que en ciudades bien dise\u00f1adas, donde existen \u00e1reas verdes, se estimula la salud mental y f\u00edsica de las personas\u201d, puntualiz\u00f3.<\/p>\n<p style=\"text-align: justify;\">Seminario de tem\u00e1ticas de salud, aspectos urbanos y sociales, que tambi\u00e9n fue valorado por la dirigente de la\u00a0 JJVV. Pobl. Gral Bernales, Ver\u00f3nica Contreras Gaete. \u201cLos expositores excelentes, a otro nivel en la parte de salud,\u00a0 urbanismo, infraestructura v\u00edal, etc. ha sido muy enriquecedor. Creo que estamos empezando, estamos tomando conciencia de todo este cambo global, donde las juntas de vecinos, comit\u00e9s de vivienda, adultos mayores\u2026 podemos aportar,\u00a0 al participar de estos seminarios uno adquiere una visi\u00f3n distinta de las cosas que despu\u00e9s se pueden transferir a los vecinos\u201d.<\/p>\n<p style=\"text-align: justify;\">A trav\u00e9s de estos espacios de interacci\u00f3n, se pueden incorporar conocimientos y habilidades con un enfoque integral e intersectorial para el abordaje de la salud como sin\u00f3nimo de calidad de vida, permitiendo contribuir en la construcci\u00f3n de estrategias e intervenciones que generen cambios en las comunidades y sus entornos, como lo explic\u00f3 la Seremi de Salud, Carmen Monsalve G\u00f3mez. \u201cEste seminario tuvo como objetivo poder ampliar la mirada de c\u00f3mo la ciudad, su infraestructura y crecimiento impacta en la calidad de vida de las personas que forman parte de su territorio, por eso tuvimos la participaci\u00f3n de diversos acad\u00e9micos de la Universidad de Chile, Universidad Central, m\u00e9dicos y arquitectos que vinieron a darnos su mirada sobre la importancia de generar esta vinculaci\u00f3n intersectorial cuando se proyecta el crecimiento de las ciudades, y de c\u00f3mo esta mirada puede generar un impacto positivo o negativo en la vida y salud mental de las personas\u201d.<\/p>\n<p style=\"text-align: justify;\">A trav\u00e9s de este tipo de iniciativas,\u00a0 se busca abordar la salud como sin\u00f3nimo de calidad de vida, para construir estrategias e intervenciones que generen cambios en la comunidad y sus entornos.<\/p>\n<p style=\"text-align: justify;\">Esta actividad cont\u00f3 con acad\u00e9micos y profesionales de la Universidad de Chile, la Universidad de Lleida, Espa\u00f1a; \u00a0el Servicio de Pediatr\u00eda Hospital Gustavo Fricke, la Seremi de Vivienda y Urbanismo Regi\u00f3n de Ays\u00e9n, la Seremi de Transporte y Telecomunicaciones Regi\u00f3n de Ays\u00e9n, la direcci\u00f3n de Arquitectura, MOP Ays\u00e9n, el Servicio y la Seremi de Salud Ays\u00e9n, adem\u00e1s de dirigentes y representantes de organizaciones sociales.<\/p>\n<\/div><\/section><\/div><div  style='height:50px' class='hr hr-invisible   avia-builder-el-6  el_after_av_one_full  el_before_av_social_share '><span class='hr-inner ' ><span class='hr-inner-style'><\/span><\/span><\/div><\/p>\n<div  class='av-social-sharing-box  avia-builder-el-7  el_after_av_hr  el_before_av_hr  '><div class='av-share-box'><h5 class='av-share-link-description av-no-toc '>Compartir esta noticia<\/h5><ul class='av-share-box-list noLightbox'><li class='av-share-link av-social-link-facebook' ><a target=\"_blank\" aria-label=\"Compartir en Facebook\" href='https:\/\/www.facebook.com\/sharer.php?u=https:\/\/radiorevelacionfm.cl\/?p=36981&#038;t=Seminario%20de%20Salud%20P%C3%BAblica%20genera%20espacios%20para%20mejorar%20la%20calidad%20de%20vida%20en%20la%20comunidad' aria-hidden='false' data-av_icon='\ue8f3' data-av_iconfont='entypo-fontello' title='' data-avia-related-tooltip='Compartir en Facebook' rel=\"noopener\"><span class='avia_hidden_link_text'>Compartir en Facebook<\/span><\/a><\/li><li class='av-share-link av-social-link-twitter' ><a target=\"_blank\" aria-label=\"Compartir en Twitter\" href='https:\/\/twitter.com\/share?text=Seminario%20de%20Salud%20P%C3%BAblica%20genera%20espacios%20para%20mejorar%20la%20calidad%20de%20vida%20en%20la%20comunidad&#038;url=https:\/\/radiorevelacionfm.cl\/?p=36981' aria-hidden='false' data-av_icon='\ue8f1' data-av_iconfont='entypo-fontello' title='' data-avia-related-tooltip='Compartir en Twitter' rel=\"noopener\"><span class='avia_hidden_link_text'>Compartir en Twitter<\/span><\/a><\/li><li class='av-share-link av-social-link-whatsapp' ><a target=\"_blank\" aria-label=\"Compartir en Whatsapp\" href='https:\/\/api.whatsapp.com\/send?text=https:\/\/radiorevelacionfm.cl\/?p=36981' aria-hidden='false' data-av_icon='\uf232' data-av_iconfont='entypo-fontello' title='' data-avia-related-tooltip='Compartir en Whatsapp' rel=\"noopener\"><span class='avia_hidden_link_text'>Compartir en Whatsapp<\/span><\/a><\/li><li class='av-share-link av-social-link-linkedin' ><a target=\"_blank\" aria-label=\"Compartir en LinkedIn\" href='https:\/\/linkedin.com\/shareArticle?mini=true&#038;title=Seminario%20de%20Salud%20P%C3%BAblica%20genera%20espacios%20para%20mejorar%20la%20calidad%20de%20vida%20en%20la%20comunidad&#038;url=https:\/\/radiorevelacionfm.cl\/?p=36981' aria-hidden='false' data-av_icon='\ue8fc' data-av_iconfont='entypo-fontello' title='' data-avia-related-tooltip='Compartir en LinkedIn' rel=\"noopener\"><span class='avia_hidden_link_text'>Compartir en LinkedIn<\/span><\/a><\/li><li class='av-share-link av-social-link-mail' ><a  aria-label=\"Compartir por correo\" href='mailto:?subject=Seminario%20de%20Salud%20P%C3%BAblica%20genera%20espacios%20para%20mejorar%20la%20calidad%20de%20vida%20en%20la%20comunidad&#038;body=https:\/\/radiorevelacionfm.cl\/?p=36981' aria-hidden='false' data-av_icon='\ue805' data-av_iconfont='entypo-fontello' title='' data-avia-related-tooltip='Compartir por correo'><span class='avia_hidden_link_text'>Compartir por correo<\/span><\/a><\/li><\/ul><\/div><\/div>\n<div  style='height:50px' class='hr hr-invisible   avia-builder-el-8  el_after_av_social_share  el_before_av_comments_list '><span class='hr-inner ' ><span class='hr-inner-style'><\/span><\/span><\/div>\n<div  class='av-buildercomment  av-blog-meta-html-info-disabled av-blog-meta-tag-disabled  '><\/div>\n","protected":false},"excerpt":{"rendered":"","protected":false},"author":1,"featured_media":36982,"comment_status":"open","ping_status":"open","sticky":false,"template":"","format":"standard","meta":{"footnotes":""},"categories":[46],"tags":[],"class_list":["post-36981","post","type-post","status-publish","format-standard","has-post-thumbnail","hentry","category-salud"],"jetpack_featured_media_url":"https:\/\/radiorevelacionfm.cl\/wp-content\/uploads\/2023\/11\/seminario-salud-publica-1_optimized.jpeg","_links":{"self":[{"href":"https:\/\/radiorevelacionfm.cl\/index.php?rest_route=\/wp\/v2\/posts\/36981","targetHints":{"allow":["GET"]}}],"collection":[{"href":"https:\/\/radiorevelacionfm.cl\/index.php?rest_route=\/wp\/v2\/posts"}],"about":[{"href":"https:\/\/radiorevelacionfm.cl\/index.php?rest_route=\/wp\/v2\/types\/post"}],"author":[{"embeddable":true,"href":"https:\/\/radiorevelacionfm.cl\/index.php?rest_route=\/wp\/v2\/users\/1"}],"replies":[{"embeddable":true,"href":"https:\/\/radiorevelacionfm.cl\/index.php?rest_route=%2Fwp%2Fv2%2Fcomments&post=36981"}],"version-history":[{"count":1,"href":"https:\/\/radiorevelacionfm.cl\/index.php?rest_route=\/wp\/v2\/posts\/36981\/revisions"}],"predecessor-version":[{"id":36983,"href":"https:\/\/radiorevelacionfm.cl\/index.php?rest_route=\/wp\/v2\/posts\/36981\/revisions\/36983"}],"wp:featuredmedia":[{"embeddable":true,"href":"https:\/\/radiorevelacionfm.cl\/index.php?rest_route=\/wp\/v2\/media\/36982"}],"wp:attachment":[{"href":"https:\/\/radiorevelacionfm.cl\/index.php?rest_route=%2Fwp%2Fv2%2Fmedia&parent=36981"}],"wp:term":[{"taxonomy":"category","embeddable":true,"href":"https:\/\/radiorevelacionfm.cl\/index.php?rest_route=%2Fwp%2Fv2%2Fcategories&post=36981"},{"taxonomy":"post_tag","embeddable":true,"href":"https:\/\/radiorevelacionfm.cl\/index.php?rest_route=%2Fwp%2Fv2%2Ftags&post=36981"}],"curies":[{"name":"wp","href":"https:\/\/api.w.org\/{rel}","templated":true}]}}