{"id":36978,"date":"2023-11-15T18:12:10","date_gmt":"2023-11-15T21:12:10","guid":{"rendered":"https:\/\/radiorevelacionfm.cl\/?p=36978"},"modified":"2023-11-15T18:12:10","modified_gmt":"2023-11-15T21:12:10","slug":"exitosa-feria-migrante-patagonia-pluricultural-convoco-a-emprendedores-as-y-servicios-publicos-en-coyhaique","status":"publish","type":"post","link":"https:\/\/radiorevelacionfm.cl\/?p=36978","title":{"rendered":"Exitosa Feria Migrante Patagonia Pluricultural convoc\u00f3 a emprendedores\/as y servicios p\u00fablicos en Coyhaique"},"content":{"rendered":"<div class=\"flex_column av_one_full  flex_column_div av-zero-column-padding first  avia-builder-el-0  el_before_av_one_full  avia-builder-el-first  \" style='border-radius:0px; '><div  class='avia-image-container  av-styling-    avia-builder-el-1  avia-builder-el-no-sibling  avia-align-center '  itemprop=\"image\" itemscope=\"itemscope\" itemtype=\"https:\/\/schema.org\/ImageObject\"  ><div class='avia-image-container-inner'><div class='avia-image-overlay-wrap'><img decoding=\"async\" class='wp-image-36979 avia-img-lazy-loading-not-36979 avia_image' src=\"https:\/\/radiorevelacionfm.cl\/wp-content\/uploads\/2023\/11\/4-64-1_optimized-1.jpg\" alt='' title='4-(64)-(1)_optimized (1)' height=\"600\" width=\"900\"  itemprop=\"thumbnailUrl\" srcset=\"https:\/\/radiorevelacionfm.cl\/wp-content\/uploads\/2023\/11\/4-64-1_optimized-1.jpg 900w, https:\/\/radiorevelacionfm.cl\/wp-content\/uploads\/2023\/11\/4-64-1_optimized-1-300x200.jpg 300w, https:\/\/radiorevelacionfm.cl\/wp-content\/uploads\/2023\/11\/4-64-1_optimized-1-768x512.jpg 768w, https:\/\/radiorevelacionfm.cl\/wp-content\/uploads\/2023\/11\/4-64-1_optimized-1-705x470.jpg 705w, https:\/\/radiorevelacionfm.cl\/wp-content\/uploads\/2023\/11\/4-64-1_optimized-1-450x300.jpg 450w, https:\/\/radiorevelacionfm.cl\/wp-content\/uploads\/2023\/11\/4-64-1_optimized-1-600x400.jpg 600w\" sizes=\"(max-width: 900px) 100vw, 900px\" \/><\/div><\/div><\/div><\/div><div class=\"flex_column av_one_full  flex_column_div av-zero-column-padding first  avia-builder-el-2  el_after_av_one_full  el_before_av_one_full  column-top-margin\" style='border-radius:0px; '><section class=\"av_textblock_section \"  itemscope=\"itemscope\" itemtype=\"https:\/\/schema.org\/BlogPosting\" itemprop=\"blogPost\" ><div class='avia_textblock  '   itemprop=\"text\" ><p style=\"text-align: center;\"><span style=\"font-size: 18pt;\"><strong>Exitosa Feria Migrante Patagonia Pluricultural convoc\u00f3 a emprendedores\/as y servicios p\u00fablicos en Coyhaique<\/strong><\/span><\/p>\n<div id=\"gtx-trans\" style=\"position: absolute; left: -50px; top: 4.31534px;\">\n<div class=\"gtx-trans-icon\"><\/div>\n<\/div>\n<\/div><\/section><\/div><div class=\"flex_column av_one_full  flex_column_div av-zero-column-padding first  avia-builder-el-4  el_after_av_one_full  el_before_av_hr  column-top-margin\" style='border-radius:0px; '><section class=\"av_textblock_section \"  itemscope=\"itemscope\" itemtype=\"https:\/\/schema.org\/BlogPosting\" itemprop=\"blogPost\" ><div class='avia_textblock  '   itemprop=\"text\" ><p style=\"text-align: justify;\"><em>La actividad fue impulsada desde la Mesa de Apoyo a Migrantes, liderada por el INDH, la Seremi de Salud y el FOSIS. <\/em><\/p>\n<p style=\"text-align: justify;\">Con buena participaci\u00f3n de la comunidad se realiz\u00f3 la Feria Migrante Patagonia Pluricultural, en la plaza de Coyhaique, donde estuvieron presentes m\u00e1s de 20 stands de emprendedores\/as, organizaciones sociales y servicios p\u00fablicos; con la finalidad de abrir un espacio de encuentro, atenci\u00f3n ciudadana, comercializaci\u00f3n e intercambio cultural.<\/p>\n<p style=\"text-align: justify;\">Esta iniciativa fue impulsada desde la Mesa de Apoyo a Migrantes, liderada por el Instituto Nacional de Derechos Humanos (INDH), la Seremi de Salud y el Fondo de Solidaridad e Inversi\u00f3n Social (FOSIS), con la finalidad de favorecer la inclusi\u00f3n de personas migrantes en el territorio, mediante el establecimiento de un espacio de contacto y coordinaci\u00f3n entre las instituciones del estado y este grupo especial de protecci\u00f3n.<\/p>\n<p style=\"text-align: justify;\">El presidente de la Asociaci\u00f3n de Migrantes Sur y Centro Americanos (ASOMISCA), Bladimir Caicedo, manifest\u00f3 que \u201ccreo que esta es la forma de visibilizar a la comunidad migrante desde otro contexto, demostrar que somos m\u00e1s los que podemos aportar a la comunidad. Esto es una muestra de que hay gente que quiere hacer las cosas de manera diferente. Uno agradece que la institucionalidad quiera vincular a la comunidad migrante de forma comunitaria, para que muestren los talentos que realmente tienen\u201d.<\/p>\n<p style=\"text-align: justify;\">Rodrigo Araya, Delegado Presidencial Regional de Ays\u00e9n, recalc\u00f3 que \u201cnuestro presidente Gabriel Boric ha sido bien categ\u00f3rico en relevar el aporte que la poblaci\u00f3n migrante est\u00e1 haciendo a nuestro pa\u00eds, hay muchas familias y muchos migrante que han llegado de distintos lugares para habitar nuestro territorio regional en los \u00faltimos a\u00f1os y se han integrado de manera correcta, legal y est\u00e1n emprendiendo y haciendo un trabajo en nuestra sociedad, est\u00e1n aportando desde la cultura, gastronom\u00eda, artesan\u00eda y otros rubros\u201d.<\/p>\n<p style=\"text-align: justify;\">La emprendedora, miembro de la Organizaci\u00f3n de Migrantes por Ays\u00e9n y del Colectivo de Mujeres Migrantes, Mar\u00eda Lourdes Gonz\u00e1lez, valor\u00f3 positivamente la iniciativa y se mostr\u00f3 contenta de participar en la jornada. \u201cAgradecidos con las instituciones por la oportunidad que nos est\u00e1n dando, por tenernos siempre presentes y darnos la chance de mostrarles un poquito de nuestra cultura, ra\u00edces, sabor y saz\u00f3n, y tambi\u00e9n por darnos la oportunidad de mostrarles que los buenos somos m\u00e1s\u201d.<\/p>\n<p style=\"text-align: justify;\">Joaqu\u00edn Bizama, Jefe Regional del INDH, asegur\u00f3 que \u201ccon esto queremos mostrar que los migrantes son capaces de ser sujetos de derecho, no constantemente ser asistidos por parte del estado, y tambi\u00e9n en un espacio para generar una muestra a la ciudadan\u00eda de Coyhaique y la regi\u00f3n, de que ellos pueden insertarse de buena manera en la comunidad. Tienen sus negocios y emprendimientos, est\u00e1n regularizados y pagando impuestos, por lo tanto, son un aporte a la comunidad\u201d.<\/p>\n<p style=\"text-align: justify;\">La Directora Regional del FOSIS, Fernanda Leiva, coment\u00f3 que \u00abparte de la misi\u00f3n del FOSIS es contribuir a la superaci\u00f3n de la pobreza a trav\u00e9s de la cohesi\u00f3n social. Abrir espacios y generar estos puntos de encuentro contribuye a una mayor cohesi\u00f3n social en nuestra regi\u00f3n, buscando generar espacios para que la comunidad se encuentre, esta es una de las razones por las que la Mesa de Apoyo a Migrantes genera esta actividad como punto de encuentro para que nos conozcamos y para dar un espacio a emprendedoras y emprendedores migrantes, que tambi\u00e9n es un foco de trabajo del FOSIS\u00bb.<\/p>\n<p style=\"text-align: justify;\">Carmen Monsalve, Seremi de Salud, agreg\u00f3 que \u201cbuscamos la forma de articularnos para disponer de estos espacios de participaci\u00f3n abiertos para la poblaci\u00f3n migrante que vive en nuestra regi\u00f3n y tambi\u00e9n para generar un v\u00ednculo con la ciudadan\u00eda para que exista este reconocimiento de que son parte de nuestra comunidad. Desde Salud nos preocupa reforzar el acceso universal al programa nacional de inmunizaciones y el programa de alimentaci\u00f3n complementaria y tambi\u00e9n los factores protectores\u201d.<\/p>\n<p style=\"text-align: justify;\">Estuvieron presentes en la jornada el Servicio Nacional de Migraciones, Instituto Nacional de Derechos Humanos, PRODEMU, IPS- Chile Atiende, Seremi del Trabajo y Previsi\u00f3n Social, Direcci\u00f3n del Trabajo, Seremi de Salud, Colectivo de Mujeres Migrantes, JUNJI, Integra y la OMIL de la Municipalidad de Coyhaique.<\/p>\n<p style=\"text-align: justify;\">Participaron en la actividad autoridades como el Delegado Presidencial Regional de Ays\u00e9n, Rodrigo Araya; la Seremi de Salud, Carmen Monsalve; la Seremi de Desarrollo Social y Familia, Karina Acevedo; el Jefe Regional del INDH, Joaqu\u00edn Bizama y la Directora Regional del FOSIS, Fernanda Leiva.<\/p>\n<p style=\"text-align: justify;\">Patagonia Pluricultural cont\u00f3 atenci\u00f3n ciudadana de servicios p\u00fablicos, una variada oferta de emprendimientos de gastronom\u00eda, artesan\u00eda, vestuario, manicure, barber\u00eda y recuerdos; presentaciones musicales y art\u00edsticas, destacando principalmente el canto y la danza tradicional de pa\u00edses de Am\u00e9rica Latina y el Caribe.<\/p>\n<\/div><\/section><\/div><div  style='height:50px' class='hr hr-invisible   avia-builder-el-6  el_after_av_one_full  el_before_av_social_share '><span class='hr-inner ' ><span class='hr-inner-style'><\/span><\/span><\/div><\/p>\n<div  class='av-social-sharing-box  avia-builder-el-7  el_after_av_hr  el_before_av_hr  '><div class='av-share-box'><h5 class='av-share-link-description av-no-toc '>Compartir esta noticia<\/h5><ul class='av-share-box-list noLightbox'><li class='av-share-link av-social-link-facebook' ><a target=\"_blank\" aria-label=\"Compartir en Facebook\" href='https:\/\/www.facebook.com\/sharer.php?u=https:\/\/radiorevelacionfm.cl\/?p=36978&#038;t=Exitosa%20Feria%20Migrante%20Patagonia%20Pluricultural%20convoc%C3%B3%20a%20emprendedores%2Fas%20y%20servicios%20p%C3%BAblicos%20en%20Coyhaique' aria-hidden='false' data-av_icon='\ue8f3' data-av_iconfont='entypo-fontello' title='' data-avia-related-tooltip='Compartir en Facebook' rel=\"noopener\"><span class='avia_hidden_link_text'>Compartir en Facebook<\/span><\/a><\/li><li class='av-share-link av-social-link-twitter' ><a target=\"_blank\" aria-label=\"Compartir en Twitter\" href='https:\/\/twitter.com\/share?text=Exitosa%20Feria%20Migrante%20Patagonia%20Pluricultural%20convoc%C3%B3%20a%20emprendedores%2Fas%20y%20servicios%20p%C3%BAblicos%20en%20Coyhaique&#038;url=https:\/\/radiorevelacionfm.cl\/?p=36978' aria-hidden='false' data-av_icon='\ue8f1' data-av_iconfont='entypo-fontello' title='' data-avia-related-tooltip='Compartir en Twitter' rel=\"noopener\"><span class='avia_hidden_link_text'>Compartir en Twitter<\/span><\/a><\/li><li class='av-share-link av-social-link-whatsapp' ><a target=\"_blank\" aria-label=\"Compartir en Whatsapp\" href='https:\/\/api.whatsapp.com\/send?text=https:\/\/radiorevelacionfm.cl\/?p=36978' aria-hidden='false' data-av_icon='\uf232' data-av_iconfont='entypo-fontello' title='' data-avia-related-tooltip='Compartir en Whatsapp' rel=\"noopener\"><span class='avia_hidden_link_text'>Compartir en Whatsapp<\/span><\/a><\/li><li class='av-share-link av-social-link-linkedin' ><a target=\"_blank\" aria-label=\"Compartir en LinkedIn\" href='https:\/\/linkedin.com\/shareArticle?mini=true&#038;title=Exitosa%20Feria%20Migrante%20Patagonia%20Pluricultural%20convoc%C3%B3%20a%20emprendedores%2Fas%20y%20servicios%20p%C3%BAblicos%20en%20Coyhaique&#038;url=https:\/\/radiorevelacionfm.cl\/?p=36978' aria-hidden='false' data-av_icon='\ue8fc' data-av_iconfont='entypo-fontello' title='' data-avia-related-tooltip='Compartir en LinkedIn' rel=\"noopener\"><span class='avia_hidden_link_text'>Compartir en LinkedIn<\/span><\/a><\/li><li class='av-share-link av-social-link-mail' ><a  aria-label=\"Compartir por correo\" href='mailto:?subject=Exitosa%20Feria%20Migrante%20Patagonia%20Pluricultural%20convoc%C3%B3%20a%20emprendedores%2Fas%20y%20servicios%20p%C3%BAblicos%20en%20Coyhaique&#038;body=https:\/\/radiorevelacionfm.cl\/?p=36978' aria-hidden='false' data-av_icon='\ue805' data-av_iconfont='entypo-fontello' title='' data-avia-related-tooltip='Compartir por correo'><span class='avia_hidden_link_text'>Compartir por correo<\/span><\/a><\/li><\/ul><\/div><\/div>\n<div  style='height:50px' class='hr hr-invisible   avia-builder-el-8  el_after_av_social_share  el_before_av_comments_list '><span class='hr-inner ' ><span class='hr-inner-style'><\/span><\/span><\/div>\n<div  class='av-buildercomment  av-blog-meta-html-info-disabled av-blog-meta-tag-disabled  '><\/div>\n","protected":false},"excerpt":{"rendered":"","protected":false},"author":1,"featured_media":36979,"comment_status":"open","ping_status":"open","sticky":false,"template":"","format":"standard","meta":{"footnotes":""},"categories":[38],"tags":[],"class_list":["post-36978","post","type-post","status-publish","format-standard","has-post-thumbnail","hentry","category-regional"],"jetpack_featured_media_url":"https:\/\/radiorevelacionfm.cl\/wp-content\/uploads\/2023\/11\/4-64-1_optimized-1.jpg","_links":{"self":[{"href":"https:\/\/radiorevelacionfm.cl\/index.php?rest_route=\/wp\/v2\/posts\/36978","targetHints":{"allow":["GET"]}}],"collection":[{"href":"https:\/\/radiorevelacionfm.cl\/index.php?rest_route=\/wp\/v2\/posts"}],"about":[{"href":"https:\/\/radiorevelacionfm.cl\/index.php?rest_route=\/wp\/v2\/types\/post"}],"author":[{"embeddable":true,"href":"https:\/\/radiorevelacionfm.cl\/index.php?rest_route=\/wp\/v2\/users\/1"}],"replies":[{"embeddable":true,"href":"https:\/\/radiorevelacionfm.cl\/index.php?rest_route=%2Fwp%2Fv2%2Fcomments&post=36978"}],"version-history":[{"count":1,"href":"https:\/\/radiorevelacionfm.cl\/index.php?rest_route=\/wp\/v2\/posts\/36978\/revisions"}],"predecessor-version":[{"id":36980,"href":"https:\/\/radiorevelacionfm.cl\/index.php?rest_route=\/wp\/v2\/posts\/36978\/revisions\/36980"}],"wp:featuredmedia":[{"embeddable":true,"href":"https:\/\/radiorevelacionfm.cl\/index.php?rest_route=\/wp\/v2\/media\/36979"}],"wp:attachment":[{"href":"https:\/\/radiorevelacionfm.cl\/index.php?rest_route=%2Fwp%2Fv2%2Fmedia&parent=36978"}],"wp:term":[{"taxonomy":"category","embeddable":true,"href":"https:\/\/radiorevelacionfm.cl\/index.php?rest_route=%2Fwp%2Fv2%2Fcategories&post=36978"},{"taxonomy":"post_tag","embeddable":true,"href":"https:\/\/radiorevelacionfm.cl\/index.php?rest_route=%2Fwp%2Fv2%2Ftags&post=36978"}],"curies":[{"name":"wp","href":"https:\/\/api.w.org\/{rel}","templated":true}]}}