{"id":36975,"date":"2023-11-15T19:01:55","date_gmt":"2023-11-15T22:01:55","guid":{"rendered":"https:\/\/radiorevelacionfm.cl\/?p=36975"},"modified":"2023-11-15T19:01:55","modified_gmt":"2023-11-15T22:01:55","slug":"equipos-de-seguridad-municipal-se-capacitan-para-desarrollar-trabajo-operativo-con-carabineros","status":"publish","type":"post","link":"https:\/\/radiorevelacionfm.cl\/?p=36975","title":{"rendered":"Equipos de Seguridad Municipal se capacitan para desarrollar trabajo operativo con Carabineros"},"content":{"rendered":"<div class=\"flex_column av_one_full  flex_column_div av-zero-column-padding first  avia-builder-el-0  el_before_av_one_full  avia-builder-el-first  \" style='border-radius:0px; '><div  class='avia-image-container  av-styling-    avia-builder-el-1  avia-builder-el-no-sibling  avia-align-center '  itemprop=\"image\" itemscope=\"itemscope\" itemtype=\"https:\/\/schema.org\/ImageObject\"  ><div class='avia-image-container-inner'><div class='avia-image-overlay-wrap'><img decoding=\"async\" class='wp-image-36976 avia-img-lazy-loading-not-36976 avia_image' src=\"https:\/\/radiorevelacionfm.cl\/wp-content\/uploads\/2023\/11\/foto1-14-1-1_optimized-1_optimized.jpg\" alt='' title='foto1-(14)-(1)-(1)_optimized-(1)_optimized' height=\"600\" width=\"813\"  itemprop=\"thumbnailUrl\" srcset=\"https:\/\/radiorevelacionfm.cl\/wp-content\/uploads\/2023\/11\/foto1-14-1-1_optimized-1_optimized.jpg 813w, https:\/\/radiorevelacionfm.cl\/wp-content\/uploads\/2023\/11\/foto1-14-1-1_optimized-1_optimized-300x221.jpg 300w, https:\/\/radiorevelacionfm.cl\/wp-content\/uploads\/2023\/11\/foto1-14-1-1_optimized-1_optimized-768x567.jpg 768w, https:\/\/radiorevelacionfm.cl\/wp-content\/uploads\/2023\/11\/foto1-14-1-1_optimized-1_optimized-705x520.jpg 705w, https:\/\/radiorevelacionfm.cl\/wp-content\/uploads\/2023\/11\/foto1-14-1-1_optimized-1_optimized-450x332.jpg 450w, https:\/\/radiorevelacionfm.cl\/wp-content\/uploads\/2023\/11\/foto1-14-1-1_optimized-1_optimized-600x443.jpg 600w\" sizes=\"(max-width: 813px) 100vw, 813px\" \/><\/div><\/div><\/div><\/div><div class=\"flex_column av_one_full  flex_column_div av-zero-column-padding first  avia-builder-el-2  el_after_av_one_full  el_before_av_one_full  column-top-margin\" style='border-radius:0px; '><section class=\"av_textblock_section \"  itemscope=\"itemscope\" itemtype=\"https:\/\/schema.org\/BlogPosting\" itemprop=\"blogPost\" ><div class='avia_textblock  '   itemprop=\"text\" ><p style=\"text-align: center;\"><span style=\"font-size: 18pt;\"><strong>Equipos de Seguridad Municipal se capacitan para desarrollar trabajo operativo con Carabineros\u00a0 <\/strong><\/span><\/p>\n<div id=\"gtx-trans\" style=\"position: absolute; left: -50px; top: 4.31534px;\">\n<div class=\"gtx-trans-icon\"><\/div>\n<\/div>\n<\/div><\/section><\/div><div class=\"flex_column av_one_full  flex_column_div av-zero-column-padding first  avia-builder-el-4  el_after_av_one_full  el_before_av_hr  column-top-margin\" style='border-radius:0px; '><section class=\"av_textblock_section \"  itemscope=\"itemscope\" itemtype=\"https:\/\/schema.org\/BlogPosting\" itemprop=\"blogPost\" ><div class='avia_textblock  '   itemprop=\"text\" ><p style=\"text-align: justify;\">M\u00e1s de 30 funcionarios municipales, tanto inspectores como encargados de seguridad, participaron de la capacitaci\u00f3n que se desarroll\u00f3 en modalidad presencial y remota, cubriendo todas las comunas de la regi\u00f3n. Se trat\u00f3 de una instancia de alto aprendizaje, que sirvi\u00f3 para despejar dudas, hacer consultas y manifestar opiniones respecto del trabajo operativo que ha comenzado a desarrollar carabineros junto a los equipos municipales de seguridad.<\/p>\n<p style=\"text-align: justify;\">La Coordinadora Regional de Seguridad P\u00fablica, Camila Covarrubias, se\u00f1al\u00f3 que \u201cel trabajo colaborativo e interinstitucional, tambi\u00e9n implica una preparaci\u00f3n seria y responsable que cimente el camino para esperar buenos resultados, es por ello que esta capacitaci\u00f3n profundizo en aspectos esenciales del trabajo operativo que est\u00e1n llevando adelante carabineros y municipios con un prop\u00f3sito muy claro, fortalecer la prevenci\u00f3n y la seguridad en todos los rincones de nuestra regi\u00f3n\u201d.<\/p>\n<p style=\"text-align: justify;\">Los expositores abordaron contenidos prioritarios para el trabajo operativo en las calles, tales como los alcances del convenio OS-14, derechos humanos, aspectos legales pertinentes a las funciones particulares, primeros auxilios psicol\u00f3gicos y n\u00fameros de emergencia, con \u00e9nfasis en el fono Denuncia Seguro (*4242), de la Subsecretar\u00eda de Prevenci\u00f3n del Delito.<\/p>\n<p style=\"text-align: justify;\">\u201cYa son cuatro los municipios han firmado el convenio OS-14 con Carabineros, estos son Coyhaique, Ays\u00e9n, Lago Verde y Cochrane. Y estos convenios de colaboraci\u00f3n &#8211; donde hay una inversi\u00f3n potente desde la Subsecretaria de Prevenci\u00f3n del Delito, por ejemplo, con los veh\u00edculos de patrullaje preventivo \u2013 implican ver de una manera distinta la funci\u00f3n de los inspectores municipales, por eso es tan importante para nuestro gobierno fortalecer estas coordinaciones\u201d, indic\u00f3 el Delegado Presidencial Regional, Rodrigo Araya.<\/p>\n<p style=\"text-align: justify;\">Sady Jerez, Profesional de Seguridad Comunitaria de la Municipalidad de Coyhaique, sostuvo que \u201cla capacitaci\u00f3n estuvo muy buena. Era necesario tener la oportunidad de poder reunirse con Carabineros, Fiscal\u00eda y la Coordinaci\u00f3n Regional de Seguridad P\u00fablica, para abordar las primeras impresiones respecto del convenio OS-14 que se esta implementando gradualmente en la regi\u00f3n de Ays\u00e9n. Era importante aclarar dudas, el uso de t\u00e9rminos, conceptos y la proyecci\u00f3n del trabajo que se va a realizar en conjunto, principalmente en materia de patrullaje mixto\u201d.<\/p>\n<p style=\"text-align: justify;\">Finalmente, destacar que algunas de las ventajas que trae este trabajo colaborativo y patrullas mixtas, son: mejoras en los tiempos de respuesta y cobertura, presencia activa, aumento en la percepci\u00f3n preventiva\/disuasiva, mayor presencia de medios humanos y log\u00edsticos en el cuadrante, mejor distribuci\u00f3n de los medios, disminuci\u00f3n de la sensaci\u00f3n de inseguridad, respuesta eficaz, oportuna y cercana, adem\u00e1s del reconocimiento y valoraci\u00f3n ciudadana al trabajo colaborativo\/conjunto entre municipios y carabineros.<\/p>\n<\/div><\/section><\/div><div  style='height:50px' class='hr hr-invisible   avia-builder-el-6  el_after_av_one_full  el_before_av_social_share '><span class='hr-inner ' ><span class='hr-inner-style'><\/span><\/span><\/div><\/p>\n<div  class='av-social-sharing-box  avia-builder-el-7  el_after_av_hr  el_before_av_hr  '><div class='av-share-box'><h5 class='av-share-link-description av-no-toc '>Compartir esta noticia<\/h5><ul class='av-share-box-list noLightbox'><li class='av-share-link av-social-link-facebook' ><a target=\"_blank\" aria-label=\"Compartir en Facebook\" href='https:\/\/www.facebook.com\/sharer.php?u=https:\/\/radiorevelacionfm.cl\/?p=36975&#038;t=Equipos%20de%20Seguridad%20Municipal%20se%20capacitan%20para%20desarrollar%20trabajo%20operativo%20con%20Carabineros' aria-hidden='false' data-av_icon='\ue8f3' data-av_iconfont='entypo-fontello' title='' data-avia-related-tooltip='Compartir en Facebook' rel=\"noopener\"><span class='avia_hidden_link_text'>Compartir en Facebook<\/span><\/a><\/li><li class='av-share-link av-social-link-twitter' ><a target=\"_blank\" aria-label=\"Compartir en Twitter\" href='https:\/\/twitter.com\/share?text=Equipos%20de%20Seguridad%20Municipal%20se%20capacitan%20para%20desarrollar%20trabajo%20operativo%20con%20Carabineros&#038;url=https:\/\/radiorevelacionfm.cl\/?p=36975' aria-hidden='false' data-av_icon='\ue8f1' data-av_iconfont='entypo-fontello' title='' data-avia-related-tooltip='Compartir en Twitter' rel=\"noopener\"><span class='avia_hidden_link_text'>Compartir en Twitter<\/span><\/a><\/li><li class='av-share-link av-social-link-whatsapp' ><a target=\"_blank\" aria-label=\"Compartir en Whatsapp\" href='https:\/\/api.whatsapp.com\/send?text=https:\/\/radiorevelacionfm.cl\/?p=36975' aria-hidden='false' data-av_icon='\uf232' data-av_iconfont='entypo-fontello' title='' data-avia-related-tooltip='Compartir en Whatsapp' rel=\"noopener\"><span class='avia_hidden_link_text'>Compartir en Whatsapp<\/span><\/a><\/li><li class='av-share-link av-social-link-linkedin' ><a target=\"_blank\" aria-label=\"Compartir en LinkedIn\" href='https:\/\/linkedin.com\/shareArticle?mini=true&#038;title=Equipos%20de%20Seguridad%20Municipal%20se%20capacitan%20para%20desarrollar%20trabajo%20operativo%20con%20Carabineros&#038;url=https:\/\/radiorevelacionfm.cl\/?p=36975' aria-hidden='false' data-av_icon='\ue8fc' data-av_iconfont='entypo-fontello' title='' data-avia-related-tooltip='Compartir en LinkedIn' rel=\"noopener\"><span class='avia_hidden_link_text'>Compartir en LinkedIn<\/span><\/a><\/li><li class='av-share-link av-social-link-mail' ><a  aria-label=\"Compartir por correo\" href='mailto:?subject=Equipos%20de%20Seguridad%20Municipal%20se%20capacitan%20para%20desarrollar%20trabajo%20operativo%20con%20Carabineros&#038;body=https:\/\/radiorevelacionfm.cl\/?p=36975' aria-hidden='false' data-av_icon='\ue805' data-av_iconfont='entypo-fontello' title='' data-avia-related-tooltip='Compartir por correo'><span class='avia_hidden_link_text'>Compartir por correo<\/span><\/a><\/li><\/ul><\/div><\/div>\n<div  style='height:50px' class='hr hr-invisible   avia-builder-el-8  el_after_av_social_share  el_before_av_comments_list '><span class='hr-inner ' ><span class='hr-inner-style'><\/span><\/span><\/div>\n<div  class='av-buildercomment  av-blog-meta-html-info-disabled av-blog-meta-tag-disabled  '><\/div>\n","protected":false},"excerpt":{"rendered":"","protected":false},"author":1,"featured_media":36976,"comment_status":"open","ping_status":"open","sticky":false,"template":"","format":"standard","meta":{"footnotes":""},"categories":[38],"tags":[],"class_list":["post-36975","post","type-post","status-publish","format-standard","has-post-thumbnail","hentry","category-regional"],"jetpack_featured_media_url":"https:\/\/radiorevelacionfm.cl\/wp-content\/uploads\/2023\/11\/foto1-14-1-1_optimized-1_optimized.jpg","_links":{"self":[{"href":"https:\/\/radiorevelacionfm.cl\/index.php?rest_route=\/wp\/v2\/posts\/36975","targetHints":{"allow":["GET"]}}],"collection":[{"href":"https:\/\/radiorevelacionfm.cl\/index.php?rest_route=\/wp\/v2\/posts"}],"about":[{"href":"https:\/\/radiorevelacionfm.cl\/index.php?rest_route=\/wp\/v2\/types\/post"}],"author":[{"embeddable":true,"href":"https:\/\/radiorevelacionfm.cl\/index.php?rest_route=\/wp\/v2\/users\/1"}],"replies":[{"embeddable":true,"href":"https:\/\/radiorevelacionfm.cl\/index.php?rest_route=%2Fwp%2Fv2%2Fcomments&post=36975"}],"version-history":[{"count":1,"href":"https:\/\/radiorevelacionfm.cl\/index.php?rest_route=\/wp\/v2\/posts\/36975\/revisions"}],"predecessor-version":[{"id":36977,"href":"https:\/\/radiorevelacionfm.cl\/index.php?rest_route=\/wp\/v2\/posts\/36975\/revisions\/36977"}],"wp:featuredmedia":[{"embeddable":true,"href":"https:\/\/radiorevelacionfm.cl\/index.php?rest_route=\/wp\/v2\/media\/36976"}],"wp:attachment":[{"href":"https:\/\/radiorevelacionfm.cl\/index.php?rest_route=%2Fwp%2Fv2%2Fmedia&parent=36975"}],"wp:term":[{"taxonomy":"category","embeddable":true,"href":"https:\/\/radiorevelacionfm.cl\/index.php?rest_route=%2Fwp%2Fv2%2Fcategories&post=36975"},{"taxonomy":"post_tag","embeddable":true,"href":"https:\/\/radiorevelacionfm.cl\/index.php?rest_route=%2Fwp%2Fv2%2Ftags&post=36975"}],"curies":[{"name":"wp","href":"https:\/\/api.w.org\/{rel}","templated":true}]}}