{"id":36971,"date":"2023-11-16T18:07:56","date_gmt":"2023-11-16T21:07:56","guid":{"rendered":"https:\/\/radiorevelacionfm.cl\/?p=36971"},"modified":"2023-11-16T18:07:56","modified_gmt":"2023-11-16T21:07:56","slug":"comite-tecnico-articula-plan-preventivo-por-incendios-forestales","status":"publish","type":"post","link":"https:\/\/radiorevelacionfm.cl\/?p=36971","title":{"rendered":"Comit\u00e9 T\u00e9cnico articula plan preventivo por Incendios Forestales"},"content":{"rendered":"<div class=\"flex_column av_one_full  flex_column_div av-zero-column-padding first  avia-builder-el-0  el_before_av_one_full  avia-builder-el-first  \" style='border-radius:0px; '><div  class='avia-image-container  av-styling-    avia-builder-el-1  avia-builder-el-no-sibling  avia-align-center '  itemprop=\"image\" itemscope=\"itemscope\" itemtype=\"https:\/\/schema.org\/ImageObject\"  ><div class='avia-image-container-inner'><div class='avia-image-overlay-wrap'><img decoding=\"async\" class='wp-image-36972 avia-img-lazy-loading-not-36972 avia_image' src=\"https:\/\/radiorevelacionfm.cl\/wp-content\/uploads\/2023\/11\/IMG_20231114_100944657-1-1.jpg\" alt='' title='IMG_20231114_100944657 (1) (1)' height=\"600\" width=\"893\"  itemprop=\"thumbnailUrl\" srcset=\"https:\/\/radiorevelacionfm.cl\/wp-content\/uploads\/2023\/11\/IMG_20231114_100944657-1-1.jpg 893w, https:\/\/radiorevelacionfm.cl\/wp-content\/uploads\/2023\/11\/IMG_20231114_100944657-1-1-300x202.jpg 300w, https:\/\/radiorevelacionfm.cl\/wp-content\/uploads\/2023\/11\/IMG_20231114_100944657-1-1-768x516.jpg 768w, https:\/\/radiorevelacionfm.cl\/wp-content\/uploads\/2023\/11\/IMG_20231114_100944657-1-1-705x474.jpg 705w, https:\/\/radiorevelacionfm.cl\/wp-content\/uploads\/2023\/11\/IMG_20231114_100944657-1-1-450x302.jpg 450w, https:\/\/radiorevelacionfm.cl\/wp-content\/uploads\/2023\/11\/IMG_20231114_100944657-1-1-600x403.jpg 600w\" sizes=\"(max-width: 893px) 100vw, 893px\" \/><\/div><\/div><\/div><\/div><div class=\"flex_column av_one_full  flex_column_div av-zero-column-padding first  avia-builder-el-2  el_after_av_one_full  el_before_av_one_full  column-top-margin\" style='border-radius:0px; '><section class=\"av_textblock_section \"  itemscope=\"itemscope\" itemtype=\"https:\/\/schema.org\/BlogPosting\" itemprop=\"blogPost\" ><div class='avia_textblock  '   itemprop=\"text\" ><p style=\"text-align: center;\"><strong><span style=\"font-size: 18pt;\">Comit\u00e9 T\u00e9cnico articula plan preventivo por Incendios Forestales<\/span><\/strong><\/p>\n<div id=\"gtx-trans\" style=\"position: absolute; left: -50px; top: 4.31534px;\">\n<div class=\"gtx-trans-icon\"><\/div>\n<\/div>\n<\/div><\/section><\/div><div class=\"flex_column av_one_full  flex_column_div av-zero-column-padding first  avia-builder-el-4  el_after_av_one_full  el_before_av_hr  column-top-margin\" style='border-radius:0px; '><section class=\"av_textblock_section \"  itemscope=\"itemscope\" itemtype=\"https:\/\/schema.org\/BlogPosting\" itemprop=\"blogPost\" ><div class='avia_textblock  '   itemprop=\"text\" ><p style=\"text-align: justify;\">Establecer un plan estrat\u00e9gico colectivo y coordinado entre los servicios p\u00fablicos del Estado para la ocurrencia de incendios forestales durante la \u00e9poca estival, fue uno de los objetivos que se propuso el Comit\u00e9 Gesti\u00f3n de Riesgos y Desastres (COGRID), articulado por la Delegaci\u00f3n Regional Presidencial y Provincial de Ays\u00e9n.<\/p>\n<p style=\"text-align: justify;\">Las altas temperaturas y bajo nivel de precipitaciones que se prev\u00e9n para la pr\u00f3xima estaci\u00f3n del a\u00f1o en la zona, aumentan las probabilidades de incendios forestales. Y en este sentido, el llamado de las autoridades es a mantener una conducta responsable y preventiva por parte de las personas en sectores rurales, Reservas y Parques Nacionales, donde existe abundante presencia de bosques y plantaciones.<\/p>\n<p style=\"text-align: justify;\">Para fortalecer el Plan de Acci\u00f3n institucional, el Gobierno ha destinado un incremento \u00a0del 47% de recursos econ\u00f3micos en el pa\u00eds, en relaci\u00f3n a la temporada anterior. As\u00ed lo destac\u00f3 el Director Regional de SENAPRED en la Regi\u00f3n de Ays\u00e9n, Sidi Bravo, explicando que \u00abla capacidad de respuesta y prevenci\u00f3n se traducir\u00e1 en la asignaci\u00f3n de mayores recursos que se ver\u00e1n reflejados, por ejemplo, en mayor dotaci\u00f3n de personal y aeronaves disponibles para el trabajo de CONAF, lo que significa un mayor apoyo para poder enfrentar la temporada que se avecina\u00bb, indic\u00f3.<\/p>\n<p style=\"text-align: justify;\">En tanto, la Jefa Provincial de CONAF en Ays\u00e9n, Gabriela G\u00f3mez, enfatiz\u00f3 en la prohibici\u00f3n que existe a partir del 01 de diciembre del presente a\u00f1o, para el uso del fuego en quemas agr\u00edcolas y forestales. \u00abJunto con esta restricci\u00f3n, es muy importante el rol preventivo y la coordinaci\u00f3n del sector p\u00fablico para conocer la operativa de funcionamiento que vamos a adoptar en caso de ocurrencia de incendios forestales\u00bb, puntualiz\u00f3.<\/p>\n<p style=\"text-align: justify;\">Por su parte, el Delegado Presidencial Provincial de Ays\u00e9n, Jorge D\u00edaz Guzm\u00e1n, relev\u00f3 la articulaci\u00f3n instancia proactiva por parte del Gobierno a trav\u00e9s del COGRID, para establecer los protocolos, coordinaciones y acciones preventivas que sean necesarias para abordar eventualidades como un incendio forestal. \u00abCada uno de los servicios y funcionarios p\u00fablicos se deben transformar en agentes preventivos y fiscalizadores, frente a la ocurrencia de los incendios forestales, en su vida diaria. Adicionalmente, estamos creando un catastro con los medios y recursos disponibles por cada instituci\u00f3n involucrada en esta materia, frente a un eventual incendio de proporciones en el sector forestal\u00bb, remarc\u00f3.<\/p>\n<p style=\"text-align: justify;\">La provincia de Ays\u00e9n posee una superficie de 52.330 km2 lo que corresponde al 48% de la superficie regional. Su territorio se caracteriza por una amplia zona de \u00c1reas Protegidas, Reservas y Parques nacionales, como por ejemplo, el Parque Nacional Queulat, el Parque Nacional Laguna San Rafael y el Parque Nacional Isla Guambl\u00edn, entre otros.<\/p>\n<\/div><\/section><\/div><div  style='height:50px' class='hr hr-invisible   avia-builder-el-6  el_after_av_one_full  el_before_av_social_share '><span class='hr-inner ' ><span class='hr-inner-style'><\/span><\/span><\/div><\/p>\n<div  class='av-social-sharing-box  avia-builder-el-7  el_after_av_hr  el_before_av_hr  '><div class='av-share-box'><h5 class='av-share-link-description av-no-toc '>Compartir esta noticia<\/h5><ul class='av-share-box-list noLightbox'><li class='av-share-link av-social-link-facebook' ><a target=\"_blank\" aria-label=\"Compartir en Facebook\" href='https:\/\/www.facebook.com\/sharer.php?u=https:\/\/radiorevelacionfm.cl\/?p=36971&#038;t=Comit%C3%A9%20T%C3%A9cnico%20articula%20plan%20preventivo%20por%20Incendios%20Forestales' aria-hidden='false' data-av_icon='\ue8f3' data-av_iconfont='entypo-fontello' title='' data-avia-related-tooltip='Compartir en Facebook' rel=\"noopener\"><span class='avia_hidden_link_text'>Compartir en Facebook<\/span><\/a><\/li><li class='av-share-link av-social-link-twitter' ><a target=\"_blank\" aria-label=\"Compartir en Twitter\" href='https:\/\/twitter.com\/share?text=Comit%C3%A9%20T%C3%A9cnico%20articula%20plan%20preventivo%20por%20Incendios%20Forestales&#038;url=https:\/\/radiorevelacionfm.cl\/?p=36971' aria-hidden='false' data-av_icon='\ue8f1' data-av_iconfont='entypo-fontello' title='' data-avia-related-tooltip='Compartir en Twitter' rel=\"noopener\"><span class='avia_hidden_link_text'>Compartir en Twitter<\/span><\/a><\/li><li class='av-share-link av-social-link-whatsapp' ><a target=\"_blank\" aria-label=\"Compartir en Whatsapp\" href='https:\/\/api.whatsapp.com\/send?text=https:\/\/radiorevelacionfm.cl\/?p=36971' aria-hidden='false' data-av_icon='\uf232' data-av_iconfont='entypo-fontello' title='' data-avia-related-tooltip='Compartir en Whatsapp' rel=\"noopener\"><span class='avia_hidden_link_text'>Compartir en Whatsapp<\/span><\/a><\/li><li class='av-share-link av-social-link-linkedin' ><a target=\"_blank\" aria-label=\"Compartir en LinkedIn\" href='https:\/\/linkedin.com\/shareArticle?mini=true&#038;title=Comit%C3%A9%20T%C3%A9cnico%20articula%20plan%20preventivo%20por%20Incendios%20Forestales&#038;url=https:\/\/radiorevelacionfm.cl\/?p=36971' aria-hidden='false' data-av_icon='\ue8fc' data-av_iconfont='entypo-fontello' title='' data-avia-related-tooltip='Compartir en LinkedIn' rel=\"noopener\"><span class='avia_hidden_link_text'>Compartir en LinkedIn<\/span><\/a><\/li><li class='av-share-link av-social-link-mail' ><a  aria-label=\"Compartir por correo\" href='mailto:?subject=Comit%C3%A9%20T%C3%A9cnico%20articula%20plan%20preventivo%20por%20Incendios%20Forestales&#038;body=https:\/\/radiorevelacionfm.cl\/?p=36971' aria-hidden='false' data-av_icon='\ue805' data-av_iconfont='entypo-fontello' title='' data-avia-related-tooltip='Compartir por correo'><span class='avia_hidden_link_text'>Compartir por correo<\/span><\/a><\/li><\/ul><\/div><\/div>\n<div  style='height:50px' class='hr hr-invisible   avia-builder-el-8  el_after_av_social_share  el_before_av_comments_list '><span class='hr-inner ' ><span class='hr-inner-style'><\/span><\/span><\/div>\n<div  class='av-buildercomment  av-blog-meta-html-info-disabled av-blog-meta-tag-disabled  '><\/div>\n","protected":false},"excerpt":{"rendered":"","protected":false},"author":1,"featured_media":36972,"comment_status":"open","ping_status":"open","sticky":false,"template":"","format":"standard","meta":{"footnotes":""},"categories":[38],"tags":[],"class_list":["post-36971","post","type-post","status-publish","format-standard","has-post-thumbnail","hentry","category-regional"],"jetpack_featured_media_url":"https:\/\/radiorevelacionfm.cl\/wp-content\/uploads\/2023\/11\/IMG_20231114_100944657-1-1.jpg","_links":{"self":[{"href":"https:\/\/radiorevelacionfm.cl\/index.php?rest_route=\/wp\/v2\/posts\/36971","targetHints":{"allow":["GET"]}}],"collection":[{"href":"https:\/\/radiorevelacionfm.cl\/index.php?rest_route=\/wp\/v2\/posts"}],"about":[{"href":"https:\/\/radiorevelacionfm.cl\/index.php?rest_route=\/wp\/v2\/types\/post"}],"author":[{"embeddable":true,"href":"https:\/\/radiorevelacionfm.cl\/index.php?rest_route=\/wp\/v2\/users\/1"}],"replies":[{"embeddable":true,"href":"https:\/\/radiorevelacionfm.cl\/index.php?rest_route=%2Fwp%2Fv2%2Fcomments&post=36971"}],"version-history":[{"count":1,"href":"https:\/\/radiorevelacionfm.cl\/index.php?rest_route=\/wp\/v2\/posts\/36971\/revisions"}],"predecessor-version":[{"id":36973,"href":"https:\/\/radiorevelacionfm.cl\/index.php?rest_route=\/wp\/v2\/posts\/36971\/revisions\/36973"}],"wp:featuredmedia":[{"embeddable":true,"href":"https:\/\/radiorevelacionfm.cl\/index.php?rest_route=\/wp\/v2\/media\/36972"}],"wp:attachment":[{"href":"https:\/\/radiorevelacionfm.cl\/index.php?rest_route=%2Fwp%2Fv2%2Fmedia&parent=36971"}],"wp:term":[{"taxonomy":"category","embeddable":true,"href":"https:\/\/radiorevelacionfm.cl\/index.php?rest_route=%2Fwp%2Fv2%2Fcategories&post=36971"},{"taxonomy":"post_tag","embeddable":true,"href":"https:\/\/radiorevelacionfm.cl\/index.php?rest_route=%2Fwp%2Fv2%2Ftags&post=36971"}],"curies":[{"name":"wp","href":"https:\/\/api.w.org\/{rel}","templated":true}]}}