{"id":36968,"date":"2023-11-15T12:11:44","date_gmt":"2023-11-15T15:11:44","guid":{"rendered":"https:\/\/radiorevelacionfm.cl\/?p=36968"},"modified":"2023-11-30T18:12:01","modified_gmt":"2023-11-30T21:12:01","slug":"proyecto-cientifico-evaluara-microcuencas-abastecedoras-de-agua-potable-rural-para-apoyar-su-gestion","status":"publish","type":"post","link":"https:\/\/radiorevelacionfm.cl\/?p=36968","title":{"rendered":"Proyecto cient\u00edfico evaluar\u00e1 microcuencas abastecedoras de agua potable rural para apoyar su gesti\u00f3n"},"content":{"rendered":"<div class=\"flex_column av_one_full  flex_column_div av-zero-column-padding first  avia-builder-el-0  el_before_av_one_full  avia-builder-el-first  \" style='border-radius:0px; '><div  class='avia-image-container  av-styling-    avia-builder-el-1  avia-builder-el-no-sibling  avia-align-center '  itemprop=\"image\" itemscope=\"itemscope\" itemtype=\"https:\/\/schema.org\/ImageObject\"  ><div class='avia-image-container-inner'><div class='avia-image-overlay-wrap'><img decoding=\"async\" class='wp-image-36969 avia-img-lazy-loading-not-36969 avia_image' src=\"https:\/\/radiorevelacionfm.cl\/wp-content\/uploads\/2023\/11\/apr-tranquilo-instalacion-fluvio-2-1-1_optimized-1.jpg\" alt='' title='apr-tranquilo-instalacion-fluvio-2-(1)-(1)_optimized (1)' height=\"600\" width=\"800\"  itemprop=\"thumbnailUrl\" srcset=\"https:\/\/radiorevelacionfm.cl\/wp-content\/uploads\/2023\/11\/apr-tranquilo-instalacion-fluvio-2-1-1_optimized-1.jpg 800w, https:\/\/radiorevelacionfm.cl\/wp-content\/uploads\/2023\/11\/apr-tranquilo-instalacion-fluvio-2-1-1_optimized-1-300x225.jpg 300w, https:\/\/radiorevelacionfm.cl\/wp-content\/uploads\/2023\/11\/apr-tranquilo-instalacion-fluvio-2-1-1_optimized-1-768x576.jpg 768w, https:\/\/radiorevelacionfm.cl\/wp-content\/uploads\/2023\/11\/apr-tranquilo-instalacion-fluvio-2-1-1_optimized-1-705x529.jpg 705w, https:\/\/radiorevelacionfm.cl\/wp-content\/uploads\/2023\/11\/apr-tranquilo-instalacion-fluvio-2-1-1_optimized-1-450x338.jpg 450w, https:\/\/radiorevelacionfm.cl\/wp-content\/uploads\/2023\/11\/apr-tranquilo-instalacion-fluvio-2-1-1_optimized-1-600x450.jpg 600w\" sizes=\"(max-width: 800px) 100vw, 800px\" \/><\/div><\/div><\/div><\/div><div class=\"flex_column av_one_full  flex_column_div av-zero-column-padding first  avia-builder-el-2  el_after_av_one_full  el_before_av_one_full  column-top-margin\" style='border-radius:0px; '><section class=\"av_textblock_section \"  itemscope=\"itemscope\" itemtype=\"https:\/\/schema.org\/BlogPosting\" itemprop=\"blogPost\" ><div class='avia_textblock  '   itemprop=\"text\" ><p style=\"text-align: center;\"><strong><span style=\"font-size: 18pt;\">Proyecto cient\u00edfico evaluar\u00e1 microcuencas abastecedoras de agua potable rural para apoyar su gesti\u00f3n<\/span><\/strong><\/p>\n<div id=\"gtx-trans\" style=\"position: absolute; left: -50px; top: 4.31534px;\">\n<div class=\"gtx-trans-icon\"><\/div>\n<\/div>\n<\/div><\/section><\/div><div class=\"flex_column av_one_full  flex_column_div av-zero-column-padding first  avia-builder-el-4  el_after_av_one_full  el_before_av_hr  column-top-margin\" style='border-radius:0px; '><section class=\"av_textblock_section \"  itemscope=\"itemscope\" itemtype=\"https:\/\/schema.org\/BlogPosting\" itemprop=\"blogPost\" ><div class='avia_textblock  '   itemprop=\"text\" ><p style=\"text-align: justify;\"><i>Con el objetivo de apoyar la elaboraci\u00f3n de planes de manejo de gesti\u00f3n integrada de microcuencas, cient\u00edficos de CIEP evaluar\u00e1n ocho APRs de la regi\u00f3n de Ays\u00e9n.<\/i><\/p>\n<p style=\"text-align: justify;\">La provisi\u00f3n de agua potable para la poblaci\u00f3n rural y urbana en Chile est\u00e1 cada vez en mayor riesgo debido a la acci\u00f3n simult\u00e1nea de diversos componentes del Cambio Global. En los \u00faltimos a\u00f1os la zona templada del sur de Chile sufre crisis h\u00eddricas estivales y la situaci\u00f3n de d\u00e9ficit h\u00eddrico estacional ha sido reconocida por el Estado de Chile.<\/p>\n<p style=\"text-align: justify;\">En el sur de Chile, entre La Araucan\u00eda y Ays\u00e9n, aproximadamente la mitad de las fuentes de agua para uso humano provienen de cursos superficiales, que se originan de peque\u00f1as cuencas hidrogr\u00e1ficas. Estas microcuencas est\u00e1n fuertemente amenazadas por actividades humanas, principalmente el cambio de uso de suelo\u00a0que genera p\u00e9rdida de biodiversidad y erosi\u00f3n, la contaminaci\u00f3n de suelos y aguas y\/o la sobreexplotaci\u00f3n de agua para distintos fines, que compiten sin priorizaci\u00f3n de usos. En este contexto, la regulaci\u00f3n h\u00eddrica de los ecosistemas en estas microcuencas resulta clave para asegurar la provisi\u00f3n de agua de calidad para uso humano en el largo plazo.<\/p>\n<p style=\"text-align: justify;\">Un proyecto de Postdoctorado, liderado por el Dr. Cristi\u00e1n Fr\u00eane, comenz\u00f3 en mayo del 2023 y tendr\u00e1 una duraci\u00f3n de 3 a\u00f1os, \u00abGesti\u00f3n Integrada de Cuencas Abastecedoras de Agua Potable en el Sur de Chile: Informaci\u00f3n Cient\u00edfica para apoyar la Toma de Decisiones en la Gesti\u00f3n Local del Agua\u00bb, financiado por la Agencia Nacional de Investigaci\u00f3n y Desarrollo (ANID), el cual estudiar\u00e1 APRs de la parte norte de la regi\u00f3n de Ays\u00e9n. El investigador se ha sumado al equipo cient\u00edfico del Centro de Investigaci\u00f3n en Ecosistemas de la Patagonia (CIEP) y colaborar\u00e1 directamente con los limn\u00f3logos o especialistas de agua dulce Dr. Brian Reid y la Dra. Anna Astorga.<\/p>\n<p style=\"text-align: justify;\">Los investigadores evaluar\u00e1n 8 microcuencas abastecedoras de agua potable considerando un enfoque socio-ecol\u00f3gico que integra investigaci\u00f3n eco-hidrol\u00f3gica y social. Los principales resultados ser\u00e1n la instalaci\u00f3n de un sistema de monitoreo hidrol\u00f3gico y la elaboraci\u00f3n de planes de manejo integrado de cuencas, bajo un modelo adaptable y replicable a microcuencas abastecedoras de agua para uso humano.<\/p>\n<p style=\"text-align: justify;\">Desde agosto de este a\u00f1o Fr\u00eane ha sostenido reuniones con las directivas de algunos de los APRs considerados en el estudio, y ya cuenta con la confirmaci\u00f3n de colaboraci\u00f3n de las directivas de Villa Amengual, Villa Ma\u00f1ihuales, Villa Ortega, Villa Frei, Villa Lago Atravesado, Bah\u00eda Murta y Puerto R\u00edo Tranquilo, algunos de los cuales tienen tiempo colaborando con los especialistas en ecosistemas de agua dulce de CIEP.<\/p>\n<p style=\"text-align: justify;\">Irma Bahamondes, presidenta del comit\u00e9 de agua potable rural de Villa Amengual destaca la importancia de este estudio. \u00abEstamos agradecidas del CIEP por habernos considerado en este proyecto tan importante, porque sab\u00edamos que como comit\u00e9 no podr\u00edamos hacer una investigaci\u00f3n de esta magnitud solas. Y no nos deja de preocupar el cambio clim\u00e1tico, que en el verano baja el caudal y tenemos problemas con el agua. Es importante tambi\u00e9n pensar y prepararse para el futuro con algo tan vital como es el agua potable para las nuevas generaciones. Esperamos tambi\u00e9n que nuestra comunidad crezca, porque somos una comunidad peque\u00f1a y que tenga una buena calidad de agua para los pobladores,\u00a0 los adultos mayores y\u00a0 los ni\u00f1os\u00bb.<\/p>\n<p style=\"text-align: justify;\">El proyecto involucra adem\u00e1s una colaboraci\u00f3n con la Unidad de Agua Potable Rural de Aguas Patagonia y la Direcci\u00f3n de Obras Hidr\u00e1ulicas del Ministerio de Obras P\u00fablicas de la Regi\u00f3n de Ays\u00e9n.<\/p>\n<div class=\"v1elementToProof\" style=\"text-align: justify;\"><\/div>\n<\/div><\/section><\/div><div  style='height:50px' class='hr hr-invisible   avia-builder-el-6  el_after_av_one_full  el_before_av_social_share '><span class='hr-inner ' ><span class='hr-inner-style'><\/span><\/span><\/div><\/p>\n<div  class='av-social-sharing-box  avia-builder-el-7  el_after_av_hr  el_before_av_hr  '><div class='av-share-box'><h5 class='av-share-link-description av-no-toc '>Compartir esta noticia<\/h5><ul class='av-share-box-list noLightbox'><li class='av-share-link av-social-link-facebook' ><a target=\"_blank\" aria-label=\"Compartir en Facebook\" href='https:\/\/www.facebook.com\/sharer.php?u=https:\/\/radiorevelacionfm.cl\/?p=36968&#038;t=Proyecto%20cient%C3%ADfico%20evaluar%C3%A1%20microcuencas%20abastecedoras%20de%20agua%20potable%20rural%20para%20apoyar%20su%20gesti%C3%B3n' aria-hidden='false' data-av_icon='\ue8f3' data-av_iconfont='entypo-fontello' title='' data-avia-related-tooltip='Compartir en Facebook' rel=\"noopener\"><span class='avia_hidden_link_text'>Compartir en Facebook<\/span><\/a><\/li><li class='av-share-link av-social-link-twitter' ><a target=\"_blank\" aria-label=\"Compartir en Twitter\" href='https:\/\/twitter.com\/share?text=Proyecto%20cient%C3%ADfico%20evaluar%C3%A1%20microcuencas%20abastecedoras%20de%20agua%20potable%20rural%20para%20apoyar%20su%20gesti%C3%B3n&#038;url=https:\/\/radiorevelacionfm.cl\/?p=36968' aria-hidden='false' data-av_icon='\ue8f1' data-av_iconfont='entypo-fontello' title='' data-avia-related-tooltip='Compartir en Twitter' rel=\"noopener\"><span class='avia_hidden_link_text'>Compartir en Twitter<\/span><\/a><\/li><li class='av-share-link av-social-link-whatsapp' ><a target=\"_blank\" aria-label=\"Compartir en Whatsapp\" href='https:\/\/api.whatsapp.com\/send?text=https:\/\/radiorevelacionfm.cl\/?p=36968' aria-hidden='false' data-av_icon='\uf232' data-av_iconfont='entypo-fontello' title='' data-avia-related-tooltip='Compartir en Whatsapp' rel=\"noopener\"><span class='avia_hidden_link_text'>Compartir en Whatsapp<\/span><\/a><\/li><li class='av-share-link av-social-link-linkedin' ><a target=\"_blank\" aria-label=\"Compartir en LinkedIn\" href='https:\/\/linkedin.com\/shareArticle?mini=true&#038;title=Proyecto%20cient%C3%ADfico%20evaluar%C3%A1%20microcuencas%20abastecedoras%20de%20agua%20potable%20rural%20para%20apoyar%20su%20gesti%C3%B3n&#038;url=https:\/\/radiorevelacionfm.cl\/?p=36968' aria-hidden='false' data-av_icon='\ue8fc' data-av_iconfont='entypo-fontello' title='' data-avia-related-tooltip='Compartir en LinkedIn' rel=\"noopener\"><span class='avia_hidden_link_text'>Compartir en LinkedIn<\/span><\/a><\/li><li class='av-share-link av-social-link-mail' ><a  aria-label=\"Compartir por correo\" href='mailto:?subject=Proyecto%20cient%C3%ADfico%20evaluar%C3%A1%20microcuencas%20abastecedoras%20de%20agua%20potable%20rural%20para%20apoyar%20su%20gesti%C3%B3n&#038;body=https:\/\/radiorevelacionfm.cl\/?p=36968' aria-hidden='false' data-av_icon='\ue805' data-av_iconfont='entypo-fontello' title='' data-avia-related-tooltip='Compartir por correo'><span class='avia_hidden_link_text'>Compartir por correo<\/span><\/a><\/li><\/ul><\/div><\/div>\n<div  style='height:50px' class='hr hr-invisible   avia-builder-el-8  el_after_av_social_share  el_before_av_comments_list '><span class='hr-inner ' ><span class='hr-inner-style'><\/span><\/span><\/div>\n<div  class='av-buildercomment  av-blog-meta-html-info-disabled av-blog-meta-tag-disabled  '><\/div>\n","protected":false},"excerpt":{"rendered":"","protected":false},"author":1,"featured_media":36969,"comment_status":"open","ping_status":"open","sticky":false,"template":"","format":"standard","meta":{"footnotes":""},"categories":[38],"tags":[],"class_list":["post-36968","post","type-post","status-publish","format-standard","has-post-thumbnail","hentry","category-regional"],"jetpack_featured_media_url":"https:\/\/radiorevelacionfm.cl\/wp-content\/uploads\/2023\/11\/apr-tranquilo-instalacion-fluvio-2-1-1_optimized-1.jpg","_links":{"self":[{"href":"https:\/\/radiorevelacionfm.cl\/index.php?rest_route=\/wp\/v2\/posts\/36968","targetHints":{"allow":["GET"]}}],"collection":[{"href":"https:\/\/radiorevelacionfm.cl\/index.php?rest_route=\/wp\/v2\/posts"}],"about":[{"href":"https:\/\/radiorevelacionfm.cl\/index.php?rest_route=\/wp\/v2\/types\/post"}],"author":[{"embeddable":true,"href":"https:\/\/radiorevelacionfm.cl\/index.php?rest_route=\/wp\/v2\/users\/1"}],"replies":[{"embeddable":true,"href":"https:\/\/radiorevelacionfm.cl\/index.php?rest_route=%2Fwp%2Fv2%2Fcomments&post=36968"}],"version-history":[{"count":1,"href":"https:\/\/radiorevelacionfm.cl\/index.php?rest_route=\/wp\/v2\/posts\/36968\/revisions"}],"predecessor-version":[{"id":36970,"href":"https:\/\/radiorevelacionfm.cl\/index.php?rest_route=\/wp\/v2\/posts\/36968\/revisions\/36970"}],"wp:featuredmedia":[{"embeddable":true,"href":"https:\/\/radiorevelacionfm.cl\/index.php?rest_route=\/wp\/v2\/media\/36969"}],"wp:attachment":[{"href":"https:\/\/radiorevelacionfm.cl\/index.php?rest_route=%2Fwp%2Fv2%2Fmedia&parent=36968"}],"wp:term":[{"taxonomy":"category","embeddable":true,"href":"https:\/\/radiorevelacionfm.cl\/index.php?rest_route=%2Fwp%2Fv2%2Fcategories&post=36968"},{"taxonomy":"post_tag","embeddable":true,"href":"https:\/\/radiorevelacionfm.cl\/index.php?rest_route=%2Fwp%2Fv2%2Ftags&post=36968"}],"curies":[{"name":"wp","href":"https:\/\/api.w.org\/{rel}","templated":true}]}}