{"id":36965,"date":"2023-11-15T17:37:08","date_gmt":"2023-11-15T20:37:08","guid":{"rendered":"https:\/\/radiorevelacionfm.cl\/?p=36965"},"modified":"2023-11-15T17:37:30","modified_gmt":"2023-11-15T20:37:30","slug":"escuela-gabriela-mistral-activa-red-de-educadores-ambientales-en-puerto-aysen-con-fondo-de-proteccion-ambiental","status":"publish","type":"post","link":"https:\/\/radiorevelacionfm.cl\/?p=36965","title":{"rendered":"Escuela Gabriela Mistral activa red de educadores ambientales en Puerto Ays\u00e9n con Fondo de Protecci\u00f3n Ambiental"},"content":{"rendered":"<div class=\"flex_column av_one_full  flex_column_div av-zero-column-padding first  avia-builder-el-0  el_before_av_one_full  avia-builder-el-first  \" style='border-radius:0px; '><div  class='avia-image-container  av-styling-    avia-builder-el-1  avia-builder-el-no-sibling  avia-align-center '  itemprop=\"image\" itemscope=\"itemscope\" itemtype=\"https:\/\/schema.org\/ImageObject\"  ><div class='avia-image-container-inner'><div class='avia-image-overlay-wrap'><img decoding=\"async\" class='wp-image-36966 avia-img-lazy-loading-not-36966 avia_image' src=\"https:\/\/radiorevelacionfm.cl\/wp-content\/uploads\/2023\/11\/2-2023-11-15t113017_optimized_optimized.835-1.jpg\" alt='' title='2 - - 2023-11-15t113017_optimized_optimized.835-(1)' height=\"600\" width=\"1067\"  itemprop=\"thumbnailUrl\" srcset=\"https:\/\/radiorevelacionfm.cl\/wp-content\/uploads\/2023\/11\/2-2023-11-15t113017_optimized_optimized.835-1.jpg 1067w, https:\/\/radiorevelacionfm.cl\/wp-content\/uploads\/2023\/11\/2-2023-11-15t113017_optimized_optimized.835-1-300x169.jpg 300w, https:\/\/radiorevelacionfm.cl\/wp-content\/uploads\/2023\/11\/2-2023-11-15t113017_optimized_optimized.835-1-1030x579.jpg 1030w, https:\/\/radiorevelacionfm.cl\/wp-content\/uploads\/2023\/11\/2-2023-11-15t113017_optimized_optimized.835-1-768x432.jpg 768w, https:\/\/radiorevelacionfm.cl\/wp-content\/uploads\/2023\/11\/2-2023-11-15t113017_optimized_optimized.835-1-705x396.jpg 705w, https:\/\/radiorevelacionfm.cl\/wp-content\/uploads\/2023\/11\/2-2023-11-15t113017_optimized_optimized.835-1-450x253.jpg 450w, https:\/\/radiorevelacionfm.cl\/wp-content\/uploads\/2023\/11\/2-2023-11-15t113017_optimized_optimized.835-1-600x337.jpg 600w\" sizes=\"(max-width: 1067px) 100vw, 1067px\" \/><\/div><\/div><\/div><\/div>\n<div class=\"flex_column av_one_full  flex_column_div av-zero-column-padding first  avia-builder-el-2  el_after_av_one_full  el_before_av_one_full  column-top-margin\" style='border-radius:0px; '><section class=\"av_textblock_section \"  itemscope=\"itemscope\" itemtype=\"https:\/\/schema.org\/BlogPosting\" itemprop=\"blogPost\" ><div class='avia_textblock  '   itemprop=\"text\" ><p style=\"text-align: center;\"><strong><span style=\"font-size: 18pt;\">Escuela Gabriela Mistral activa red de educadores ambientales en Puerto Ays\u00e9n con Fondo de Protecci\u00f3n Ambiental<\/span><\/strong><\/p>\n<div id=\"gtx-trans\" style=\"position: absolute; left: -50px; top: 4.31534px;\">\n<div class=\"gtx-trans-icon\"><\/div>\n<\/div>\n<\/div><\/section><\/div><div class=\"flex_column av_one_full  flex_column_div av-zero-column-padding first  avia-builder-el-4  el_after_av_one_full  el_before_av_hr  column-top-margin\" style='border-radius:0px; '><section class=\"av_textblock_section \"  itemscope=\"itemscope\" itemtype=\"https:\/\/schema.org\/BlogPosting\" itemprop=\"blogPost\" ><div class='avia_textblock  '   itemprop=\"text\" ><p style=\"text-align: justify;\">Educadores y educadoras de diversos centros educativos de la comuna de Ays\u00e9n, se dieron cita gracias al llamado colaborativo convocado por la comunidad educativa de la escuela poetisa Gabriela Mistral de Puerto Ays\u00e9n.<\/p>\n<p style=\"text-align: justify;\">La jornada denominada \u201cConversatorio Proyecto FPA 2023: Intercambio de experiencias en Educaci\u00f3n Ambiental y su aplicaci\u00f3n\u201d, tiene su origen en el proyecto \u201clombriciando vamos avanzando\u201d, financiado con el Fondo de Protecci\u00f3n Ambiental del ministerio del Medio Ambiente y con el objetivo de \u201cpropiciar el intercambio de experiencias de educaci\u00f3n ambiental enfocada al aire libre, que es la propuesta y apuesta que estamos haciendo nosotros como unidad educativa, de generar estos espacios de di\u00e1logo para nutrirnos entre las distintas unidades educativas, en cada contexto en que se desenvuelven, para que juntos avancemos\u201d, explic\u00f3 el Educador Ambiental de la escuela Poetisa Gabriela Mistral, Andr\u00e9s Andrade.<\/p>\n<p style=\"text-align: justify;\">Representantes de la Escuela B\u00e1sica Rivera Sur, Jard\u00edn infantil Bamb\u00edn Jes\u00fa, Escuela Ays\u00e9n, Escuela Litoral Austral, Liceo Ra\u00fal Brussain y Jard\u00edn infantil Creciendo Contento, conocieron el proceso que est\u00e1 llevando a cabo Gabriela Mistral a trav\u00e9s del FPA, pero adem\u00e1s pudieron compartir sus propias experiencias en materia de educaci\u00f3n ambiental, como parte de la red SNCAE, que re\u00fane a los establecimientos educacionales pertenecientes al sistema voluntario de certificaci\u00f3n ambiental del ministerio del Medio Ambiente.<\/p>\n<p style=\"text-align: justify;\">Los y las presentes pudieron compartir con la Seremi de Educaci\u00f3n y el Seremi de Medio Ambiente, as\u00ed como ser tambi\u00e9n acompa\u00f1ados por los equipos t\u00e9cnicos de dichas instituciones en los trabajos de mesa y taller que se dieron durante la jornada.<\/p>\n<p style=\"text-align: justify;\">El Seremi del Medio Ambiente de Ays\u00e9n, Yoal D\u00edaz destac\u00f3 la iniciativa de trabajo en red que cumple con la premisa de los Fondos de Protecci\u00f3n Ambiental, que buscan financiar soluciones ambientales para y desde las comunidades, con la educaci\u00f3n ambiental como eje transversal, \u00a0que en su proceso traspase las barreras de las organizaciones y establecimientos hacia la comunidad en su conjunto \u201cesta actividad que se est\u00e1 haciendo en el marco del Fondo de Protecci\u00f3n Ambiental, que lleva adelante la escuela poetisa Gabriela Mistral, busca avanzar en la instalaci\u00f3n de la educaci\u00f3n ambiental de manera transversal con pasos concretos, porque las comunidades educativas son clave para avanzar en los procesos que se puedan instalar en las comunidades tanto en el curr\u00edculo, como en los cambios que se pueden generar en las familias y la sociedad\u201d, agreg\u00f3 el Seremi del Medio Ambiente de Ays\u00e9n.<\/p>\n<p style=\"text-align: justify;\">Por su parte la Seremi de Educaci\u00f3n Isabel Garrido complement\u00f3 \u201ccuando hablamos de reactivaci\u00f3n educativa, que es la prioridad que nos ha encomendado el Presidente Boric en el sector Educaci\u00f3n, pensamos en que debe ser pertinente a las realidades del territorio, experiencias como estas, articuladas con los establecimientos educativos, con medio ambiente y educaci\u00f3n, nos permiten ir potenciando ese sello, de que vivimos en un territorio privilegiado, que es un espacio de aprendizaje donde los ni\u00f1os y las ni\u00f1as pueden desarrollarse de manera integral\u201d.<\/p>\n<p style=\"text-align: justify;\">As\u00ed tambi\u00e9n el Director de la escuela Poetisa Gabriela Mistral, Marcelo Marchant, relev\u00f3 que la actividad y el proyecto forman parte de un sello educativo implementado en establecimiento, que ya cuenta con la certificaci\u00f3n de excelencia del ministerio del Medio Ambiente, dando cuenta de la incorporaci\u00f3n de tem\u00e1ticas al curr\u00edculo y un trabajo transversal e integral y que se expande hacia la comunidad local.<\/p>\n<p style=\"text-align: justify;\">En espec\u00edfico el proyecto FPA \u201clombriciando vamos avanzando\u201d, adjudicado al centro de padres de la Escuela E N\u00b07 Gabriela Mistral, se encuentra en su tercera versi\u00f3n y tiene por objeto generar consciencia en la comunidad educativa sobre tem\u00e1ticas de cambio clim\u00e1tico y gesti\u00f3n de residuos a trav\u00e9s de un programa de educaci\u00f3n ambiental, el que incluye capacitaciones, talleres, salidas educativas al aire libre, conversatorios sobre sustentabilidad, jornadas de reforestaci\u00f3n y la implementaci\u00f3n de un invernadero y composteras.<\/p>\n<p style=\"text-align: justify;\">El Centro de Padres del establecimiento identific\u00f3 el aumento en la generaci\u00f3n de residuos s\u00f3lidos org\u00e1nicos por la comunidad educativa, sin contar con una correcta disposici\u00f3n final y la falta de espacios id\u00f3neos como composteras e invernaderos para su tratamiento.<\/p>\n<p style=\"text-align: justify;\">Este proyecto busca crear continuidad al sello medioambiental del establecimiento, a trav\u00e9s de la construcci\u00f3n de un invernadero de alta calidad que perdure en el tiempo, generando as\u00ed un espacio de aprendizaje vivencial en el cultivo de hortalizas y plantas medicinales. Los residuos s\u00f3lidos org\u00e1nicos tendr\u00e1n una correcta disposici\u00f3n final a trav\u00e9s de composteras y lombriceras generando abono de excelente calidad para ser utilizado en el invernadero.<\/p>\n<\/div><\/section><\/div><\/p>\n<div  style='height:50px' class='hr hr-invisible   avia-builder-el-6  el_after_av_one_full  el_before_av_social_share '><span class='hr-inner ' ><span class='hr-inner-style'><\/span><\/span><\/div>\n<div  class='av-social-sharing-box  avia-builder-el-7  el_after_av_hr  el_before_av_hr  '><div class='av-share-box'><h5 class='av-share-link-description av-no-toc '>Compartir esta noticia<\/h5><ul class='av-share-box-list noLightbox'><li class='av-share-link av-social-link-facebook' ><a target=\"_blank\" aria-label=\"Compartir en Facebook\" href='https:\/\/www.facebook.com\/sharer.php?u=https:\/\/radiorevelacionfm.cl\/?p=36965&#038;t=Escuela%20Gabriela%20Mistral%20activa%20red%20de%20educadores%20ambientales%20en%20Puerto%20Ays%C3%A9n%20con%20Fondo%20de%20Protecci%C3%B3n%20Ambiental' aria-hidden='false' data-av_icon='\ue8f3' data-av_iconfont='entypo-fontello' title='' data-avia-related-tooltip='Compartir en Facebook' rel=\"noopener\"><span class='avia_hidden_link_text'>Compartir en Facebook<\/span><\/a><\/li><li class='av-share-link av-social-link-twitter' ><a target=\"_blank\" aria-label=\"Compartir en Twitter\" href='https:\/\/twitter.com\/share?text=Escuela%20Gabriela%20Mistral%20activa%20red%20de%20educadores%20ambientales%20en%20Puerto%20Ays%C3%A9n%20con%20Fondo%20de%20Protecci%C3%B3n%20Ambiental&#038;url=https:\/\/radiorevelacionfm.cl\/?p=36965' aria-hidden='false' data-av_icon='\ue8f1' data-av_iconfont='entypo-fontello' title='' data-avia-related-tooltip='Compartir en Twitter' rel=\"noopener\"><span class='avia_hidden_link_text'>Compartir en Twitter<\/span><\/a><\/li><li class='av-share-link av-social-link-whatsapp' ><a target=\"_blank\" aria-label=\"Compartir en Whatsapp\" href='https:\/\/api.whatsapp.com\/send?text=https:\/\/radiorevelacionfm.cl\/?p=36965' aria-hidden='false' data-av_icon='\uf232' data-av_iconfont='entypo-fontello' title='' data-avia-related-tooltip='Compartir en Whatsapp' rel=\"noopener\"><span class='avia_hidden_link_text'>Compartir en Whatsapp<\/span><\/a><\/li><li class='av-share-link av-social-link-linkedin' ><a target=\"_blank\" aria-label=\"Compartir en LinkedIn\" href='https:\/\/linkedin.com\/shareArticle?mini=true&#038;title=Escuela%20Gabriela%20Mistral%20activa%20red%20de%20educadores%20ambientales%20en%20Puerto%20Ays%C3%A9n%20con%20Fondo%20de%20Protecci%C3%B3n%20Ambiental&#038;url=https:\/\/radiorevelacionfm.cl\/?p=36965' aria-hidden='false' data-av_icon='\ue8fc' data-av_iconfont='entypo-fontello' title='' data-avia-related-tooltip='Compartir en LinkedIn' rel=\"noopener\"><span class='avia_hidden_link_text'>Compartir en LinkedIn<\/span><\/a><\/li><li class='av-share-link av-social-link-mail' ><a  aria-label=\"Compartir por correo\" href='mailto:?subject=Escuela%20Gabriela%20Mistral%20activa%20red%20de%20educadores%20ambientales%20en%20Puerto%20Ays%C3%A9n%20con%20Fondo%20de%20Protecci%C3%B3n%20Ambiental&#038;body=https:\/\/radiorevelacionfm.cl\/?p=36965' aria-hidden='false' data-av_icon='\ue805' data-av_iconfont='entypo-fontello' title='' data-avia-related-tooltip='Compartir por correo'><span class='avia_hidden_link_text'>Compartir por correo<\/span><\/a><\/li><\/ul><\/div><\/div>\n<div  style='height:50px' class='hr hr-invisible   avia-builder-el-8  el_after_av_social_share  el_before_av_comments_list '><span class='hr-inner ' ><span class='hr-inner-style'><\/span><\/span><\/div>\n<div  class='av-buildercomment  av-blog-meta-html-info-disabled av-blog-meta-tag-disabled  '><\/div>\n","protected":false},"excerpt":{"rendered":"","protected":false},"author":1,"featured_media":36966,"comment_status":"open","ping_status":"open","sticky":false,"template":"","format":"standard","meta":{"footnotes":""},"categories":[39],"tags":[],"class_list":["post-36965","post","type-post","status-publish","format-standard","has-post-thumbnail","hentry","category-medio-ambiente"],"jetpack_featured_media_url":"https:\/\/radiorevelacionfm.cl\/wp-content\/uploads\/2023\/11\/2-2023-11-15t113017_optimized_optimized.835-1.jpg","_links":{"self":[{"href":"https:\/\/radiorevelacionfm.cl\/index.php?rest_route=\/wp\/v2\/posts\/36965","targetHints":{"allow":["GET"]}}],"collection":[{"href":"https:\/\/radiorevelacionfm.cl\/index.php?rest_route=\/wp\/v2\/posts"}],"about":[{"href":"https:\/\/radiorevelacionfm.cl\/index.php?rest_route=\/wp\/v2\/types\/post"}],"author":[{"embeddable":true,"href":"https:\/\/radiorevelacionfm.cl\/index.php?rest_route=\/wp\/v2\/users\/1"}],"replies":[{"embeddable":true,"href":"https:\/\/radiorevelacionfm.cl\/index.php?rest_route=%2Fwp%2Fv2%2Fcomments&post=36965"}],"version-history":[{"count":3,"href":"https:\/\/radiorevelacionfm.cl\/index.php?rest_route=\/wp\/v2\/posts\/36965\/revisions"}],"predecessor-version":[{"id":36994,"href":"https:\/\/radiorevelacionfm.cl\/index.php?rest_route=\/wp\/v2\/posts\/36965\/revisions\/36994"}],"wp:featuredmedia":[{"embeddable":true,"href":"https:\/\/radiorevelacionfm.cl\/index.php?rest_route=\/wp\/v2\/media\/36966"}],"wp:attachment":[{"href":"https:\/\/radiorevelacionfm.cl\/index.php?rest_route=%2Fwp%2Fv2%2Fmedia&parent=36965"}],"wp:term":[{"taxonomy":"category","embeddable":true,"href":"https:\/\/radiorevelacionfm.cl\/index.php?rest_route=%2Fwp%2Fv2%2Fcategories&post=36965"},{"taxonomy":"post_tag","embeddable":true,"href":"https:\/\/radiorevelacionfm.cl\/index.php?rest_route=%2Fwp%2Fv2%2Ftags&post=36965"}],"curies":[{"name":"wp","href":"https:\/\/api.w.org\/{rel}","templated":true}]}}