{"id":36959,"date":"2023-11-15T10:58:16","date_gmt":"2023-11-15T13:58:16","guid":{"rendered":"https:\/\/radiorevelacionfm.cl\/?p=36959"},"modified":"2023-11-15T10:58:16","modified_gmt":"2023-11-15T13:58:16","slug":"proyecto-de-arborizacion-comunitaria-de-puerto-guadal-cumple-otra-etapa-en-su-implementacion","status":"publish","type":"post","link":"https:\/\/radiorevelacionfm.cl\/?p=36959","title":{"rendered":"Proyecto de arborizaci\u00f3n comunitaria de Puerto Guadal cumple otra etapa en su implementaci\u00f3n"},"content":{"rendered":"<div class=\"flex_column av_one_full  flex_column_div av-zero-column-padding first  avia-builder-el-0  el_before_av_one_full  avia-builder-el-first  \" style='border-radius:0px; '><div  class='avia-image-container  av-styling-    avia-builder-el-1  avia-builder-el-no-sibling  avia-align-center '  itemprop=\"image\" itemscope=\"itemscope\" itemtype=\"https:\/\/schema.org\/ImageObject\"  ><div class='avia-image-container-inner'><div class='avia-image-overlay-wrap'><img decoding=\"async\" class='wp-image-36960 avia-img-lazy-loading-not-36960 avia_image' src=\"https:\/\/radiorevelacionfm.cl\/wp-content\/uploads\/2023\/11\/acbdf835-17be-4ced-813e-3b1dee24bf38-1_optimized-1.jpeg\" alt='' title='acbdf835-17be-4ced-813e-3b1dee24bf38-(1)_optimized (1)' height=\"600\" width=\"1067\"  itemprop=\"thumbnailUrl\" srcset=\"https:\/\/radiorevelacionfm.cl\/wp-content\/uploads\/2023\/11\/acbdf835-17be-4ced-813e-3b1dee24bf38-1_optimized-1.jpeg 1067w, https:\/\/radiorevelacionfm.cl\/wp-content\/uploads\/2023\/11\/acbdf835-17be-4ced-813e-3b1dee24bf38-1_optimized-1-300x169.jpeg 300w, https:\/\/radiorevelacionfm.cl\/wp-content\/uploads\/2023\/11\/acbdf835-17be-4ced-813e-3b1dee24bf38-1_optimized-1-1030x579.jpeg 1030w, https:\/\/radiorevelacionfm.cl\/wp-content\/uploads\/2023\/11\/acbdf835-17be-4ced-813e-3b1dee24bf38-1_optimized-1-768x432.jpeg 768w, https:\/\/radiorevelacionfm.cl\/wp-content\/uploads\/2023\/11\/acbdf835-17be-4ced-813e-3b1dee24bf38-1_optimized-1-705x396.jpeg 705w, https:\/\/radiorevelacionfm.cl\/wp-content\/uploads\/2023\/11\/acbdf835-17be-4ced-813e-3b1dee24bf38-1_optimized-1-450x253.jpeg 450w, https:\/\/radiorevelacionfm.cl\/wp-content\/uploads\/2023\/11\/acbdf835-17be-4ced-813e-3b1dee24bf38-1_optimized-1-600x337.jpeg 600w\" sizes=\"(max-width: 1067px) 100vw, 1067px\" \/><\/div><\/div><\/div><\/div><div class=\"flex_column av_one_full  flex_column_div av-zero-column-padding first  avia-builder-el-2  el_after_av_one_full  el_before_av_one_full  column-top-margin\" style='border-radius:0px; '><section class=\"av_textblock_section \"  itemscope=\"itemscope\" itemtype=\"https:\/\/schema.org\/BlogPosting\" itemprop=\"blogPost\" ><div class='avia_textblock  '   itemprop=\"text\" ><p style=\"text-align: center;\"><strong><span style=\"font-size: 18pt;\">Proyecto de arborizaci\u00f3n comunitaria de Puerto Guadal 2023 cumple otra etapa en su implementaci\u00f3n<\/span><\/strong><\/p>\n<div id=\"gtx-trans\" style=\"position: absolute; left: -50px; top: 4.31534px;\">\n<div class=\"gtx-trans-icon\"><\/div>\n<\/div>\n<\/div><\/section><\/div><div class=\"flex_column av_one_full  flex_column_div av-zero-column-padding first  avia-builder-el-4  el_after_av_one_full  el_before_av_hr  column-top-margin\" style='border-radius:0px; '><section class=\"av_textblock_section \"  itemscope=\"itemscope\" itemtype=\"https:\/\/schema.org\/BlogPosting\" itemprop=\"blogPost\" ><div class='avia_textblock  '   itemprop=\"text\" ><p style=\"text-align: justify;\">El Proyecto de Arborizaci\u00f3n Comunitario Puerto Guadal II es una iniciativa sectorial de CONAF que se ejecuta en conjunto con el Municipio de Chile Chico y tiene por objeto intervenir en la localidad de Puerto Guadal desde una perspectiva socio-ambiental, donde se releva el valor del arbolado urbano.<\/p>\n<p style=\"text-align: justify;\">Para ello, el proyecto ha focalizado sus acciones en tres sentidos o ejes de trabajo, como por ejemplo la creaci\u00f3n del Parque Urbano Natural Cerro La Cruz, que es un espacio de importancia ambiental, cultural y social desde que se fund\u00f3 la localidad.<\/p>\n<p style=\"text-align: justify;\">Es as\u00ed que durante en este a\u00f1o la Corporaci\u00f3n Nacional Forestal ha colaborado con aproximadamente $23.000.000 para realizar limpieza del terreno, eliminando de forma manual la rosa mosqueta que se ha convertido en una verdadera plaga, ahogando e impidiendo el crecimiento de otras especies arb\u00f3reas nativas.<\/p>\n<p style=\"text-align: justify;\">Adicionalmente, se contrataron servicios profesionales para elaborar un Plan Maestro para el parque, donde se consideren las opiniones y se cumplan las expectativas de la comunidad respecto a este espacio y que permita desarrollar el parque de manera planificada.<\/p>\n<p style=\"text-align: justify;\">En este sentido el Seremi de Agricultura, Alan Espinoza Ortiz, resalt\u00f3 la pol\u00edtica p\u00fablica que permite avanzar en estas obras y que a su vez generan empleos locales. \u201cEl financiamiento sectorial del Ministerio de Agricultura, canalizado a trav\u00e9s del Programa Siembra por Chile, est\u00e1 impulsando proyectos como este de arborizaci\u00f3n en Puerto Guadal. M\u00e1s all\u00e1 del mejoramiento est\u00e9tico, este financiamiento de 23 millones de pesos, nos permite generar un impacto local tangible, proporcionando empleo directo e indirecto. Este compromiso demuestra la apuesta del Ministerio por el desarrollo econ\u00f3mico y la mejora de la calidad de vida en nuestras comunidades\u201d, se\u00f1al\u00f3.<\/p>\n<p style=\"text-align: justify;\">Otro de los objetivos de este proyecto es arborizar diversos lugares de la localidad, como por ejemplo su plaza de armas, calle Los Olmos y la plazoleta ubicada en el acceso sur de Guadal, reponer \u00e1rboles que no sobrevivieron, y que fueron plantados el a\u00f1o 2022, y reparar algunas obras efectuadas ese a\u00f1o.<\/p>\n<p style=\"text-align: justify;\">As\u00ed tambi\u00e9n, la iniciativa considera capacitar a diversos actores y alumnos de la localidad en materias como la importancia del arbolado urbano y de los espacios p\u00fablicos arbolados para ayudar a mejorar la calidad de vida de la comunidad y de quienes la visitan.<\/p>\n<p style=\"text-align: justify;\">En la actividad efectuada el d\u00eda martes 14 de noviembre, se realiz\u00f3 un segundo taller comunitario en terreno para conversar con los actores locales respecto a la relevancia y usos de diversos lugares dentro del parque, actividad que fue muy provechosa para todos\/as los\/as asistentes, ya que se obtuvieron importantes insumos para que el equipo consultor pase a la etapa de dise\u00f1o.<\/p>\n<p style=\"text-align: justify;\">Al respecto, la directora regional de CONAF, Loreto Pedrasa Manieu, se\u00f1al\u00f3: \u201cComo CONAF, destinamos importantes recursos humanos y f\u00edsicos a nivel nacional, regional, comunal y local para que las personas y comunidades conozcan la importancia de los \u00e1rboles y se genere afecto por estos, de ese modo nuestras ciudades y entornos rurales tendr\u00e1n un mejor paisaje, biodiversidad y se aminorar\u00e1n los efectos negativos del cambio clim\u00e1tico, en pos de aportar a una mejor calidad de vida de los habitantes y sus comunidades. En cuanto a esta iniciativa en particular, el Proyecto de Arborizaci\u00f3n Comunitario Puerto Guadal cuenta con un trabajo estrecho e integrado con el Municipio de Chile Chico, lo cual est\u00e1 refrendado con un convenio de colaboraci\u00f3n mutua entre ambas entidades\u201d.<\/p>\n<\/div><\/section><\/div><div  style='height:50px' class='hr hr-invisible   avia-builder-el-6  el_after_av_one_full  el_before_av_social_share '><span class='hr-inner ' ><span class='hr-inner-style'><\/span><\/span><\/div><\/p>\n<div  class='av-social-sharing-box  avia-builder-el-7  el_after_av_hr  el_before_av_hr  '><div class='av-share-box'><h5 class='av-share-link-description av-no-toc '>Compartir esta noticia<\/h5><ul class='av-share-box-list noLightbox'><li class='av-share-link av-social-link-facebook' ><a target=\"_blank\" aria-label=\"Compartir en Facebook\" href='https:\/\/www.facebook.com\/sharer.php?u=https:\/\/radiorevelacionfm.cl\/?p=36959&#038;t=Proyecto%20de%20arborizaci%C3%B3n%20comunitaria%20de%20Puerto%20Guadal%20cumple%20otra%20etapa%20en%20su%20implementaci%C3%B3n' aria-hidden='false' data-av_icon='\ue8f3' data-av_iconfont='entypo-fontello' title='' data-avia-related-tooltip='Compartir en Facebook' rel=\"noopener\"><span class='avia_hidden_link_text'>Compartir en Facebook<\/span><\/a><\/li><li class='av-share-link av-social-link-twitter' ><a target=\"_blank\" aria-label=\"Compartir en Twitter\" href='https:\/\/twitter.com\/share?text=Proyecto%20de%20arborizaci%C3%B3n%20comunitaria%20de%20Puerto%20Guadal%20cumple%20otra%20etapa%20en%20su%20implementaci%C3%B3n&#038;url=https:\/\/radiorevelacionfm.cl\/?p=36959' aria-hidden='false' data-av_icon='\ue8f1' data-av_iconfont='entypo-fontello' title='' data-avia-related-tooltip='Compartir en Twitter' rel=\"noopener\"><span class='avia_hidden_link_text'>Compartir en Twitter<\/span><\/a><\/li><li class='av-share-link av-social-link-whatsapp' ><a target=\"_blank\" aria-label=\"Compartir en Whatsapp\" href='https:\/\/api.whatsapp.com\/send?text=https:\/\/radiorevelacionfm.cl\/?p=36959' aria-hidden='false' data-av_icon='\uf232' data-av_iconfont='entypo-fontello' title='' data-avia-related-tooltip='Compartir en Whatsapp' rel=\"noopener\"><span class='avia_hidden_link_text'>Compartir en Whatsapp<\/span><\/a><\/li><li class='av-share-link av-social-link-linkedin' ><a target=\"_blank\" aria-label=\"Compartir en LinkedIn\" href='https:\/\/linkedin.com\/shareArticle?mini=true&#038;title=Proyecto%20de%20arborizaci%C3%B3n%20comunitaria%20de%20Puerto%20Guadal%20cumple%20otra%20etapa%20en%20su%20implementaci%C3%B3n&#038;url=https:\/\/radiorevelacionfm.cl\/?p=36959' aria-hidden='false' data-av_icon='\ue8fc' data-av_iconfont='entypo-fontello' title='' data-avia-related-tooltip='Compartir en LinkedIn' rel=\"noopener\"><span class='avia_hidden_link_text'>Compartir en LinkedIn<\/span><\/a><\/li><li class='av-share-link av-social-link-mail' ><a  aria-label=\"Compartir por correo\" href='mailto:?subject=Proyecto%20de%20arborizaci%C3%B3n%20comunitaria%20de%20Puerto%20Guadal%20cumple%20otra%20etapa%20en%20su%20implementaci%C3%B3n&#038;body=https:\/\/radiorevelacionfm.cl\/?p=36959' aria-hidden='false' data-av_icon='\ue805' data-av_iconfont='entypo-fontello' title='' data-avia-related-tooltip='Compartir por correo'><span class='avia_hidden_link_text'>Compartir por correo<\/span><\/a><\/li><\/ul><\/div><\/div>\n<div  style='height:50px' class='hr hr-invisible   avia-builder-el-8  el_after_av_social_share  el_before_av_comments_list '><span class='hr-inner ' ><span class='hr-inner-style'><\/span><\/span><\/div>\n<div  class='av-buildercomment  av-blog-meta-html-info-disabled av-blog-meta-tag-disabled  '><\/div>\n","protected":false},"excerpt":{"rendered":"","protected":false},"author":1,"featured_media":36960,"comment_status":"open","ping_status":"open","sticky":false,"template":"","format":"standard","meta":{"footnotes":""},"categories":[38],"tags":[],"class_list":["post-36959","post","type-post","status-publish","format-standard","has-post-thumbnail","hentry","category-regional"],"jetpack_featured_media_url":"https:\/\/radiorevelacionfm.cl\/wp-content\/uploads\/2023\/11\/acbdf835-17be-4ced-813e-3b1dee24bf38-1_optimized-1.jpeg","_links":{"self":[{"href":"https:\/\/radiorevelacionfm.cl\/index.php?rest_route=\/wp\/v2\/posts\/36959","targetHints":{"allow":["GET"]}}],"collection":[{"href":"https:\/\/radiorevelacionfm.cl\/index.php?rest_route=\/wp\/v2\/posts"}],"about":[{"href":"https:\/\/radiorevelacionfm.cl\/index.php?rest_route=\/wp\/v2\/types\/post"}],"author":[{"embeddable":true,"href":"https:\/\/radiorevelacionfm.cl\/index.php?rest_route=\/wp\/v2\/users\/1"}],"replies":[{"embeddable":true,"href":"https:\/\/radiorevelacionfm.cl\/index.php?rest_route=%2Fwp%2Fv2%2Fcomments&post=36959"}],"version-history":[{"count":1,"href":"https:\/\/radiorevelacionfm.cl\/index.php?rest_route=\/wp\/v2\/posts\/36959\/revisions"}],"predecessor-version":[{"id":36961,"href":"https:\/\/radiorevelacionfm.cl\/index.php?rest_route=\/wp\/v2\/posts\/36959\/revisions\/36961"}],"wp:featuredmedia":[{"embeddable":true,"href":"https:\/\/radiorevelacionfm.cl\/index.php?rest_route=\/wp\/v2\/media\/36960"}],"wp:attachment":[{"href":"https:\/\/radiorevelacionfm.cl\/index.php?rest_route=%2Fwp%2Fv2%2Fmedia&parent=36959"}],"wp:term":[{"taxonomy":"category","embeddable":true,"href":"https:\/\/radiorevelacionfm.cl\/index.php?rest_route=%2Fwp%2Fv2%2Fcategories&post=36959"},{"taxonomy":"post_tag","embeddable":true,"href":"https:\/\/radiorevelacionfm.cl\/index.php?rest_route=%2Fwp%2Fv2%2Ftags&post=36959"}],"curies":[{"name":"wp","href":"https:\/\/api.w.org\/{rel}","templated":true}]}}