{"id":36956,"date":"2023-11-14T19:53:46","date_gmt":"2023-11-14T22:53:46","guid":{"rendered":"https:\/\/radiorevelacionfm.cl\/?p=36956"},"modified":"2023-11-14T20:07:30","modified_gmt":"2023-11-14T23:07:30","slug":"puerto-cisnes-detienen-y-formalizan-a-padre-por-abuso-sexual-reiterado-contra-su-hija","status":"publish","type":"post","link":"https:\/\/radiorevelacionfm.cl\/?p=36956","title":{"rendered":"Puerto Cisnes: Detienen y formalizan a padre por abuso sexual reiterado contra su hija"},"content":{"rendered":"<div class=\"flex_column av_one_full  flex_column_div av-zero-column-padding first  avia-builder-el-0  el_before_av_one_full  avia-builder-el-first  \" style='border-radius:0px; '><div  class='avia-image-container  av-styling-    avia-builder-el-1  avia-builder-el-no-sibling  avia-align-center '  itemprop=\"image\" itemscope=\"itemscope\" itemtype=\"https:\/\/schema.org\/ImageObject\"  ><div class='avia-image-container-inner'><div class='avia-image-overlay-wrap'><img decoding=\"async\" class='wp-image-23912 avia-img-lazy-loading-not-23912 avia_image' src=\"https:\/\/radiorevelacionfm.cl\/wp-content\/uploads\/2022\/11\/puerto-cisnes-tribunal-1-1_optimized-1.jpg\" alt='' title='puerto-cisnes-tribunal-(1)-(1)_optimized (1)' height=\"600\" width=\"900\"  itemprop=\"thumbnailUrl\" srcset=\"https:\/\/radiorevelacionfm.cl\/wp-content\/uploads\/2022\/11\/puerto-cisnes-tribunal-1-1_optimized-1.jpg 900w, https:\/\/radiorevelacionfm.cl\/wp-content\/uploads\/2022\/11\/puerto-cisnes-tribunal-1-1_optimized-1-300x200.jpg 300w, https:\/\/radiorevelacionfm.cl\/wp-content\/uploads\/2022\/11\/puerto-cisnes-tribunal-1-1_optimized-1-768x512.jpg 768w, https:\/\/radiorevelacionfm.cl\/wp-content\/uploads\/2022\/11\/puerto-cisnes-tribunal-1-1_optimized-1-705x470.jpg 705w, https:\/\/radiorevelacionfm.cl\/wp-content\/uploads\/2022\/11\/puerto-cisnes-tribunal-1-1_optimized-1-600x400.jpg 600w\" sizes=\"(max-width: 900px) 100vw, 900px\" \/><\/div><\/div><\/div><\/div>\n<div class=\"flex_column av_one_full  flex_column_div av-zero-column-padding first  avia-builder-el-2  el_after_av_one_full  el_before_av_one_full  column-top-margin\" style='border-radius:0px; '><section class=\"av_textblock_section \"  itemscope=\"itemscope\" itemtype=\"https:\/\/schema.org\/BlogPosting\" itemprop=\"blogPost\" ><div class='avia_textblock  '   itemprop=\"text\" ><p style=\"text-align: center;\"><strong><span style=\"font-size: 18pt;\">Puerto Cisnes: Detienen y formalizan a padre por abuso sexual reiterado contra su hija<\/span><\/strong><\/p>\n<div id=\"gtx-trans\" style=\"position: absolute; left: -50px; top: 4.31534px;\">\n<div class=\"gtx-trans-icon\"><\/div>\n<\/div>\n<\/div><\/section><\/div>\n<div class=\"flex_column av_one_full  flex_column_div av-zero-column-padding first  avia-builder-el-4  el_after_av_one_full  el_before_av_hr  column-top-margin\" style='border-radius:0px; '><section class=\"av_textblock_section \"  itemscope=\"itemscope\" itemtype=\"https:\/\/schema.org\/BlogPosting\" itemprop=\"blogPost\" ><div class='avia_textblock  '   itemprop=\"text\" ><p style=\"text-align: justify;\">Un sujeto fue detenido y formalizado por delitos reiterados de abuso sexual. Seg\u00fan antecedentes, la v\u00edctima ser\u00eda una menor de 11 a\u00f1os, quien habr\u00eda sufrido abusos entre el a\u00f1o 2022 y 2023, en la capital de la comuna de Cisnes, Puerto Cisnes.<\/p>\n<p style=\"text-align: justify;\">Los antecedentes expuestos por el Ministerio p\u00fablico en audiencia esta ma\u00f1ana, indican que el sujeto habr\u00eda aprovechado las visitas de r\u00e9gimen comunicacional que realizaba a su hija, para abusar de la menor, y que esto habr\u00eda ocurrido a lo menos cuatro veces.<\/p>\n<p style=\"text-align: justify;\">Otros antecedentes dado a conocer en audiencia, que son reiterados y graves, indica que el sujeto habr\u00eda amenazado a la v\u00edctima para que no develara estos abusos sexuales, indic\u00e1ndole que no entregar\u00eda dinero para la mantenci\u00f3n de sus hermanos, ejerciendo, seg\u00fan la Fiscal\u00eda, violencia social y econ\u00f3mica.<\/p>\n<p style=\"text-align: justify;\">Para la Fiscal\u00eda, la libertad del imputado es un peligro para la seguridad de la v\u00edctima y de la sociedad. Adem\u00e1s hay un riesgo de fuga que fue expuesto en la audiencia, por lo que la Fiscal\u00eda solicit\u00f3 prisi\u00f3n preventiva. El sujeto adem\u00e1s estar\u00eda siendo investigado por un presunto delito de acoso sexual, que data de agosto del 2023.<\/p>\n<p style=\"text-align: justify;\">Finalmente, la medida cautelar fue acogida y el imputado qued\u00f3 en prisi\u00f3n preventiva.<\/p>\n<\/div><\/section><\/div><div  style='height:50px' class='hr hr-invisible   avia-builder-el-6  el_after_av_one_full  el_before_av_social_share '><span class='hr-inner ' ><span class='hr-inner-style'><\/span><\/span><\/div><\/p>\n<div  class='av-social-sharing-box  avia-builder-el-7  el_after_av_hr  el_before_av_hr  '><div class='av-share-box'><h5 class='av-share-link-description av-no-toc '>Compartir esta noticia<\/h5><ul class='av-share-box-list noLightbox'><li class='av-share-link av-social-link-facebook' ><a target=\"_blank\" aria-label=\"Compartir en Facebook\" href='https:\/\/www.facebook.com\/sharer.php?u=https:\/\/radiorevelacionfm.cl\/?p=36956&#038;t=Puerto%20Cisnes%3A%20Detienen%20y%20formalizan%20a%20padre%20por%20abuso%20sexual%20reiterado%20contra%20su%20hija' aria-hidden='false' data-av_icon='\ue8f3' data-av_iconfont='entypo-fontello' title='' data-avia-related-tooltip='Compartir en Facebook' rel=\"noopener\"><span class='avia_hidden_link_text'>Compartir en Facebook<\/span><\/a><\/li><li class='av-share-link av-social-link-twitter' ><a target=\"_blank\" aria-label=\"Compartir en Twitter\" href='https:\/\/twitter.com\/share?text=Puerto%20Cisnes%3A%20Detienen%20y%20formalizan%20a%20padre%20por%20abuso%20sexual%20reiterado%20contra%20su%20hija&#038;url=https:\/\/radiorevelacionfm.cl\/?p=36956' aria-hidden='false' data-av_icon='\ue8f1' data-av_iconfont='entypo-fontello' title='' data-avia-related-tooltip='Compartir en Twitter' rel=\"noopener\"><span class='avia_hidden_link_text'>Compartir en Twitter<\/span><\/a><\/li><li class='av-share-link av-social-link-whatsapp' ><a target=\"_blank\" aria-label=\"Compartir en Whatsapp\" href='https:\/\/api.whatsapp.com\/send?text=https:\/\/radiorevelacionfm.cl\/?p=36956' aria-hidden='false' data-av_icon='\uf232' data-av_iconfont='entypo-fontello' title='' data-avia-related-tooltip='Compartir en Whatsapp' rel=\"noopener\"><span class='avia_hidden_link_text'>Compartir en Whatsapp<\/span><\/a><\/li><li class='av-share-link av-social-link-linkedin' ><a target=\"_blank\" aria-label=\"Compartir en LinkedIn\" href='https:\/\/linkedin.com\/shareArticle?mini=true&#038;title=Puerto%20Cisnes%3A%20Detienen%20y%20formalizan%20a%20padre%20por%20abuso%20sexual%20reiterado%20contra%20su%20hija&#038;url=https:\/\/radiorevelacionfm.cl\/?p=36956' aria-hidden='false' data-av_icon='\ue8fc' data-av_iconfont='entypo-fontello' title='' data-avia-related-tooltip='Compartir en LinkedIn' rel=\"noopener\"><span class='avia_hidden_link_text'>Compartir en LinkedIn<\/span><\/a><\/li><li class='av-share-link av-social-link-mail' ><a  aria-label=\"Compartir por correo\" href='mailto:?subject=Puerto%20Cisnes%3A%20Detienen%20y%20formalizan%20a%20padre%20por%20abuso%20sexual%20reiterado%20contra%20su%20hija&#038;body=https:\/\/radiorevelacionfm.cl\/?p=36956' aria-hidden='false' data-av_icon='\ue805' data-av_iconfont='entypo-fontello' title='' data-avia-related-tooltip='Compartir por correo'><span class='avia_hidden_link_text'>Compartir por correo<\/span><\/a><\/li><\/ul><\/div><\/div>\n<div  style='height:50px' class='hr hr-invisible   avia-builder-el-8  el_after_av_social_share  el_before_av_comments_list '><span class='hr-inner ' ><span class='hr-inner-style'><\/span><\/span><\/div>\n<div  class='av-buildercomment  av-blog-meta-html-info-disabled av-blog-meta-tag-disabled  '><\/div>\n","protected":false},"excerpt":{"rendered":"","protected":false},"author":1,"featured_media":23912,"comment_status":"open","ping_status":"open","sticky":false,"template":"","format":"standard","meta":{"footnotes":""},"categories":[36],"tags":[],"class_list":["post-36956","post","type-post","status-publish","format-standard","has-post-thumbnail","hentry","category-policial"],"jetpack_featured_media_url":"https:\/\/radiorevelacionfm.cl\/wp-content\/uploads\/2022\/11\/puerto-cisnes-tribunal-1-1_optimized-1.jpg","_links":{"self":[{"href":"https:\/\/radiorevelacionfm.cl\/index.php?rest_route=\/wp\/v2\/posts\/36956","targetHints":{"allow":["GET"]}}],"collection":[{"href":"https:\/\/radiorevelacionfm.cl\/index.php?rest_route=\/wp\/v2\/posts"}],"about":[{"href":"https:\/\/radiorevelacionfm.cl\/index.php?rest_route=\/wp\/v2\/types\/post"}],"author":[{"embeddable":true,"href":"https:\/\/radiorevelacionfm.cl\/index.php?rest_route=\/wp\/v2\/users\/1"}],"replies":[{"embeddable":true,"href":"https:\/\/radiorevelacionfm.cl\/index.php?rest_route=%2Fwp%2Fv2%2Fcomments&post=36956"}],"version-history":[{"count":2,"href":"https:\/\/radiorevelacionfm.cl\/index.php?rest_route=\/wp\/v2\/posts\/36956\/revisions"}],"predecessor-version":[{"id":36958,"href":"https:\/\/radiorevelacionfm.cl\/index.php?rest_route=\/wp\/v2\/posts\/36956\/revisions\/36958"}],"wp:featuredmedia":[{"embeddable":true,"href":"https:\/\/radiorevelacionfm.cl\/index.php?rest_route=\/wp\/v2\/media\/23912"}],"wp:attachment":[{"href":"https:\/\/radiorevelacionfm.cl\/index.php?rest_route=%2Fwp%2Fv2%2Fmedia&parent=36956"}],"wp:term":[{"taxonomy":"category","embeddable":true,"href":"https:\/\/radiorevelacionfm.cl\/index.php?rest_route=%2Fwp%2Fv2%2Fcategories&post=36956"},{"taxonomy":"post_tag","embeddable":true,"href":"https:\/\/radiorevelacionfm.cl\/index.php?rest_route=%2Fwp%2Fv2%2Ftags&post=36956"}],"curies":[{"name":"wp","href":"https:\/\/api.w.org\/{rel}","templated":true}]}}