{"id":36952,"date":"2023-11-15T15:25:05","date_gmt":"2023-11-15T18:25:05","guid":{"rendered":"https:\/\/radiorevelacionfm.cl\/?p=36952"},"modified":"2023-11-15T15:25:05","modified_gmt":"2023-11-15T18:25:05","slug":"firma-de-convenio-entre-slep-aysen-y-gore-permitira-realizar-importante-estudio-de-infraestructura-educacional","status":"publish","type":"post","link":"https:\/\/radiorevelacionfm.cl\/?p=36952","title":{"rendered":"Firma de convenio entre SLEP Ays\u00e9n y GORE permitir\u00e1 realizar importante estudio de infraestructura educacional"},"content":{"rendered":"<div class=\"flex_column av_one_full  flex_column_div av-zero-column-padding first  avia-builder-el-0  el_before_av_one_full  avia-builder-el-first  \" style='border-radius:0px; '><div  class='avia-image-container  av-styling-    avia-builder-el-1  avia-builder-el-no-sibling  avia-align-center '  itemprop=\"image\" itemscope=\"itemscope\" itemtype=\"https:\/\/schema.org\/ImageObject\"  ><div class='avia-image-container-inner'><div class='avia-image-overlay-wrap'><img decoding=\"async\" class='wp-image-36954 avia-img-lazy-loading-not-36954 avia_image' src=\"https:\/\/radiorevelacionfm.cl\/wp-content\/uploads\/2023\/11\/firma-convenio-gore-4-1_optimized-1.jpg\" alt='' title='firma-convenio-gore-4-(1)_optimized (1)' height=\"600\" width=\"1067\"  itemprop=\"thumbnailUrl\" srcset=\"https:\/\/radiorevelacionfm.cl\/wp-content\/uploads\/2023\/11\/firma-convenio-gore-4-1_optimized-1.jpg 1067w, https:\/\/radiorevelacionfm.cl\/wp-content\/uploads\/2023\/11\/firma-convenio-gore-4-1_optimized-1-300x169.jpg 300w, https:\/\/radiorevelacionfm.cl\/wp-content\/uploads\/2023\/11\/firma-convenio-gore-4-1_optimized-1-1030x579.jpg 1030w, https:\/\/radiorevelacionfm.cl\/wp-content\/uploads\/2023\/11\/firma-convenio-gore-4-1_optimized-1-768x432.jpg 768w, https:\/\/radiorevelacionfm.cl\/wp-content\/uploads\/2023\/11\/firma-convenio-gore-4-1_optimized-1-705x396.jpg 705w, https:\/\/radiorevelacionfm.cl\/wp-content\/uploads\/2023\/11\/firma-convenio-gore-4-1_optimized-1-450x253.jpg 450w, https:\/\/radiorevelacionfm.cl\/wp-content\/uploads\/2023\/11\/firma-convenio-gore-4-1_optimized-1-600x337.jpg 600w\" sizes=\"(max-width: 1067px) 100vw, 1067px\" \/><\/div><\/div><\/div><\/div><div class=\"flex_column av_one_full  flex_column_div av-zero-column-padding first  avia-builder-el-2  el_after_av_one_full  el_before_av_one_full  column-top-margin\" style='border-radius:0px; '><section class=\"av_textblock_section \"  itemscope=\"itemscope\" itemtype=\"https:\/\/schema.org\/BlogPosting\" itemprop=\"blogPost\" ><div class='avia_textblock  '   itemprop=\"text\" ><p style=\"text-align: center;\"><strong><span style=\"font-size: 18pt;\">Firma de convenio entre SLEP Ays\u00e9n y GORE permitir\u00e1 realizar importante estudio de infraestructura educacional<\/span><\/strong><\/p>\n<div id=\"gtx-trans\" style=\"position: absolute; left: -50px; top: 4.31534px;\">\n<div class=\"gtx-trans-icon\"><\/div>\n<\/div>\n<\/div><\/section><\/div><div class=\"flex_column av_one_full  flex_column_div av-zero-column-padding first  avia-builder-el-4  el_after_av_one_full  el_before_av_hr  column-top-margin\" style='border-radius:0px; '><section class=\"av_textblock_section \"  itemscope=\"itemscope\" itemtype=\"https:\/\/schema.org\/BlogPosting\" itemprop=\"blogPost\" ><div class='avia_textblock  '   itemprop=\"text\" ><p style=\"text-align: justify;\">En el marco del proceso de implementaci\u00f3n del Servicio Local Ays\u00e9n, y con el prop\u00f3sito de anticipar el trabajo de cara al traspaso educativo, el organismo firm\u00f3 un convenio junto al Gobierno Regional de Ays\u00e9n con el objetivo de realizar un completo diagn\u00f3stico de la infraestructura educacional p\u00fablica de las comunas de la regi\u00f3n. Esta importante acci\u00f3n permitir\u00e1 contar con un panorama concreto del estado de jardines, escuelas y liceos del territorio.<\/p>\n<p style=\"text-align: justify;\">\u201cEstamos muy prontos a comenzar un proceso muy importante en la regi\u00f3n de Ays\u00e9n, que es el traspaso de los establecimientos educacionales al Servicio Local. Como Servicio, debemos fortalecer y promover una mejora en los aprendizajes de los estudiantes. Para esto, hemos dado un paso muy importante con el compromiso del Gobierno Regional, quien nos apoyar\u00e1 con este diagn\u00f3stico que nos permitir\u00e1 tener claridad y priorizar proyectos de infraestructura en el territorio\u201d, afirm\u00f3 el director ejecutivo del SLEP Ays\u00e9n, Sebasti\u00e1n Gonz\u00e1lez.<\/p>\n<p style=\"text-align: justify;\">El estudio a realizar tiene un monto asignado de $430.000.000 y considera 12 meses de desarrollo y 3 consultor\u00edas, entre las que se destacan el Levantamiento planim\u00e9trico total y el levantamiento 3D (10) de un establecimiento por comuna. Adem\u00e1s, el an\u00e1lisis considera difusi\u00f3n y participaci\u00f3n ciudadana, buscando la opini\u00f3n de las comunidades educativas, en el entendido que 8 de las 10 comunas, el establecimiento es la \u00fanica oferta educativa disponible, sumado a que cumplen un rol social y comunitario primordial de encuentro y desarrollo de actividades en el territorio.<\/p>\n<p style=\"text-align: justify;\">Por su parte, Andrea Mac\u00edas, Gobernadora Regional de la Regi\u00f3n de Ays\u00e9n, se mostr\u00f3 entusiasta con el acuerdo, destacando que este convenio se transforma en un hito en la regi\u00f3n hacia a todo Chile. \u201cEste acuerdo representa un reconocimiento a la importancia que tiene el trabajo colaborativo, junto con poder conocer como vuelve la infraestructura p\u00fablica educacional a los Servicios Locales de Educaci\u00f3n, esto con el objetivo de avanzar en un trabajo en conjunto que nos permita planificar inversi\u00f3n en el mediano y largo plazo. Somos conscientes de las complejidades, caracter\u00edsticas geogr\u00e1ficas y condiciones clim\u00e1ticas de nuestro territorio. Desde el Gobierno Regional y su consejo tenemos la convicci\u00f3n que la educaci\u00f3n es el medio de transformaci\u00f3n social de mayor impacto y en el cual todas y todos debemos abocarnos a trabajar\u201d.<em>\u00a0\u00a0\u00a0\u00a0\u00a0 <\/em><\/p>\n<p style=\"text-align: justify;\">La necesidad de contar con este estudio naci\u00f3 durante el recorrido por parte del SLEP Ays\u00e9n de los 66 establecimientos que ser\u00e1n traspasados este pr\u00f3ximo 1 enero. En dichos recorridos, su director ejecutivo Sebasti\u00e1n Gonz\u00e1lez, pudo conocer a las comunidades educativas, alumnos, centros de padres, madres y apoderados, adem\u00e1s de las infraestructuras de los edificios escolares, pudiendo constatar el estado de mantenimiento y necesidades que las mismas comunidades dieron a conocer.<\/p>\n<p style=\"text-align: justify;\">Ante esta necesidad, el pasado mes de junio en una visita de la subdirectora de la Direcci\u00f3n de Educaci\u00f3n P\u00fablica, Paulina S\u00e1ez, se realiz\u00f3 un encuentro con la Gobernadora de la Regi\u00f3n de Ays\u00e9n Andrea Mac\u00edas, junto al director del Servicio Local, Sebasti\u00e1n Gonz\u00e1lez y el Encargado de Infraestructura Miguel \u00c1ngel Rodr\u00edguez. La reuni\u00f3n tuvo como prop\u00f3sito presentar a la gobernadora la oportunidad de desarrollo en forma colaborativa y conjunta, justificando la pertinencia de este estudio con la Estrategia de Desarrollo Regional de Ays\u00e9n, la cual indica el objetivo \u201cFacilitar un acceso equitativo de la poblaci\u00f3n a servicios educacionales en todos sus niveles, permitiendo el mejoramiento continuo de la calidad de vida de sus habitantes.\u201d<\/p>\n<p style=\"text-align: justify;\">De esta manera luego de un proceso acotado, pero de trabajo colaborativo con profesionales del Gobierno Regional de Ays\u00e9n, el Servicio Local logr\u00f3 adjudicar el fondo para el desarrollo del estudio, el cual permitir\u00e1 tener una visi\u00f3n objetiva del estado de la infraestructura y contar con las herramientas para priorizar las futuras intervenciones en los 66 establecimientos educacionales que administrar\u00e1 el Servicio Local de Educaci\u00f3n Ays\u00e9n.<\/p>\n<\/div><\/section><\/div><div  style='height:50px' class='hr hr-invisible   avia-builder-el-6  el_after_av_one_full  el_before_av_social_share '><span class='hr-inner ' ><span class='hr-inner-style'><\/span><\/span><\/div><\/p>\n<div  class='av-social-sharing-box  avia-builder-el-7  el_after_av_hr  el_before_av_hr  '><div class='av-share-box'><h5 class='av-share-link-description av-no-toc '>Compartir esta noticia<\/h5><ul class='av-share-box-list noLightbox'><li class='av-share-link av-social-link-facebook' ><a target=\"_blank\" aria-label=\"Compartir en Facebook\" href='https:\/\/www.facebook.com\/sharer.php?u=https:\/\/radiorevelacionfm.cl\/?p=36952&#038;t=Firma%20de%20convenio%20entre%20SLEP%20Ays%C3%A9n%20y%20GORE%20permitir%C3%A1%20realizar%20importante%20estudio%20de%20infraestructura%20educacional' aria-hidden='false' data-av_icon='\ue8f3' data-av_iconfont='entypo-fontello' title='' data-avia-related-tooltip='Compartir en Facebook' rel=\"noopener\"><span class='avia_hidden_link_text'>Compartir en Facebook<\/span><\/a><\/li><li class='av-share-link av-social-link-twitter' ><a target=\"_blank\" aria-label=\"Compartir en Twitter\" href='https:\/\/twitter.com\/share?text=Firma%20de%20convenio%20entre%20SLEP%20Ays%C3%A9n%20y%20GORE%20permitir%C3%A1%20realizar%20importante%20estudio%20de%20infraestructura%20educacional&#038;url=https:\/\/radiorevelacionfm.cl\/?p=36952' aria-hidden='false' data-av_icon='\ue8f1' data-av_iconfont='entypo-fontello' title='' data-avia-related-tooltip='Compartir en Twitter' rel=\"noopener\"><span class='avia_hidden_link_text'>Compartir en Twitter<\/span><\/a><\/li><li class='av-share-link av-social-link-whatsapp' ><a target=\"_blank\" aria-label=\"Compartir en Whatsapp\" href='https:\/\/api.whatsapp.com\/send?text=https:\/\/radiorevelacionfm.cl\/?p=36952' aria-hidden='false' data-av_icon='\uf232' data-av_iconfont='entypo-fontello' title='' data-avia-related-tooltip='Compartir en Whatsapp' rel=\"noopener\"><span class='avia_hidden_link_text'>Compartir en Whatsapp<\/span><\/a><\/li><li class='av-share-link av-social-link-linkedin' ><a target=\"_blank\" aria-label=\"Compartir en LinkedIn\" href='https:\/\/linkedin.com\/shareArticle?mini=true&#038;title=Firma%20de%20convenio%20entre%20SLEP%20Ays%C3%A9n%20y%20GORE%20permitir%C3%A1%20realizar%20importante%20estudio%20de%20infraestructura%20educacional&#038;url=https:\/\/radiorevelacionfm.cl\/?p=36952' aria-hidden='false' data-av_icon='\ue8fc' data-av_iconfont='entypo-fontello' title='' data-avia-related-tooltip='Compartir en LinkedIn' rel=\"noopener\"><span class='avia_hidden_link_text'>Compartir en LinkedIn<\/span><\/a><\/li><li class='av-share-link av-social-link-mail' ><a  aria-label=\"Compartir por correo\" href='mailto:?subject=Firma%20de%20convenio%20entre%20SLEP%20Ays%C3%A9n%20y%20GORE%20permitir%C3%A1%20realizar%20importante%20estudio%20de%20infraestructura%20educacional&#038;body=https:\/\/radiorevelacionfm.cl\/?p=36952' aria-hidden='false' data-av_icon='\ue805' data-av_iconfont='entypo-fontello' title='' data-avia-related-tooltip='Compartir por correo'><span class='avia_hidden_link_text'>Compartir por correo<\/span><\/a><\/li><\/ul><\/div><\/div>\n<div  style='height:50px' class='hr hr-invisible   avia-builder-el-8  el_after_av_social_share  el_before_av_comments_list '><span class='hr-inner ' ><span class='hr-inner-style'><\/span><\/span><\/div>\n<div  class='av-buildercomment  av-blog-meta-html-info-disabled av-blog-meta-tag-disabled  '><\/div>\n","protected":false},"excerpt":{"rendered":"","protected":false},"author":1,"featured_media":36954,"comment_status":"open","ping_status":"open","sticky":false,"template":"","format":"standard","meta":{"footnotes":""},"categories":[49],"tags":[],"class_list":["post-36952","post","type-post","status-publish","format-standard","has-post-thumbnail","hentry","category-educacion"],"jetpack_featured_media_url":"https:\/\/radiorevelacionfm.cl\/wp-content\/uploads\/2023\/11\/firma-convenio-gore-4-1_optimized-1.jpg","_links":{"self":[{"href":"https:\/\/radiorevelacionfm.cl\/index.php?rest_route=\/wp\/v2\/posts\/36952","targetHints":{"allow":["GET"]}}],"collection":[{"href":"https:\/\/radiorevelacionfm.cl\/index.php?rest_route=\/wp\/v2\/posts"}],"about":[{"href":"https:\/\/radiorevelacionfm.cl\/index.php?rest_route=\/wp\/v2\/types\/post"}],"author":[{"embeddable":true,"href":"https:\/\/radiorevelacionfm.cl\/index.php?rest_route=\/wp\/v2\/users\/1"}],"replies":[{"embeddable":true,"href":"https:\/\/radiorevelacionfm.cl\/index.php?rest_route=%2Fwp%2Fv2%2Fcomments&post=36952"}],"version-history":[{"count":1,"href":"https:\/\/radiorevelacionfm.cl\/index.php?rest_route=\/wp\/v2\/posts\/36952\/revisions"}],"predecessor-version":[{"id":36955,"href":"https:\/\/radiorevelacionfm.cl\/index.php?rest_route=\/wp\/v2\/posts\/36952\/revisions\/36955"}],"wp:featuredmedia":[{"embeddable":true,"href":"https:\/\/radiorevelacionfm.cl\/index.php?rest_route=\/wp\/v2\/media\/36954"}],"wp:attachment":[{"href":"https:\/\/radiorevelacionfm.cl\/index.php?rest_route=%2Fwp%2Fv2%2Fmedia&parent=36952"}],"wp:term":[{"taxonomy":"category","embeddable":true,"href":"https:\/\/radiorevelacionfm.cl\/index.php?rest_route=%2Fwp%2Fv2%2Fcategories&post=36952"},{"taxonomy":"post_tag","embeddable":true,"href":"https:\/\/radiorevelacionfm.cl\/index.php?rest_route=%2Fwp%2Fv2%2Ftags&post=36952"}],"curies":[{"name":"wp","href":"https:\/\/api.w.org\/{rel}","templated":true}]}}