{"id":3695,"date":"2021-04-30T19:28:29","date_gmt":"2021-04-30T22:28:29","guid":{"rendered":"https:\/\/radiorevelacionfm.cl\/?p=3695"},"modified":"2021-04-30T19:28:29","modified_gmt":"2021-04-30T22:28:29","slug":"servicio-de-salud-aysen-presento-su-cuenta-publica-participativa","status":"publish","type":"post","link":"https:\/\/radiorevelacionfm.cl\/?p=3695","title":{"rendered":"Servicio de Salud Ays\u00e9n present\u00f3 su cuenta p\u00fablica participativa"},"content":{"rendered":"<div class=\"flex_column av_one_full  flex_column_div av-zero-column-padding first  avia-builder-el-0  el_before_av_one_full  avia-builder-el-first  \" style='border-radius:0px; '><div  class='avia-image-container  av-styling-    avia-builder-el-1  avia-builder-el-no-sibling  avia-align-center '  itemprop=\"image\" itemscope=\"itemscope\" itemtype=\"https:\/\/schema.org\/ImageObject\"  ><div class='avia-image-container-inner'><div class='avia-image-overlay-wrap'><img decoding=\"async\" class='wp-image-0 avia-img-lazy-loading-not-0 avia_image' src=\"https:\/\/radiorevelacionfm.cl\/wp-content\/uploads\/2021\/04\/image-23-4_optimized.png\" alt='' title=''   itemprop=\"thumbnailUrl\"  \/><\/div><\/div><\/div><\/div>\n<div class=\"flex_column av_one_full  flex_column_div av-zero-column-padding first  avia-builder-el-2  el_after_av_one_full  el_before_av_one_full  column-top-margin\" style='border-radius:0px; '><section class=\"av_textblock_section \"  itemscope=\"itemscope\" itemtype=\"https:\/\/schema.org\/BlogPosting\" itemprop=\"blogPost\" ><div class='avia_textblock  '   itemprop=\"text\" ><p style=\"text-align: center;\"><strong><span style=\"font-size: 18pt;\">Servicio de Salud Ays\u00e9n present\u00f3 su cuenta p\u00fablica participativa<\/span><\/strong><\/p>\n<div id=\"gtx-trans\" style=\"position: absolute; left: -50px; top: 4.31534px;\">\n<div class=\"gtx-trans-icon\"><\/div>\n<\/div>\n<\/div><\/section><\/div><div class=\"flex_column av_one_full  flex_column_div av-zero-column-padding first  avia-builder-el-4  el_after_av_one_full  el_before_av_hr  column-top-margin\" style='border-radius:0px; '><section class=\"av_textblock_section \"  itemscope=\"itemscope\" itemtype=\"https:\/\/schema.org\/BlogPosting\" itemprop=\"blogPost\" ><div class='avia_textblock  '   itemprop=\"text\" ><p style=\"text-align: justify;\">El tradicional ejercicio de transparencia, donde se destacaron los principales hitos de la gesti\u00f3n realizada durante el \u00faltimo a\u00f1o, debi\u00f3 ser grabada y presentada en plataformas virtuales producto de la Pandemia de COVID-19.<\/p>\n<p style=\"text-align: justify;\">El fortalecimiento de la Red Asistencial m\u00e1s cercana y de calidad, llegada de especialistas a la zona, estrategia de Hospital Digital, fortalecimiento de la atenci\u00f3n domiciliaria, aumento de la capacidad de camas cr\u00edticas, estrategia de vacunaci\u00f3n y el desarrollo del Plan de Inversi\u00f3n, entre otras, fueron las acciones destacadas en la cuenta p\u00fablica del Servicio de Salud Ays\u00e9n, realizada en video por su director Gabriel Burgos Salas.<\/p>\n<p style=\"text-align: justify;\">La pandemia ha significado un desaf\u00edo tanto para los sistemas sanitarios como para la sociedad en general, as\u00ed lo mencion\u00f3 la autoridad del Servicio de Salud Ays\u00e9n. \u201cEl a\u00f1o reci\u00e9n pasado redoblamos nuestros esfuerzos, si bien es cierto hemos trabajado arduamente en este tema, sin embargo, no hemos descuidado nuestro quehacer habitual, es por esto que no quiero dejar de agradecer a cada uno de los funcionarios de esta gran Red Asistencial, que sin lugar a dudas han desarrollado un gran trabajo en la llamada primera l\u00ednea\u201d.<\/p>\n<p style=\"text-align: justify;\">Igualmente, Burgos valor\u00f3 el trabajo de fortalecimiento de la red asistencial de salud en cuanto a atenci\u00f3n primaria y el arribo de profesionales a zonas rurales. \u201cEntre las medidas implementadas por la atenci\u00f3n primaria de salud se destacan las m\u00e1s de 29 mil recetas entregadas a domicilio; las casi 5 mil atenciones domiciliarias y la toma de ex\u00e1menes a domicilio para pacientes con movilidad reducida\u201d.<\/p>\n<p style=\"text-align: justify;\">Se destaca adem\u00e1s el fortalecimiento de la Hospitalizaci\u00f3n Domiciliaria, la que duplic\u00f3 sus cupos en el Hospital Regional Coyhaique, pasando de 20 a 45 pacientes, implement\u00e1ndose adem\u00e1s esta estrategia en el Hospital de Puerto Ays\u00e9n inicialmente con 6 cupos.<\/p>\n<p style=\"text-align: justify;\">Importante es valorar -agreg\u00f3 Burgos- los m\u00faltiples aportes recibidos por el Gobierno Regional de Ays\u00e9n, que destin\u00f3 2.000 millones de pesos a la adquisici\u00f3n de ventiladores mec\u00e1nicos (entre otros equipos) para los hospitales y la Red de Urgencia, los que han sido de gran utilidad para afrontar esta pandemia.<\/p>\n<p style=\"text-align: justify;\">Otro punto importante, es la habilitaci\u00f3n de la Unidad de Testeo, Trazabilidad y Aislamiento, UTTA regional, que se ha transformado en un pilar fundamental de trabajo mancomunado entre el Servicio de Salud y la Secretar\u00eda Regional Ministerial de Salud, permitiendo desarrollar, por ejemplo, la estrategia de toma de muestra mediante B\u00fasqueda Activa y entrega de resultados en cada uno de los m\u00e1s de 38.000 ex\u00e1menes realizados durante el 2020.<\/p>\n<p style=\"text-align: justify;\">No toda la gesti\u00f3n en salud ha estado dirigida a enfrentar la pandemia, pues a trav\u00e9s del convenio de programaci\u00f3n suscrito entre el Ministerio de Salud y Gobierno Regional de Ays\u00e9n, se han debido ejecutar proyectos de inversi\u00f3n en salud, para el mantenimiento y reposici\u00f3n de diversos establecimientos.<\/p>\n<p style=\"text-align: justify;\">En lo que se refiere a iniciativas de inversi\u00f3n se destaca el Plan de Conservaci\u00f3n de Postas de Salud Rural que han beneficiado a las localidades de Puerto Aguirre, Puerto Gala, Villa Amengual, Lago Verde, La Tapera, Lago Atravesado, \u00d1irehuao, Villa Ortega y Villa O\u2019Higgins.<\/p>\n<p style=\"text-align: justify;\">Igualmente, el a\u00f1o reci\u00e9n pasado, arribaron 18 m\u00e9dicos a la regi\u00f3n, provenientes de las principales casas de estudio superior del pa\u00eds, mientras que en la actualidad se desempe\u00f1an en nuestra Red Asistencial 72 profesionales. En lo referido a especialistas, contamos con 6 nuevos profesionales de las \u00e1reas de cirug\u00eda oncol\u00f3gica, nefrolog\u00eda adulta y pedi\u00e1trica, medicina interna, paliativa y otorrinolaringolog\u00eda.<\/p>\n<p style=\"text-align: justify;\">La Red Asistencial de Ays\u00e9n cuenta con 27 postas de Salud Rural, adem\u00e1s de 4 CESFAM, 4 CECOSF, 1 COSAM, 3 hospitales comunitarios de Puerto Cisnes, Chile Chico y Cochrane, sumado al hospital de mediana complejidad de Puerto Ays\u00e9n y un centro de mayor complejidad, que es el Hospital Regional Coyhaique, junto al Centro Regulador SAMU, quienes en su conjunto constituyen una extensa pero eficaz Red, que garantiza la Atenci\u00f3n Primaria, diagn\u00f3stico, tratamiento y rehabilitaci\u00f3n de los usuarios de todo el territorio.<\/p>\n<p style=\"text-align: justify;\">Hoy -manifest\u00f3 Burgos- nos encontramos en doble proceso de vacunaci\u00f3n, por un lado, la inmunizaci\u00f3n contra el COVID-19 y por otro nuestro habitual proceso de vacunaci\u00f3n contra la influenza, acciones que necesitan una enorme log\u00edstica de toda la Red Asistencial, que involucra adem\u00e1s a m\u00faltiples instituciones y comunidad.<\/p>\n<p style=\"text-align: justify;\">Por lo anterior, queremos nuevamente reconocer el enorme trabajo y despliegue que han realizado los funcionarios y funcionarias de la Red Asistencia, desde La Junta a Villa O\u201cHiggins, resguardando que ninguno de los habitantes del territorio se resten de los procesos de vacunaci\u00f3n y atenciones m\u00e9dicas.<\/p>\n<\/div><\/section><\/div><\/p>\n<div  style='height:50px' class='hr hr-invisible   avia-builder-el-6  el_after_av_one_full  el_before_av_social_share '><span class='hr-inner ' ><span class='hr-inner-style'><\/span><\/span><\/div>\n<div  class='av-social-sharing-box  avia-builder-el-7  el_after_av_hr  el_before_av_hr  '><div class='av-share-box'><h5 class='av-share-link-description av-no-toc '>Compartir esta noticia<\/h5><ul class='av-share-box-list noLightbox'><li class='av-share-link av-social-link-facebook' ><a target=\"_blank\" aria-label=\"Compartir en Facebook\" href='https:\/\/www.facebook.com\/sharer.php?u=https:\/\/radiorevelacionfm.cl\/?p=3695&#038;t=Servicio%20de%20Salud%20Ays%C3%A9n%20present%C3%B3%20su%20cuenta%20p%C3%BAblica%20participativa' aria-hidden='false' data-av_icon='\ue8f3' data-av_iconfont='entypo-fontello' title='' data-avia-related-tooltip='Compartir en Facebook' rel=\"noopener\"><span class='avia_hidden_link_text'>Compartir en Facebook<\/span><\/a><\/li><li class='av-share-link av-social-link-twitter' ><a target=\"_blank\" aria-label=\"Compartir en Twitter\" href='https:\/\/twitter.com\/share?text=Servicio%20de%20Salud%20Ays%C3%A9n%20present%C3%B3%20su%20cuenta%20p%C3%BAblica%20participativa&#038;url=https:\/\/radiorevelacionfm.cl\/?p=3695' aria-hidden='false' data-av_icon='\ue8f1' data-av_iconfont='entypo-fontello' title='' data-avia-related-tooltip='Compartir en Twitter' rel=\"noopener\"><span class='avia_hidden_link_text'>Compartir en Twitter<\/span><\/a><\/li><li class='av-share-link av-social-link-whatsapp' ><a target=\"_blank\" aria-label=\"Compartir en Whatsapp\" href='https:\/\/api.whatsapp.com\/send?text=https:\/\/radiorevelacionfm.cl\/?p=3695' aria-hidden='false' data-av_icon='\uf232' data-av_iconfont='entypo-fontello' title='' data-avia-related-tooltip='Compartir en Whatsapp' rel=\"noopener\"><span class='avia_hidden_link_text'>Compartir en Whatsapp<\/span><\/a><\/li><li class='av-share-link av-social-link-linkedin' ><a target=\"_blank\" aria-label=\"Compartir en LinkedIn\" href='https:\/\/linkedin.com\/shareArticle?mini=true&#038;title=Servicio%20de%20Salud%20Ays%C3%A9n%20present%C3%B3%20su%20cuenta%20p%C3%BAblica%20participativa&#038;url=https:\/\/radiorevelacionfm.cl\/?p=3695' aria-hidden='false' data-av_icon='\ue8fc' data-av_iconfont='entypo-fontello' title='' data-avia-related-tooltip='Compartir en LinkedIn' rel=\"noopener\"><span class='avia_hidden_link_text'>Compartir en LinkedIn<\/span><\/a><\/li><li class='av-share-link av-social-link-mail' ><a  aria-label=\"Compartir por correo\" href='mailto:?subject=Servicio%20de%20Salud%20Ays%C3%A9n%20present%C3%B3%20su%20cuenta%20p%C3%BAblica%20participativa&#038;body=https:\/\/radiorevelacionfm.cl\/?p=3695' aria-hidden='false' data-av_icon='\ue805' data-av_iconfont='entypo-fontello' title='' data-avia-related-tooltip='Compartir por correo'><span class='avia_hidden_link_text'>Compartir por correo<\/span><\/a><\/li><\/ul><\/div><\/div>\n<div  style='height:50px' class='hr hr-invisible   avia-builder-el-8  el_after_av_social_share  el_before_av_comments_list '><span class='hr-inner ' ><span class='hr-inner-style'><\/span><\/span><\/div>\n<div  class='av-buildercomment  av-blog-meta-html-info-disabled av-blog-meta-tag-disabled  '><\/div>\n","protected":false},"excerpt":{"rendered":"","protected":false},"author":1,"featured_media":0,"comment_status":"open","ping_status":"open","sticky":false,"template":"","format":"standard","meta":{"footnotes":""},"categories":[46],"tags":[],"class_list":["post-3695","post","type-post","status-publish","format-standard","hentry","category-salud"],"jetpack_featured_media_url":"","_links":{"self":[{"href":"https:\/\/radiorevelacionfm.cl\/index.php?rest_route=\/wp\/v2\/posts\/3695","targetHints":{"allow":["GET"]}}],"collection":[{"href":"https:\/\/radiorevelacionfm.cl\/index.php?rest_route=\/wp\/v2\/posts"}],"about":[{"href":"https:\/\/radiorevelacionfm.cl\/index.php?rest_route=\/wp\/v2\/types\/post"}],"author":[{"embeddable":true,"href":"https:\/\/radiorevelacionfm.cl\/index.php?rest_route=\/wp\/v2\/users\/1"}],"replies":[{"embeddable":true,"href":"https:\/\/radiorevelacionfm.cl\/index.php?rest_route=%2Fwp%2Fv2%2Fcomments&post=3695"}],"version-history":[{"count":2,"href":"https:\/\/radiorevelacionfm.cl\/index.php?rest_route=\/wp\/v2\/posts\/3695\/revisions"}],"predecessor-version":[{"id":3698,"href":"https:\/\/radiorevelacionfm.cl\/index.php?rest_route=\/wp\/v2\/posts\/3695\/revisions\/3698"}],"wp:attachment":[{"href":"https:\/\/radiorevelacionfm.cl\/index.php?rest_route=%2Fwp%2Fv2%2Fmedia&parent=3695"}],"wp:term":[{"taxonomy":"category","embeddable":true,"href":"https:\/\/radiorevelacionfm.cl\/index.php?rest_route=%2Fwp%2Fv2%2Fcategories&post=3695"},{"taxonomy":"post_tag","embeddable":true,"href":"https:\/\/radiorevelacionfm.cl\/index.php?rest_route=%2Fwp%2Fv2%2Ftags&post=3695"}],"curies":[{"name":"wp","href":"https:\/\/api.w.org\/{rel}","templated":true}]}}