{"id":36924,"date":"2023-11-16T12:19:52","date_gmt":"2023-11-16T15:19:52","guid":{"rendered":"https:\/\/radiorevelacionfm.cl\/?p=36924"},"modified":"2023-11-16T12:19:52","modified_gmt":"2023-11-16T15:19:52","slug":"sec-aysen-se-reune-con-autoridades-regionales-para-analizar-plan-de-verano-que-busca-evitar-interrupciones-electricas","status":"publish","type":"post","link":"https:\/\/radiorevelacionfm.cl\/?p=36924","title":{"rendered":"SEC Ays\u00e9n se re\u00fane con autoridades regionales para analizar Plan de Verano que busca evitar interrupciones el\u00e9ctricas"},"content":{"rendered":"<div class=\"flex_column av_one_full  flex_column_div av-zero-column-padding first  avia-builder-el-0  el_before_av_one_full  avia-builder-el-first  \" style='border-radius:0px; '><div  class='avia-image-container  av-styling-    avia-builder-el-1  avia-builder-el-no-sibling  avia-align-center '  itemprop=\"image\" itemscope=\"itemscope\" itemtype=\"https:\/\/schema.org\/ImageObject\"  ><div class='avia-image-container-inner'><div class='avia-image-overlay-wrap'><img decoding=\"async\" class='wp-image-36925 avia-img-lazy-loading-not-36925 avia_image' src=\"https:\/\/radiorevelacionfm.cl\/wp-content\/uploads\/2023\/11\/FOTOGRAFIA-REUNION-1-1.jpeg\" alt='' title='FOTOGRAF\u00cdA REUNI\u00d3N (1) (1)' height=\"600\" width=\"901\"  itemprop=\"thumbnailUrl\" srcset=\"https:\/\/radiorevelacionfm.cl\/wp-content\/uploads\/2023\/11\/FOTOGRAFIA-REUNION-1-1.jpeg 901w, https:\/\/radiorevelacionfm.cl\/wp-content\/uploads\/2023\/11\/FOTOGRAFIA-REUNION-1-1-300x200.jpeg 300w, https:\/\/radiorevelacionfm.cl\/wp-content\/uploads\/2023\/11\/FOTOGRAFIA-REUNION-1-1-768x511.jpeg 768w, https:\/\/radiorevelacionfm.cl\/wp-content\/uploads\/2023\/11\/FOTOGRAFIA-REUNION-1-1-705x469.jpeg 705w, https:\/\/radiorevelacionfm.cl\/wp-content\/uploads\/2023\/11\/FOTOGRAFIA-REUNION-1-1-450x300.jpeg 450w, https:\/\/radiorevelacionfm.cl\/wp-content\/uploads\/2023\/11\/FOTOGRAFIA-REUNION-1-1-600x400.jpeg 600w\" sizes=\"(max-width: 901px) 100vw, 901px\" \/><\/div><\/div><\/div><\/div><div class=\"flex_column av_one_full  flex_column_div av-zero-column-padding first  avia-builder-el-2  el_after_av_one_full  el_before_av_one_full  column-top-margin\" style='border-radius:0px; '><section class=\"av_textblock_section \"  itemscope=\"itemscope\" itemtype=\"https:\/\/schema.org\/BlogPosting\" itemprop=\"blogPost\" ><div class='avia_textblock  '   itemprop=\"text\" ><p class=\"v1xmsonormal\" style=\"text-align: center;\" align=\"center\"><span style=\"font-size: 18pt;\"><b><span lang=\"ES\">SEC Ays\u00e9n se re\u00fane con autoridades regionales para analizar Plan de Verano que busca evitar interrupciones el\u00e9ctricas<\/span><\/b><\/span><\/p>\n<p class=\"v1xmsonormal\"><span lang=\"ES\">\u00a0<\/span><\/p>\n<div id=\"gtx-trans\" style=\"position: absolute; left: -50px; top: 4.31534px;\">\n<div class=\"gtx-trans-icon\"><\/div>\n<\/div>\n<\/div><\/section><\/div><div class=\"flex_column av_one_full  flex_column_div av-zero-column-padding first  avia-builder-el-4  el_after_av_one_full  el_before_av_hr  column-top-margin\" style='border-radius:0px; '><section class=\"av_textblock_section \"  itemscope=\"itemscope\" itemtype=\"https:\/\/schema.org\/BlogPosting\" itemprop=\"blogPost\" ><div class='avia_textblock  '   itemprop=\"text\" ><p class=\"v1xmsonormal\" style=\"text-align: justify;\">Con el prop\u00f3sito de reducir las interrupciones el\u00e9ctricas durante la temporada estival, la Superintendencia de Electricidad y combustibles, SEC, instruy\u00f3 a la empresa Edelaysen la preparaci\u00f3n y presentaci\u00f3n de diversas acciones para garantizar la continuidad y calidad del suministro el\u00e9ctrico que reciben las familias de la regi\u00f3n.<\/p>\n<p class=\"v1xmsonormal\" style=\"text-align: justify;\">Por este motivo, la empresa el\u00e9ctrica present\u00f3 su Plan de Verano ante las autoridades regionales. Dicho encuentro, fue encabezado por el Delegado Presidencial Regional, Rodrigo Araya; el seremi de Energ\u00eda, Carlos D\u00edaz, el Director Regional de SEC Ays\u00e9n, Hugo Ardiles, y el Gerente Zonal de la distribuidora, Leonardo Mor\u00e1n.<\/p>\n<p class=\"v1xmsonormal\" style=\"text-align: justify;\"><span lang=\"ES\">Durante la reuni\u00f3n, se abord\u00f3 la importancia de mantener las l\u00edneas el\u00e9ctricas despejadas de la vegetaci\u00f3n, a fin de evitar la ca\u00edda de \u00e1rboles o ramas sobre el tendido el\u00e9ctrico, que podr\u00edan provocar cortes de luz o situaciones de eventual riesgo.<\/span><\/p>\n<p class=\"v1xmsonormal\" style=\"text-align: justify;\">El Delegado Presidencial Regional, Rodrigo Araya, sostuvo que \u201cuno de los roles que nos ha encargado nuestro presidente Gabriel Boric, en este Gobierno, es velar por la seguridad, la cual tiene varios componentes, ya que la ley se debe cumplir a cabalidad. Uno de los principios fundamentales es que las empresas tienen que asegurar la continuidad del servicio y preocuparse de que las personas reciban el servicio el\u00e9ctrico. Para eso, hay que velar para que la faja de seguridad, por donde pasa el tendido el\u00e9ctrico, est\u00e9 libre de obst\u00e1culos de riesgo que implique un corte de suministro. Es un trabajo que se hace permanentemente y la empresa justamente nos explic\u00f3 c\u00f3mo lo est\u00e1n implementando en nuestro territorio\u201d.<\/p>\n<p class=\"v1xmsonormal\" style=\"text-align: justify;\">Mientras que el seremi de Energ\u00eda de Ays\u00e9n, Carlos D\u00edaz, explic\u00f3 que \u201cestuvimos revisando, junto con la SEC, la empresa el\u00e9ctrica y el Delegado Presidencial Regional, el Plan de Altas Temperaturas que est\u00e1 ejecutando la empresa, instruido por la SEC, que consiste en un proceso de tala de los \u00e1rboles que est\u00e1n bajos las l\u00edneas que tenemos en la regi\u00f3n. As\u00ed que Edelaysen nos cont\u00f3 el avance de este Plan y c\u00f3mo funciona\u201d.<\/p>\n<p class=\"v1xmsonormal\" style=\"text-align: justify;\">En tanto, el Director Regional SEC, Hugo Ardiles, detall\u00f3 que \u201cla ley impone una obligaci\u00f3n a las empresas distribuidoras de energ\u00eda el\u00e9ctrica, respecto de la calidad de suministro que deben otorgar a sus clientes. En ese contexto, la empresa nos present\u00f3 su Plan de Verano, donde una de las actividades principales tiene que ver con la tala de la vegetaci\u00f3n que est\u00e1 alrededor de las l\u00edneas el\u00e9ctricas. \u00c9sta es una de las formas de garantizar la continuidad del suministro, que, adem\u00e1s, es un servicio b\u00e1sico que tiene que ver con el normal funcionamiento de las personas en la regi\u00f3n, tambi\u00e9n de las actividades industriales y comerciales\u201d.<\/p>\n<p class=\"v1xmsonormal\" style=\"text-align: justify;\">Asimismo, Hugo Ardiles recalc\u00f3 que en ocasiones las l\u00edneas se encuentran a orillas de camino, espec\u00edficamente en la faja fiscal, pero tambi\u00e9n hay otras que pasan por predios particulares. \u201cLa ejecuci\u00f3n de los trabajos de poda y despeje es de responsabilidad, tanto de las compa\u00f1\u00edas como de los propietarios de predios particulares, por donde pasen l\u00edneas el\u00e9ctricas. Por ello, los habitantes de la regi\u00f3n deben permitir el ingreso de las cuadrillas de las empresas el\u00e9ctricas a sus predios donde existan \u00e1rboles cercanos a las l\u00edneas\u201d.<\/p>\n<p class=\"v1xmsonormal\" style=\"text-align: justify;\">El Gerente Zonal de Edelaysen, Leonardo Mor\u00e1n, se\u00f1al\u00f3 que \u201cles comentamos a las autoridades el Plan Anual de Mantenimiento, pero especialmente, aquello que estaba con foco en el verano. En resumen, es un recorrido exhaustivo por todas las redes que tiene Edelaysen -por los 3.600 kil\u00f3metros de l\u00edneas existentes en la regi\u00f3n- para poder identificar los sectores, donde hay un mayor riesgo de invasi\u00f3n arb\u00f3rea de las redes y poder retirarlo para evitar cualquier riesgo de las redes o la continuidad del suministro\u201d.<\/p>\n<p class=\"v1xmsonormal\" style=\"text-align: justify;\">Finalmente, para que la ciudadan\u00eda pueda acceder a informaci\u00f3n \u00fatil y consejos de seguridad para el uso de los energ\u00e9ticos, la invitaci\u00f3n es a seguir la cuenta oficial de la SEC en Instagram (@sec_chile), como tambi\u00e9n nuestros perfiles disponibles en Twitter (@SEC_cl) y Facebook, como Superintendencia SEC.<\/p>\n<\/div><\/section><\/div><div  style='height:50px' class='hr hr-invisible   avia-builder-el-6  el_after_av_one_full  el_before_av_social_share '><span class='hr-inner ' ><span class='hr-inner-style'><\/span><\/span><\/div><\/p>\n<div  class='av-social-sharing-box  avia-builder-el-7  el_after_av_hr  el_before_av_hr  '><div class='av-share-box'><h5 class='av-share-link-description av-no-toc '>Compartir esta noticia<\/h5><ul class='av-share-box-list noLightbox'><li class='av-share-link av-social-link-facebook' ><a target=\"_blank\" aria-label=\"Compartir en Facebook\" href='https:\/\/www.facebook.com\/sharer.php?u=https:\/\/radiorevelacionfm.cl\/?p=36924&#038;t=SEC%20Ays%C3%A9n%20se%20re%C3%BAne%20con%20autoridades%20regionales%20para%20analizar%20Plan%20de%20Verano%20que%20busca%20evitar%20interrupciones%20el%C3%A9ctricas' aria-hidden='false' data-av_icon='\ue8f3' data-av_iconfont='entypo-fontello' title='' data-avia-related-tooltip='Compartir en Facebook' rel=\"noopener\"><span class='avia_hidden_link_text'>Compartir en Facebook<\/span><\/a><\/li><li class='av-share-link av-social-link-twitter' ><a target=\"_blank\" aria-label=\"Compartir en Twitter\" href='https:\/\/twitter.com\/share?text=SEC%20Ays%C3%A9n%20se%20re%C3%BAne%20con%20autoridades%20regionales%20para%20analizar%20Plan%20de%20Verano%20que%20busca%20evitar%20interrupciones%20el%C3%A9ctricas&#038;url=https:\/\/radiorevelacionfm.cl\/?p=36924' aria-hidden='false' data-av_icon='\ue8f1' data-av_iconfont='entypo-fontello' title='' data-avia-related-tooltip='Compartir en Twitter' rel=\"noopener\"><span class='avia_hidden_link_text'>Compartir en Twitter<\/span><\/a><\/li><li class='av-share-link av-social-link-whatsapp' ><a target=\"_blank\" aria-label=\"Compartir en Whatsapp\" href='https:\/\/api.whatsapp.com\/send?text=https:\/\/radiorevelacionfm.cl\/?p=36924' aria-hidden='false' data-av_icon='\uf232' data-av_iconfont='entypo-fontello' title='' data-avia-related-tooltip='Compartir en Whatsapp' rel=\"noopener\"><span class='avia_hidden_link_text'>Compartir en Whatsapp<\/span><\/a><\/li><li class='av-share-link av-social-link-linkedin' ><a target=\"_blank\" aria-label=\"Compartir en LinkedIn\" href='https:\/\/linkedin.com\/shareArticle?mini=true&#038;title=SEC%20Ays%C3%A9n%20se%20re%C3%BAne%20con%20autoridades%20regionales%20para%20analizar%20Plan%20de%20Verano%20que%20busca%20evitar%20interrupciones%20el%C3%A9ctricas&#038;url=https:\/\/radiorevelacionfm.cl\/?p=36924' aria-hidden='false' data-av_icon='\ue8fc' data-av_iconfont='entypo-fontello' title='' data-avia-related-tooltip='Compartir en LinkedIn' rel=\"noopener\"><span class='avia_hidden_link_text'>Compartir en LinkedIn<\/span><\/a><\/li><li class='av-share-link av-social-link-mail' ><a  aria-label=\"Compartir por correo\" href='mailto:?subject=SEC%20Ays%C3%A9n%20se%20re%C3%BAne%20con%20autoridades%20regionales%20para%20analizar%20Plan%20de%20Verano%20que%20busca%20evitar%20interrupciones%20el%C3%A9ctricas&#038;body=https:\/\/radiorevelacionfm.cl\/?p=36924' aria-hidden='false' data-av_icon='\ue805' data-av_iconfont='entypo-fontello' title='' data-avia-related-tooltip='Compartir por correo'><span class='avia_hidden_link_text'>Compartir por correo<\/span><\/a><\/li><\/ul><\/div><\/div>\n<div  style='height:50px' class='hr hr-invisible   avia-builder-el-8  el_after_av_social_share  el_before_av_comments_list '><span class='hr-inner ' ><span class='hr-inner-style'><\/span><\/span><\/div>\n<div  class='av-buildercomment  av-blog-meta-html-info-disabled av-blog-meta-tag-disabled  '><\/div>\n","protected":false},"excerpt":{"rendered":"","protected":false},"author":1,"featured_media":36925,"comment_status":"open","ping_status":"open","sticky":false,"template":"","format":"standard","meta":{"footnotes":""},"categories":[38],"tags":[],"class_list":["post-36924","post","type-post","status-publish","format-standard","has-post-thumbnail","hentry","category-regional"],"jetpack_featured_media_url":"https:\/\/radiorevelacionfm.cl\/wp-content\/uploads\/2023\/11\/FOTOGRAFIA-REUNION-1-1.jpeg","_links":{"self":[{"href":"https:\/\/radiorevelacionfm.cl\/index.php?rest_route=\/wp\/v2\/posts\/36924","targetHints":{"allow":["GET"]}}],"collection":[{"href":"https:\/\/radiorevelacionfm.cl\/index.php?rest_route=\/wp\/v2\/posts"}],"about":[{"href":"https:\/\/radiorevelacionfm.cl\/index.php?rest_route=\/wp\/v2\/types\/post"}],"author":[{"embeddable":true,"href":"https:\/\/radiorevelacionfm.cl\/index.php?rest_route=\/wp\/v2\/users\/1"}],"replies":[{"embeddable":true,"href":"https:\/\/radiorevelacionfm.cl\/index.php?rest_route=%2Fwp%2Fv2%2Fcomments&post=36924"}],"version-history":[{"count":1,"href":"https:\/\/radiorevelacionfm.cl\/index.php?rest_route=\/wp\/v2\/posts\/36924\/revisions"}],"predecessor-version":[{"id":36926,"href":"https:\/\/radiorevelacionfm.cl\/index.php?rest_route=\/wp\/v2\/posts\/36924\/revisions\/36926"}],"wp:featuredmedia":[{"embeddable":true,"href":"https:\/\/radiorevelacionfm.cl\/index.php?rest_route=\/wp\/v2\/media\/36925"}],"wp:attachment":[{"href":"https:\/\/radiorevelacionfm.cl\/index.php?rest_route=%2Fwp%2Fv2%2Fmedia&parent=36924"}],"wp:term":[{"taxonomy":"category","embeddable":true,"href":"https:\/\/radiorevelacionfm.cl\/index.php?rest_route=%2Fwp%2Fv2%2Fcategories&post=36924"},{"taxonomy":"post_tag","embeddable":true,"href":"https:\/\/radiorevelacionfm.cl\/index.php?rest_route=%2Fwp%2Fv2%2Ftags&post=36924"}],"curies":[{"name":"wp","href":"https:\/\/api.w.org\/{rel}","templated":true}]}}