{"id":36921,"date":"2023-11-14T16:03:34","date_gmt":"2023-11-14T19:03:34","guid":{"rendered":"https:\/\/radiorevelacionfm.cl\/?p=36921"},"modified":"2023-11-14T16:03:34","modified_gmt":"2023-11-14T19:03:34","slug":"orquestas-escolares-realizaron-concierto-en-homenaje-al-campamento-minero-de-puerto-cristal","status":"publish","type":"post","link":"https:\/\/radiorevelacionfm.cl\/?p=36921","title":{"rendered":"Orquestas escolares realizaron concierto en homenaje al campamento minero de Puerto Cristal"},"content":{"rendered":"<div class=\"flex_column av_one_full  flex_column_div av-zero-column-padding first  avia-builder-el-0  el_before_av_one_full  avia-builder-el-first  \" style='border-radius:0px; '><div  class='avia-image-container  av-styling-    avia-builder-el-1  avia-builder-el-no-sibling  avia-align-center '  itemprop=\"image\" itemscope=\"itemscope\" itemtype=\"https:\/\/schema.org\/ImageObject\"  ><div class='avia-image-container-inner'><div class='avia-image-overlay-wrap'><img decoding=\"async\" class='wp-image-36922 avia-img-lazy-loading-not-36922 avia_image' src=\"https:\/\/radiorevelacionfm.cl\/wp-content\/uploads\/2023\/11\/orquesta-4-1_optimized.jpg\" alt='' title='orquesta-4-(1)_optimized' height=\"600\" width=\"900\"  itemprop=\"thumbnailUrl\" srcset=\"https:\/\/radiorevelacionfm.cl\/wp-content\/uploads\/2023\/11\/orquesta-4-1_optimized.jpg 900w, https:\/\/radiorevelacionfm.cl\/wp-content\/uploads\/2023\/11\/orquesta-4-1_optimized-300x200.jpg 300w, https:\/\/radiorevelacionfm.cl\/wp-content\/uploads\/2023\/11\/orquesta-4-1_optimized-768x512.jpg 768w, https:\/\/radiorevelacionfm.cl\/wp-content\/uploads\/2023\/11\/orquesta-4-1_optimized-705x470.jpg 705w, https:\/\/radiorevelacionfm.cl\/wp-content\/uploads\/2023\/11\/orquesta-4-1_optimized-450x300.jpg 450w, https:\/\/radiorevelacionfm.cl\/wp-content\/uploads\/2023\/11\/orquesta-4-1_optimized-600x400.jpg 600w\" sizes=\"(max-width: 900px) 100vw, 900px\" \/><\/div><\/div><\/div><\/div><div class=\"flex_column av_one_full  flex_column_div av-zero-column-padding first  avia-builder-el-2  el_after_av_one_full  el_before_av_one_full  column-top-margin\" style='border-radius:0px; '><section class=\"av_textblock_section \"  itemscope=\"itemscope\" itemtype=\"https:\/\/schema.org\/BlogPosting\" itemprop=\"blogPost\" ><div class='avia_textblock  '   itemprop=\"text\" ><p style=\"text-align: center;\"><strong><span style=\"font-size: 18pt;\">Orquestas escolares realizaron concierto en homenaje al campamento minero de Puerto Cristal<\/span><\/strong><\/p>\n<div id=\"gtx-trans\" style=\"position: absolute; left: -50px; top: 4.31534px;\">\n<div class=\"gtx-trans-icon\"><\/div>\n<\/div>\n<\/div><\/section><\/div><div class=\"flex_column av_one_full  flex_column_div av-zero-column-padding first  avia-builder-el-4  el_after_av_one_full  el_before_av_hr  column-top-margin\" style='border-radius:0px; '><section class=\"av_textblock_section \"  itemscope=\"itemscope\" itemtype=\"https:\/\/schema.org\/BlogPosting\" itemprop=\"blogPost\" ><div class='avia_textblock  '   itemprop=\"text\" ><p class=\"v1MsoNormal\" style=\"text-align: justify;\">El pasado viernes 10 de noviembre un emotivo y significante Concierto Homenaje dedicado a \u201cLos Cristalinos\u201d agrupaci\u00f3n que re\u00fane a trabajadores, hijos o familiares de los mineros que por d\u00e9cadas trabajaron en el campamento de Puerto Cristal y que a\u00f1o a a\u00f1o cruzan desde Chile Chico el lago General Carrera para volver al pueblo que los vio crecer.<\/p>\n<p class=\"v1MsoNormal\" style=\"text-align: justify;\">La iniciativa cont\u00f3 con la participaci\u00f3n de estudiantes de talleres Musicales de las Escuelas de Bah\u00eda Murta, Puerto Tranquilo y Puerto S\u00e1nchez en conjunto a la Escuela de M\u00fasica de Coyhaique quienes, luego de planificar la actividad con meses de antelaci\u00f3n, cruzaron el lago General Carrera desde el muelle de Puerto S\u00e1nchez para viajar en barcaza a este m\u00edstico y hermoso Campamento Minero.<\/p>\n<p class=\"v1MsoNormal\" style=\"text-align: justify;\">La propuesta se enmarc\u00f3 bajo un proyecto denominado\u00a0<b>\u201cIntervenciones musicales y Puesta en valor de Campamento Minero Puerto Cristal \u2013 Practicas Pedag\u00f3gicas en lo Patrimonial\u201d<\/b>\u00a0que el profesor Andr\u00e9s Zapata Cabrera presenta a Delegaci\u00f3n Presidencial Provincial General Carrera, Municipalidad de\u00a0 Rio Ib\u00e1\u00f1ez, Consejo de Monumentos junto al Servicio del Patrimonio Nacional, SEREMI de las Culturas, Seremi de educaci\u00f3n y Fundaci\u00f3n de Orquestas Juveniles e Infantiles de Chile, instituciones que desde el primer momento apoyan la iniciativa la cual re\u00fane varios objetivos transversales como: Generar Identidad territorial en los ni\u00f1os y ni\u00f1as participantes, promover la educaci\u00f3n Art\u00edstica y Patrimonial en escuelas rurales apartadas, acercando a los estudiantes a la historia y a vivir experiencias significativas; junto con objetivos claves relacionados al Consejo de Monumentos como lo es volver a poner en valor el patrimonio regional y acercarlo a las comunidades.<\/p>\n<p class=\"v1MsoNormal\" style=\"text-align: justify;\">El campamento minero Puerto Cristal hoy se encuentra declarado en la categor\u00eda de Monumento Hist\u00f3rico Nacional, fue por a\u00f1os asentamiento de familias que llegaron desde Chilo\u00e9 y otras latitudes de nuestra extensa regi\u00f3n a trabajar en la extracci\u00f3n de minerales los cuales impulsaron, durante la segunda mitad del siglo XX, la econom\u00eda de nuestra regi\u00f3n.<\/p>\n<p class=\"v1MsoNormal\" style=\"text-align: justify;\">El concierto homenaje organizado entre Delegaci\u00f3n Presidencial General Carrera, Ilustre Municipalidad de Rio Ib\u00e1\u00f1ez y Fundaci\u00f3n de Orquestas, llen\u00f3 los corazones de los Cristalinos quienes por primera vez reciben un concierto en su propio pueblo natal, siendo uno de los puntos de mayor significado y emotividad, el momento final en que el profesor Luis Gallardo, ex profesor de la escuelita de G 42 de Puerto Cristal, aparece con su acorde\u00f3n interpretando la canci\u00f3n de H\u00e9ctor Pavez \u201cLas Penas del Minero\u201d, canci\u00f3n coreada por todos los presentes.<\/p>\n<p class=\"v1MsoNormal\" style=\"text-align: justify;\"><b>Reacciones<\/b><\/p>\n<p class=\"v1MsoNormal\" style=\"text-align: justify;\">El concierto cont\u00f3 con la presencia de la Seremi de Educaci\u00f3n Isabel Garrido, representantes de la Delegaci\u00f3n Presidencial Provincial\u00a0 General Carrera, el Alcalde de R\u00edo Ib\u00e1\u00f1ez Juan Saldivia y Concejales, Consejo de Monumentos Nacionales, Servicio de Patrimonio Cultural, Fundaci\u00f3n de Orquestas Juveniles e Infantiles de Chile, Armada de Chile, Agrupaci\u00f3n Puerto Cristal, Agrupaci\u00f3n Memoria Austral, Escuela de M\u00fasica de Coyhaique, integrantes de la Agrupaci\u00f3n Social y Cultural Los Cristalinos, profesores y apoderados escuelas Mar\u00eda Antonieta Parra de Puerto S\u00e1nchez, Carretera Austral de Bah\u00eda Murta y Gabriela Mistral de Puerto Tranquilo.<\/p>\n<p class=\"v1MsoNormal\" style=\"text-align: justify;\">Ang\u00e9lica Melehuech\u00fan, presidenta de la Agrupaci\u00f3n Social y Cultural Los Cristalinos destac\u00f3 que esta actividad se viene trabajando y coordinando\u00a0 desde el mes de marzo del presente a\u00f1o junto a la Delegaci\u00f3n Provincial General Carrera y la Municipalidad de R\u00edo Ib\u00e1\u00f1ez. Fue un hermoso concierto que nos permiti\u00f3 cargar energ\u00eda positiva. Nuestra cumple 18 a\u00f1os y\u00a0 venimos una vez al a\u00f1o a visitar nuestro pueblo Puerto Cristal y a recordar a sus habitantes, nuestros antepasados\u201d.<\/p>\n<p class=\"v1MsoNormal\" style=\"text-align: justify;\">La Seremi de Educaci\u00f3n Isabel garrido manifest\u00f3 que: \u201cC\u00f3mo Gobierno no podemos sino valorar todos los ejercicios de reactivaci\u00f3n educativa integral que\u00a0 apunten a que las ni\u00f1as, los ni\u00f1os y j\u00f3venes tengan experiencias de aprendizaje que desarrollen distintas \u00e1reas del quehacer humano y sin duda la m\u00fasica\u00a0 es una de las m\u00e1s trascendentales. Que mejor que articular estas experiencias con un ejercicio de memoria hist\u00f3rica. Hoy la Agrupaci\u00f3n Los Cristalinos nos ha ense\u00f1ado como valoran y dignifican el espacio donde han vivido tanto tiempo\u201d.<\/p>\n<p class=\"v1MsoNormal\" style=\"text-align: justify;\">Por su parte, el Alcalde de R\u00edo Ib\u00e1\u00f1ez Juan Saldivia coment\u00f3: \u201dEstoy muy contento de estar ac\u00e1 en el monumento hist\u00f3rico de Puerto Cristal. Hoy ha sido una jornada muy emotiva llena de sentimientos. Agradecemos a la Agrupaci\u00f3n Los Cristalinos por hacernos parte de este concierto homenaje a Puerto Cristal donde han participado estudiantes de Puerto Tranquilo, Bah\u00eda Murta y Puerto S\u00e1nchez con el acompa\u00f1amiento de la Escuela de M\u00fasica de Coyhaique. Agradecemos la presencia de la Seremi de Educaci\u00f3n y como Municipalidad siempre disponible de participar en iniciativas como estas que buscan mantener vivos los lugares de memoria de nuestra regi\u00f3n como este campamento minero\u201d.<\/p>\n<p class=\"v1MsoNormal\" style=\"text-align: justify;\">Andr\u00e9s Zapata, profesor de M\u00fasica que imparte clases en las escuelas de Bah\u00eda Murta, Puerto Tranquilo y Puerto S\u00e1nchez manifest\u00f3: \u201cHoy hicimos una actividad muy hermosa ac\u00e1 en Puerto Cristal en homenaje a la Agrupaci\u00f3n Los Cristalinos que todos los a\u00f1os viajan a este lugar para compartir, visitar a sus seres queridos que est\u00e1n enterrados ac\u00e1 Todo sali\u00f3 muy bien y agradecemos el apoyo de todas las instituciones que hicieron posible este concierto\u201d.<\/p>\n<p class=\"v1MsoNormal\" style=\"text-align: justify;\">El Delegado Presidencial de la Provincia General Carrera Crist\u00f3bal Barcel\u00f3 expres\u00f3: \u201cCon mucho orgullo apoyamos esta iniciativa que organizaron profesores y alumnos que participaron en este emotivo concierto homenaje a la comunidad de Puerto Cristal. Dentro de nuestra gesti\u00f3n nos interesa mucho poner en valor el patrimonio hist\u00f3rico cultural que tenemos como provincia, en particular la localidad de Puerto Cristal que lleg\u00f3 a ser en un momento el principal productor de zinc y plomo del pa\u00eds. Era necesario reconocer su historia y su gente y qu\u00e9 mejor forma de hacerlo con este concierto de estudiantes de nuestra tierra\u201d.<\/p>\n<\/div><\/section><\/div><div  style='height:50px' class='hr hr-invisible   avia-builder-el-6  el_after_av_one_full  el_before_av_social_share '><span class='hr-inner ' ><span class='hr-inner-style'><\/span><\/span><\/div><\/p>\n<div  class='av-social-sharing-box  avia-builder-el-7  el_after_av_hr  el_before_av_hr  '><div class='av-share-box'><h5 class='av-share-link-description av-no-toc '>Compartir esta noticia<\/h5><ul class='av-share-box-list noLightbox'><li class='av-share-link av-social-link-facebook' ><a target=\"_blank\" aria-label=\"Compartir en Facebook\" href='https:\/\/www.facebook.com\/sharer.php?u=https:\/\/radiorevelacionfm.cl\/?p=36921&#038;t=Orquestas%20escolares%20realizaron%20concierto%20en%20homenaje%20al%20campamento%20minero%20de%20Puerto%20Cristal' aria-hidden='false' data-av_icon='\ue8f3' data-av_iconfont='entypo-fontello' title='' data-avia-related-tooltip='Compartir en Facebook' rel=\"noopener\"><span class='avia_hidden_link_text'>Compartir en Facebook<\/span><\/a><\/li><li class='av-share-link av-social-link-twitter' ><a target=\"_blank\" aria-label=\"Compartir en Twitter\" href='https:\/\/twitter.com\/share?text=Orquestas%20escolares%20realizaron%20concierto%20en%20homenaje%20al%20campamento%20minero%20de%20Puerto%20Cristal&#038;url=https:\/\/radiorevelacionfm.cl\/?p=36921' aria-hidden='false' data-av_icon='\ue8f1' data-av_iconfont='entypo-fontello' title='' data-avia-related-tooltip='Compartir en Twitter' rel=\"noopener\"><span class='avia_hidden_link_text'>Compartir en Twitter<\/span><\/a><\/li><li class='av-share-link av-social-link-whatsapp' ><a target=\"_blank\" aria-label=\"Compartir en Whatsapp\" href='https:\/\/api.whatsapp.com\/send?text=https:\/\/radiorevelacionfm.cl\/?p=36921' aria-hidden='false' data-av_icon='\uf232' data-av_iconfont='entypo-fontello' title='' data-avia-related-tooltip='Compartir en Whatsapp' rel=\"noopener\"><span class='avia_hidden_link_text'>Compartir en Whatsapp<\/span><\/a><\/li><li class='av-share-link av-social-link-linkedin' ><a target=\"_blank\" aria-label=\"Compartir en LinkedIn\" href='https:\/\/linkedin.com\/shareArticle?mini=true&#038;title=Orquestas%20escolares%20realizaron%20concierto%20en%20homenaje%20al%20campamento%20minero%20de%20Puerto%20Cristal&#038;url=https:\/\/radiorevelacionfm.cl\/?p=36921' aria-hidden='false' data-av_icon='\ue8fc' data-av_iconfont='entypo-fontello' title='' data-avia-related-tooltip='Compartir en LinkedIn' rel=\"noopener\"><span class='avia_hidden_link_text'>Compartir en LinkedIn<\/span><\/a><\/li><li class='av-share-link av-social-link-mail' ><a  aria-label=\"Compartir por correo\" href='mailto:?subject=Orquestas%20escolares%20realizaron%20concierto%20en%20homenaje%20al%20campamento%20minero%20de%20Puerto%20Cristal&#038;body=https:\/\/radiorevelacionfm.cl\/?p=36921' aria-hidden='false' data-av_icon='\ue805' data-av_iconfont='entypo-fontello' title='' data-avia-related-tooltip='Compartir por correo'><span class='avia_hidden_link_text'>Compartir por correo<\/span><\/a><\/li><\/ul><\/div><\/div>\n<div  style='height:50px' class='hr hr-invisible   avia-builder-el-8  el_after_av_social_share  el_before_av_comments_list '><span class='hr-inner ' ><span class='hr-inner-style'><\/span><\/span><\/div>\n<div  class='av-buildercomment  av-blog-meta-html-info-disabled av-blog-meta-tag-disabled  '><\/div>\n","protected":false},"excerpt":{"rendered":"","protected":false},"author":1,"featured_media":36922,"comment_status":"open","ping_status":"open","sticky":false,"template":"","format":"standard","meta":{"footnotes":""},"categories":[49,38],"tags":[],"class_list":["post-36921","post","type-post","status-publish","format-standard","has-post-thumbnail","hentry","category-educacion","category-regional"],"jetpack_featured_media_url":"https:\/\/radiorevelacionfm.cl\/wp-content\/uploads\/2023\/11\/orquesta-4-1_optimized.jpg","_links":{"self":[{"href":"https:\/\/radiorevelacionfm.cl\/index.php?rest_route=\/wp\/v2\/posts\/36921","targetHints":{"allow":["GET"]}}],"collection":[{"href":"https:\/\/radiorevelacionfm.cl\/index.php?rest_route=\/wp\/v2\/posts"}],"about":[{"href":"https:\/\/radiorevelacionfm.cl\/index.php?rest_route=\/wp\/v2\/types\/post"}],"author":[{"embeddable":true,"href":"https:\/\/radiorevelacionfm.cl\/index.php?rest_route=\/wp\/v2\/users\/1"}],"replies":[{"embeddable":true,"href":"https:\/\/radiorevelacionfm.cl\/index.php?rest_route=%2Fwp%2Fv2%2Fcomments&post=36921"}],"version-history":[{"count":1,"href":"https:\/\/radiorevelacionfm.cl\/index.php?rest_route=\/wp\/v2\/posts\/36921\/revisions"}],"predecessor-version":[{"id":36923,"href":"https:\/\/radiorevelacionfm.cl\/index.php?rest_route=\/wp\/v2\/posts\/36921\/revisions\/36923"}],"wp:featuredmedia":[{"embeddable":true,"href":"https:\/\/radiorevelacionfm.cl\/index.php?rest_route=\/wp\/v2\/media\/36922"}],"wp:attachment":[{"href":"https:\/\/radiorevelacionfm.cl\/index.php?rest_route=%2Fwp%2Fv2%2Fmedia&parent=36921"}],"wp:term":[{"taxonomy":"category","embeddable":true,"href":"https:\/\/radiorevelacionfm.cl\/index.php?rest_route=%2Fwp%2Fv2%2Fcategories&post=36921"},{"taxonomy":"post_tag","embeddable":true,"href":"https:\/\/radiorevelacionfm.cl\/index.php?rest_route=%2Fwp%2Fv2%2Ftags&post=36921"}],"curies":[{"name":"wp","href":"https:\/\/api.w.org\/{rel}","templated":true}]}}