{"id":36918,"date":"2023-11-14T15:00:39","date_gmt":"2023-11-14T18:00:39","guid":{"rendered":"https:\/\/radiorevelacionfm.cl\/?p=36918"},"modified":"2023-11-14T15:00:39","modified_gmt":"2023-11-14T18:00:39","slug":"alcalde-de-aysen-tras-entrega-de-204-casas-vamos-a-seguir-trabajando-por-plaza-jardines-infantiles-y-areas-verdes","status":"publish","type":"post","link":"https:\/\/radiorevelacionfm.cl\/?p=36918","title":{"rendered":"Alcalde de Ays\u00e9n tras entrega de 204 casas \u201cvamos a seguir trabajando por plaza, jardines infantiles y \u00e1reas verdes\u201d"},"content":{"rendered":"<div class=\"flex_column av_one_full  flex_column_div av-zero-column-padding first  avia-builder-el-0  el_before_av_one_full  avia-builder-el-first  \" style='border-radius:0px; '><div  class='avia-image-container  av-styling-    avia-builder-el-1  avia-builder-el-no-sibling  avia-align-center '  itemprop=\"image\" itemscope=\"itemscope\" itemtype=\"https:\/\/schema.org\/ImageObject\"  ><div class='avia-image-container-inner'><div class='avia-image-overlay-wrap'><img decoding=\"async\" class='wp-image-36919 avia-img-lazy-loading-not-36919 avia_image' src=\"https:\/\/radiorevelacionfm.cl\/wp-content\/uploads\/2023\/11\/AMUYEN12-1-1.jpg\" alt='' title='AMUYEN12 (1) (1)' height=\"600\" width=\"900\"  itemprop=\"thumbnailUrl\" srcset=\"https:\/\/radiorevelacionfm.cl\/wp-content\/uploads\/2023\/11\/AMUYEN12-1-1.jpg 900w, https:\/\/radiorevelacionfm.cl\/wp-content\/uploads\/2023\/11\/AMUYEN12-1-1-300x200.jpg 300w, https:\/\/radiorevelacionfm.cl\/wp-content\/uploads\/2023\/11\/AMUYEN12-1-1-768x512.jpg 768w, https:\/\/radiorevelacionfm.cl\/wp-content\/uploads\/2023\/11\/AMUYEN12-1-1-705x470.jpg 705w, https:\/\/radiorevelacionfm.cl\/wp-content\/uploads\/2023\/11\/AMUYEN12-1-1-450x300.jpg 450w, https:\/\/radiorevelacionfm.cl\/wp-content\/uploads\/2023\/11\/AMUYEN12-1-1-600x400.jpg 600w\" sizes=\"(max-width: 900px) 100vw, 900px\" \/><\/div><\/div><\/div><\/div><div class=\"flex_column av_one_full  flex_column_div av-zero-column-padding first  avia-builder-el-2  el_after_av_one_full  el_before_av_one_full  column-top-margin\" style='border-radius:0px; '><section class=\"av_textblock_section \"  itemscope=\"itemscope\" itemtype=\"https:\/\/schema.org\/BlogPosting\" itemprop=\"blogPost\" ><div class='avia_textblock  '   itemprop=\"text\" ><p style=\"text-align: center;\"><strong><span style=\"font-size: 18pt;\">Alcalde de Ays\u00e9n tras entrega de 204 casas \u201cvamos a seguir trabajando por plaza, jardines infantiles y \u00e1reas verdes\u201d<\/span><\/strong><\/p>\n<div id=\"gtx-trans\" style=\"position: absolute; left: -50px; top: 4.31534px;\">\n<div class=\"gtx-trans-icon\"><\/div>\n<\/div>\n<\/div><\/section><\/div><div class=\"flex_column av_one_full  flex_column_div av-zero-column-padding first  avia-builder-el-4  el_after_av_one_full  el_before_av_hr  column-top-margin\" style='border-radius:0px; '><section class=\"av_textblock_section \"  itemscope=\"itemscope\" itemtype=\"https:\/\/schema.org\/BlogPosting\" itemprop=\"blogPost\" ><div class='avia_textblock  '   itemprop=\"text\" ><p style=\"text-align: justify;\"><em>La m\u00e1xima autoridad de la comuna de Ays\u00e9n relev\u00f3 tambi\u00e9n el gran trabajo realizado junto a las dirigentas que lideraron un proceso largo, pero que hoy cosecha el fruto de la casa propia.<\/em><\/p>\n<p style=\"text-align: justify;\">Tras a\u00f1os de gestiones, reuniones, manifestaciones, que buscaban un solo objetivo, cumplir el sue\u00f1o de la casa propia para 204 familias, los integrantes de los comit\u00e9s Amuyen 1 y Amuyen 2, dirigidos por Loreto Tureo y Paulina Mansilla, respectivamente, con gran emoci\u00f3n recibieron las llaves de sus viviendas.<\/p>\n<p style=\"text-align: justify;\">Una de las autoridades a quien los beneficiarios y beneficiarias reconocieron su trabajo y acompa\u00f1amiento para avanzar en su proyecto habitacional es, el Alcalde de la comuna de Ays\u00e9n, Julio Uribe Alvarado.<\/p>\n<p style=\"text-align: justify;\">\u201cAgradecerle a don Julio Uribe, porque \u00e9l siempre estuvo dispuesto a ayudarnos, a colaborarnos en todo, siempre estuvo la puerta abierta para estas dirigentas y agradecerles toda la ayuda que nos brind\u00f3 hasta el momento, yo s\u00e9 que va a seguir trabajando en esta poblaci\u00f3n, que la verdad, es hermosa. A los socios los invito a que disfruten su casa con la familia, tenemos hartas guag\u00fcitas, as\u00ed es que, felices por la familia que tienen hijos y a disfrutar no m\u00e1s\u201d, expres\u00f3 Loreto Tureo.<\/p>\n<p style=\"text-align: justify;\">Las dirigentas tambi\u00e9n relevaron el trabajo y la dedicaci\u00f3n de la Seremi de Vivienda, Paulina Ruz, que les ha permitido llegar a la instancia de poder habitar sus casas.<\/p>\n<p style=\"text-align: justify;\">En tanto, el Alcalde Julio Uribe, adem\u00e1s de enfatizar en el gran trabajo de las dirigentas y sus socios, afirm\u00f3 que hay que seguir por m\u00e1s, dando cuenta de la necesidad de que se concrete el jard\u00edn infantil para el sector, plaza, \u00e1reas verdes y espacios donde puedan compartir los vecinos. Adem\u00e1s, la autoridad comunal, destac\u00f3 la labor efectuada por la Seremi de Vivienda.<\/p>\n<p style=\"text-align: justify;\">\u201cAgradecer al Ministerio de Vivienda y Urbanismo, a la Seremi Paulina Ruz, quien ha estado trabajando firmemente para que estos resultados se concreten, todav\u00eda nos faltan muchos m\u00e1s sue\u00f1os que cumplir, tenemos muchos comit\u00e9s habitacionales que esperan llegar a esta misma instancia. Agradecer tambi\u00e9n el tremendo respaldo de las familias hacia mi persona, el poder contar con ellos, de poder haber trabajado tantos a\u00f1os y haber logrado este fruto. Destacar el enorme trabajo de las dirigentas, quienes han estado gestionando a la par con uno y con las diferentes autoridades, porque este fue un proceso que dur\u00f3 varios gobiernos y vamos a seguir trabajando porque necesitamos plaza, \u00e1reas verdes, jard\u00edn infantil, entre otras necesidades\u201d.<\/p>\n<p style=\"text-align: justify;\">La Seremi de Vivienda y Urbanismo, Paulina Ruz, remarc\u00f3 que el poder haber llegado a cumplir con las familias de los comit\u00e9s Amuyen 1 y Amuyen 2, fue un largo camino que se inici\u00f3 en el periodo de la ex Presidenta Michelle Bachelet.<\/p>\n<p style=\"text-align: justify;\">\u201cEste proyecto habitacional es fruto de muchos a\u00f1os, comienza con la Presidenta Bachelet, con la gesti\u00f3n del terreno y al fin el d\u00eda de hoy podemos responderles a las familias, se\u00f1al\u00e1ndoles que, no solamente nosotros tenemos un plan de emergencia habitacional donde tenemos una meta, sino que, nuestra meta es poder entregarles soluciones habitacionales a las familias, que tengan techo digno donde vivir y que construyan una vida hermosa junto a sus familias. Este es un momento s\u00faper emocionante para nosotros como Ministerio, pero tambi\u00e9n para las dirigentes, quiero destacar el rol que han tenido Loreto Tureo y Paulina Mansilla en todo este proceso, son 204 familias, que despu\u00e9s de mucho esfuerzo y perseverancia, hoy pueden decir que tienen su casa propia\u201d.<\/p>\n<p style=\"text-align: justify;\">El conjunto habitacional de los comit\u00e9s Amuyen 1 y 2, se emplaza en un \u00e1rea colindante al sector Jorge Ibar, en la zona norte de Puerto Ays\u00e9n y viene a sumarse al terreno donde ya se entregaron los proyectos \u201cCalafate \u2013 Patag\u00f3n\u201d y \u201cNo Tengo Casa Propia\u201d.<\/p>\n<\/div><\/section><\/div><div  style='height:50px' class='hr hr-invisible   avia-builder-el-6  el_after_av_one_full  el_before_av_social_share '><span class='hr-inner ' ><span class='hr-inner-style'><\/span><\/span><\/div><\/p>\n<div  class='av-social-sharing-box  avia-builder-el-7  el_after_av_hr  el_before_av_hr  '><div class='av-share-box'><h5 class='av-share-link-description av-no-toc '>Compartir esta noticia<\/h5><ul class='av-share-box-list noLightbox'><li class='av-share-link av-social-link-facebook' ><a target=\"_blank\" aria-label=\"Compartir en Facebook\" href='https:\/\/www.facebook.com\/sharer.php?u=https:\/\/radiorevelacionfm.cl\/?p=36918&#038;t=Alcalde%20de%20Ays%C3%A9n%20tras%20entrega%20de%20204%20casas%20%E2%80%9Cvamos%20a%20seguir%20trabajando%20por%20plaza%2C%20jardines%20infantiles%20y%20%C3%A1reas%20verdes%E2%80%9D' aria-hidden='false' data-av_icon='\ue8f3' data-av_iconfont='entypo-fontello' title='' data-avia-related-tooltip='Compartir en Facebook' rel=\"noopener\"><span class='avia_hidden_link_text'>Compartir en Facebook<\/span><\/a><\/li><li class='av-share-link av-social-link-twitter' ><a target=\"_blank\" aria-label=\"Compartir en Twitter\" href='https:\/\/twitter.com\/share?text=Alcalde%20de%20Ays%C3%A9n%20tras%20entrega%20de%20204%20casas%20%E2%80%9Cvamos%20a%20seguir%20trabajando%20por%20plaza%2C%20jardines%20infantiles%20y%20%C3%A1reas%20verdes%E2%80%9D&#038;url=https:\/\/radiorevelacionfm.cl\/?p=36918' aria-hidden='false' data-av_icon='\ue8f1' data-av_iconfont='entypo-fontello' title='' data-avia-related-tooltip='Compartir en Twitter' rel=\"noopener\"><span class='avia_hidden_link_text'>Compartir en Twitter<\/span><\/a><\/li><li class='av-share-link av-social-link-whatsapp' ><a target=\"_blank\" aria-label=\"Compartir en Whatsapp\" href='https:\/\/api.whatsapp.com\/send?text=https:\/\/radiorevelacionfm.cl\/?p=36918' aria-hidden='false' data-av_icon='\uf232' data-av_iconfont='entypo-fontello' title='' data-avia-related-tooltip='Compartir en Whatsapp' rel=\"noopener\"><span class='avia_hidden_link_text'>Compartir en Whatsapp<\/span><\/a><\/li><li class='av-share-link av-social-link-linkedin' ><a target=\"_blank\" aria-label=\"Compartir en LinkedIn\" href='https:\/\/linkedin.com\/shareArticle?mini=true&#038;title=Alcalde%20de%20Ays%C3%A9n%20tras%20entrega%20de%20204%20casas%20%E2%80%9Cvamos%20a%20seguir%20trabajando%20por%20plaza%2C%20jardines%20infantiles%20y%20%C3%A1reas%20verdes%E2%80%9D&#038;url=https:\/\/radiorevelacionfm.cl\/?p=36918' aria-hidden='false' data-av_icon='\ue8fc' data-av_iconfont='entypo-fontello' title='' data-avia-related-tooltip='Compartir en LinkedIn' rel=\"noopener\"><span class='avia_hidden_link_text'>Compartir en LinkedIn<\/span><\/a><\/li><li class='av-share-link av-social-link-mail' ><a  aria-label=\"Compartir por correo\" href='mailto:?subject=Alcalde%20de%20Ays%C3%A9n%20tras%20entrega%20de%20204%20casas%20%E2%80%9Cvamos%20a%20seguir%20trabajando%20por%20plaza%2C%20jardines%20infantiles%20y%20%C3%A1reas%20verdes%E2%80%9D&#038;body=https:\/\/radiorevelacionfm.cl\/?p=36918' aria-hidden='false' data-av_icon='\ue805' data-av_iconfont='entypo-fontello' title='' data-avia-related-tooltip='Compartir por correo'><span class='avia_hidden_link_text'>Compartir por correo<\/span><\/a><\/li><\/ul><\/div><\/div>\n<div  style='height:50px' class='hr hr-invisible   avia-builder-el-8  el_after_av_social_share  el_before_av_comments_list '><span class='hr-inner ' ><span class='hr-inner-style'><\/span><\/span><\/div>\n<div  class='av-buildercomment  av-blog-meta-html-info-disabled av-blog-meta-tag-disabled  '><\/div>\n","protected":false},"excerpt":{"rendered":"","protected":false},"author":1,"featured_media":36919,"comment_status":"open","ping_status":"open","sticky":false,"template":"","format":"standard","meta":{"footnotes":""},"categories":[38],"tags":[],"class_list":["post-36918","post","type-post","status-publish","format-standard","has-post-thumbnail","hentry","category-regional"],"jetpack_featured_media_url":"https:\/\/radiorevelacionfm.cl\/wp-content\/uploads\/2023\/11\/AMUYEN12-1-1.jpg","_links":{"self":[{"href":"https:\/\/radiorevelacionfm.cl\/index.php?rest_route=\/wp\/v2\/posts\/36918","targetHints":{"allow":["GET"]}}],"collection":[{"href":"https:\/\/radiorevelacionfm.cl\/index.php?rest_route=\/wp\/v2\/posts"}],"about":[{"href":"https:\/\/radiorevelacionfm.cl\/index.php?rest_route=\/wp\/v2\/types\/post"}],"author":[{"embeddable":true,"href":"https:\/\/radiorevelacionfm.cl\/index.php?rest_route=\/wp\/v2\/users\/1"}],"replies":[{"embeddable":true,"href":"https:\/\/radiorevelacionfm.cl\/index.php?rest_route=%2Fwp%2Fv2%2Fcomments&post=36918"}],"version-history":[{"count":1,"href":"https:\/\/radiorevelacionfm.cl\/index.php?rest_route=\/wp\/v2\/posts\/36918\/revisions"}],"predecessor-version":[{"id":36920,"href":"https:\/\/radiorevelacionfm.cl\/index.php?rest_route=\/wp\/v2\/posts\/36918\/revisions\/36920"}],"wp:featuredmedia":[{"embeddable":true,"href":"https:\/\/radiorevelacionfm.cl\/index.php?rest_route=\/wp\/v2\/media\/36919"}],"wp:attachment":[{"href":"https:\/\/radiorevelacionfm.cl\/index.php?rest_route=%2Fwp%2Fv2%2Fmedia&parent=36918"}],"wp:term":[{"taxonomy":"category","embeddable":true,"href":"https:\/\/radiorevelacionfm.cl\/index.php?rest_route=%2Fwp%2Fv2%2Fcategories&post=36918"},{"taxonomy":"post_tag","embeddable":true,"href":"https:\/\/radiorevelacionfm.cl\/index.php?rest_route=%2Fwp%2Fv2%2Ftags&post=36918"}],"curies":[{"name":"wp","href":"https:\/\/api.w.org\/{rel}","templated":true}]}}