{"id":36912,"date":"2023-11-14T21:03:02","date_gmt":"2023-11-15T00:03:02","guid":{"rendered":"https:\/\/radiorevelacionfm.cl\/?p=36912"},"modified":"2023-11-14T21:03:02","modified_gmt":"2023-11-15T00:03:02","slug":"relevan-importancia-del-dia-nacional-de-las-cooperativas","status":"publish","type":"post","link":"https:\/\/radiorevelacionfm.cl\/?p=36912","title":{"rendered":"Relevan importancia del \u201cD\u00eda Nacional de las Cooperativas\u201d"},"content":{"rendered":"<div class=\"flex_column av_one_full  flex_column_div av-zero-column-padding first  avia-builder-el-0  el_before_av_one_full  avia-builder-el-first  \" style='border-radius:0px; '><div  class='avia-image-container  av-styling-    avia-builder-el-1  avia-builder-el-no-sibling  avia-align-center '  itemprop=\"image\" itemscope=\"itemscope\" itemtype=\"https:\/\/schema.org\/ImageObject\"  ><div class='avia-image-container-inner'><div class='avia-image-overlay-wrap'><img decoding=\"async\" class='wp-image-36913 avia-img-lazy-loading-not-36913 avia_image' src=\"https:\/\/radiorevelacionfm.cl\/wp-content\/uploads\/2023\/11\/cooperativas-region-aysen-en-taller-1_optimized.jpg\" alt='' title='cooperativas-region-aysen-en-taller-(1)_optimized' height=\"600\" width=\"1067\"  itemprop=\"thumbnailUrl\" srcset=\"https:\/\/radiorevelacionfm.cl\/wp-content\/uploads\/2023\/11\/cooperativas-region-aysen-en-taller-1_optimized.jpg 1067w, https:\/\/radiorevelacionfm.cl\/wp-content\/uploads\/2023\/11\/cooperativas-region-aysen-en-taller-1_optimized-300x169.jpg 300w, https:\/\/radiorevelacionfm.cl\/wp-content\/uploads\/2023\/11\/cooperativas-region-aysen-en-taller-1_optimized-1030x579.jpg 1030w, https:\/\/radiorevelacionfm.cl\/wp-content\/uploads\/2023\/11\/cooperativas-region-aysen-en-taller-1_optimized-768x432.jpg 768w, https:\/\/radiorevelacionfm.cl\/wp-content\/uploads\/2023\/11\/cooperativas-region-aysen-en-taller-1_optimized-705x396.jpg 705w, https:\/\/radiorevelacionfm.cl\/wp-content\/uploads\/2023\/11\/cooperativas-region-aysen-en-taller-1_optimized-450x253.jpg 450w, https:\/\/radiorevelacionfm.cl\/wp-content\/uploads\/2023\/11\/cooperativas-region-aysen-en-taller-1_optimized-600x337.jpg 600w\" sizes=\"(max-width: 1067px) 100vw, 1067px\" \/><\/div><\/div><\/div><\/div><div class=\"flex_column av_one_full  flex_column_div av-zero-column-padding first  avia-builder-el-2  el_after_av_one_full  el_before_av_one_full  column-top-margin\" style='border-radius:0px; '><section class=\"av_textblock_section \"  itemscope=\"itemscope\" itemtype=\"https:\/\/schema.org\/BlogPosting\" itemprop=\"blogPost\" ><div class='avia_textblock  '   itemprop=\"text\" ><p style=\"text-align: center;\"><strong><span style=\"font-size: 18pt;\">Relevan importancia del \u201cD\u00eda Nacional de las Cooperativas\u201d<\/span><\/strong><\/p>\n<div id=\"gtx-trans\" style=\"position: absolute; left: -50px; top: 4.31534px;\">\n<div class=\"gtx-trans-icon\"><\/div>\n<\/div>\n<\/div><\/section><\/div><div class=\"flex_column av_one_full  flex_column_div av-zero-column-padding first  avia-builder-el-4  el_after_av_one_full  el_before_av_hr  column-top-margin\" style='border-radius:0px; '><section class=\"av_textblock_section \"  itemscope=\"itemscope\" itemtype=\"https:\/\/schema.org\/BlogPosting\" itemprop=\"blogPost\" ><div class='avia_textblock  '   itemprop=\"text\" ><p style=\"text-align: justify;\">136 a\u00f1os tiene el sector cooperativo en Chile: En 1887, surgieron las primeras Cooperativas en Valpara\u00edso llamadas \u201cLa Valpara\u00edso\u201d y \u201cLa Esmeralda.\u201d Posteriormente se han diseminado por el territorio nacional, dinamizando la econom\u00eda de los m\u00e1s diversos puntos de nuestro pa\u00eds. En nuestra regi\u00f3n el cooperativismo ha crecido considerablemente en los \u00faltimos a\u00f1os y en espec\u00edfico durante el Gobierno del Presidente Gabriel Boric, donde existe un especial \u00e9nfasis en crear instrumentos que van en apoyo para la creaci\u00f3n y robustecimiento de Cooperativas.<\/p>\n<p style=\"text-align: justify;\">Este 16 de Noviembre se conmemora \u201cEl D\u00eda Nacional de las Cooperativas\u201d, el que tiene por objetivo poner en el centro de atenci\u00f3n a estas cadenas productivas que en base a la asociatividad, dinamizan las econom\u00edas locales, fortalecen la descentralizaci\u00f3n y son un real aporte al desarrollo sostenible de los territorios. Hoy, el mundo de las Cooperativas es sin\u00f3nimo de oportunidades para emprendedoras y emprendedores, que a trav\u00e9s de la asociatividad; pueden aumentar sus capacidades, mejorar procesos y acceder incluso a otros mercados de comercializaci\u00f3n. Desde el Gobierno del Presidente Gabriel Boric y desde el Gobierno Regional de Ays\u00e9n, se han creado y desarrollado una serie de instrumentos de fomento para avanzar en el robustecimiento del cooperativismo, como as\u00ed tambi\u00e9n incentivar la formaci\u00f3n de nuevas iniciativas que caminen en la fruct\u00edfera senda de la asociatividad.<\/p>\n<p style=\"text-align: justify;\">La Gobernadora de la Regi\u00f3n de Ays\u00e9n, Andrea Mac\u00edas Palma puso sobre sobre relieve la importancia del cooperativismo en nuestro territorio: \u201c<em>Como Ejecutivo del Gobierno Regional durante esta administraci\u00f3n hemos querido poner en valor el trabajo que realizan las cooperativas, bajo el entendido de que estas ayudan a construir un mundo mejor. Estas asociaciones que son aut\u00f3nomas, que son personas que tienen un objetivo com\u00fan, que est\u00e1n dispuestas a ayudarse y a apoyarse mutuamente, pueden tener oportunidades a\u00fan m\u00e1s relevantes, sobre todo respecto de las operaciones comerciales que realizan.<\/em> <em>Hoy d\u00eda el cooperativismo significa aumentar la capacidad que pueden tener las asociaciones que tienen fines productivos comunes, para poder lograr mejores resultados en el trabajo que realizan.<\/em><\/p>\n<p style=\"text-align: justify;\"><em>El cooperativismo es un trabajo que se realiza en base a la confianza y por eso son modelos que en ocasiones son dif\u00edciles de instalar, pero una vez que estos logran fortalecerse y permanecer en el tiempo vemos resultados muy exitosos y prueba de ello son cooperativas que existen en nuestro pa\u00eds o a nivel internacional, que han permanecido durante d\u00e9cadas y d\u00e9cadas en un trabajo que cada vez se ve m\u00e1s fortalecido y que permite que muchas veces esos peque\u00f1os productores logren ser parte de cadenas importantes de producci\u00f3n, agregando valor adem\u00e1s dado el trabajo y el cooperativismo que existe teniendo un fin com\u00fan.\u201d <\/em><\/p>\n<p style=\"text-align: justify;\">Por su parte el Seremi de Econom\u00eda de la Regi\u00f3n de Ays\u00e9n, Felipe Rojas Pizarro, quien se ha vinculado directamente con el mundo del cooperativismo desde su accionar territorial, comenta que \u201clas cooperativas en Ays\u00e9n se enfrentan a las dificultades propias de emprender en la regi\u00f3n, existe un inter\u00e9s creciente de aportar desde las cooperativas en la regi\u00f3n, con el apoyo de las distintas instituciones nacionales y regionales, es as\u00ed como por ejemplo SERCOTEC cuenta con un instrumento propio de Creaci\u00f3n y Fortalecimiento de Cooperativas, y adem\u00e1s en la semana de la MIPYME tendremos un seminario de Contabilidad para Cooperativas, un eje de mucha importancia para la sostenibilidad de estas empresas\u201d.<\/p>\n<p style=\"text-align: justify;\">Las Cooperativas en nuestra regi\u00f3n suman y multiplican las posibilidades de crecimiento hacia otros mercados, lo que asoma como una de las potencialidades m\u00e1s atractivas para quienes desean expandir su accionar y explorar nuevas alternativas de comercializaci\u00f3n. Gonzalo Marf\u00e1n, Jefe de Proyecto UACH-FIC Cooperativas, se ha vinculado con esta tem\u00e1tica a nivel regional hace ya varios a\u00f1os y desde su experiencia comenta:<em>\u201cEl cooperativismo se ha destacado a nivel global como una estrategia de negocios sumamente f\u00e9rtil. Esto se debe a su capacidad para generar econom\u00edas de escala en el acceso a proveedores y la expansi\u00f3n hacia nuevos mercados, necesidades apremiantes en nuestra realidad regional. Adem\u00e1s, capitaliza la disposici\u00f3n innata del ser humano, como ser social, a crear sinergias mediante el trabajo colaborativo. No obstante, esta estrategia no surge \u00fanicamente de un anhelo; requiere un enfoque profesional para su efectiva implementaci\u00f3n. Con el prop\u00f3sito de respaldar de manera eficiente a m\u00e1s de 700 personas que actualmente participan en cooperativas a nivel regional, como parte de la \u00abRed Pro Emprendimiento\u00bb estamos fortaleciendo nuestros lazos y conocimientos para ser la gu\u00eda que necesitan los emprendedores que eligen el cooperativismo.\u201d<\/em><\/p>\n<p style=\"text-align: justify;\">El objetivo de este D\u00eda Nacional de las Cooperativas es promover los ideales que sustentan el esp\u00edritu asociativo, como la ayuda mutua, la solidaridad, equidad y democracia en la toma de decisiones. Como as\u00ed tambi\u00e9n, relevar a las Cooperativas como actores fundamentales en la dinamizaci\u00f3n econ\u00f3mica de los territorios, a trav\u00e9s de la responsabilidad social.\u00a0 \u00a1Feliz d\u00eda a todas las Cooperativas de nuestra Regi\u00f3n de Ays\u00e9n.\u201d<\/p>\n<\/div><\/section><\/div><div  style='height:50px' class='hr hr-invisible   avia-builder-el-6  el_after_av_one_full  el_before_av_social_share '><span class='hr-inner ' ><span class='hr-inner-style'><\/span><\/span><\/div><\/p>\n<div  class='av-social-sharing-box  avia-builder-el-7  el_after_av_hr  el_before_av_hr  '><div class='av-share-box'><h5 class='av-share-link-description av-no-toc '>Compartir esta noticia<\/h5><ul class='av-share-box-list noLightbox'><li class='av-share-link av-social-link-facebook' ><a target=\"_blank\" aria-label=\"Compartir en Facebook\" href='https:\/\/www.facebook.com\/sharer.php?u=https:\/\/radiorevelacionfm.cl\/?p=36912&#038;t=Relevan%20importancia%20del%20%E2%80%9CD%C3%ADa%20Nacional%20de%20las%20Cooperativas%E2%80%9D' aria-hidden='false' data-av_icon='\ue8f3' data-av_iconfont='entypo-fontello' title='' data-avia-related-tooltip='Compartir en Facebook' rel=\"noopener\"><span class='avia_hidden_link_text'>Compartir en Facebook<\/span><\/a><\/li><li class='av-share-link av-social-link-twitter' ><a target=\"_blank\" aria-label=\"Compartir en Twitter\" href='https:\/\/twitter.com\/share?text=Relevan%20importancia%20del%20%E2%80%9CD%C3%ADa%20Nacional%20de%20las%20Cooperativas%E2%80%9D&#038;url=https:\/\/radiorevelacionfm.cl\/?p=36912' aria-hidden='false' data-av_icon='\ue8f1' data-av_iconfont='entypo-fontello' title='' data-avia-related-tooltip='Compartir en Twitter' rel=\"noopener\"><span class='avia_hidden_link_text'>Compartir en Twitter<\/span><\/a><\/li><li class='av-share-link av-social-link-whatsapp' ><a target=\"_blank\" aria-label=\"Compartir en Whatsapp\" href='https:\/\/api.whatsapp.com\/send?text=https:\/\/radiorevelacionfm.cl\/?p=36912' aria-hidden='false' data-av_icon='\uf232' data-av_iconfont='entypo-fontello' title='' data-avia-related-tooltip='Compartir en Whatsapp' rel=\"noopener\"><span class='avia_hidden_link_text'>Compartir en Whatsapp<\/span><\/a><\/li><li class='av-share-link av-social-link-linkedin' ><a target=\"_blank\" aria-label=\"Compartir en LinkedIn\" href='https:\/\/linkedin.com\/shareArticle?mini=true&#038;title=Relevan%20importancia%20del%20%E2%80%9CD%C3%ADa%20Nacional%20de%20las%20Cooperativas%E2%80%9D&#038;url=https:\/\/radiorevelacionfm.cl\/?p=36912' aria-hidden='false' data-av_icon='\ue8fc' data-av_iconfont='entypo-fontello' title='' data-avia-related-tooltip='Compartir en LinkedIn' rel=\"noopener\"><span class='avia_hidden_link_text'>Compartir en LinkedIn<\/span><\/a><\/li><li class='av-share-link av-social-link-mail' ><a  aria-label=\"Compartir por correo\" href='mailto:?subject=Relevan%20importancia%20del%20%E2%80%9CD%C3%ADa%20Nacional%20de%20las%20Cooperativas%E2%80%9D&#038;body=https:\/\/radiorevelacionfm.cl\/?p=36912' aria-hidden='false' data-av_icon='\ue805' data-av_iconfont='entypo-fontello' title='' data-avia-related-tooltip='Compartir por correo'><span class='avia_hidden_link_text'>Compartir por correo<\/span><\/a><\/li><\/ul><\/div><\/div>\n<div  style='height:50px' class='hr hr-invisible   avia-builder-el-8  el_after_av_social_share  el_before_av_comments_list '><span class='hr-inner ' ><span class='hr-inner-style'><\/span><\/span><\/div>\n<div  class='av-buildercomment  av-blog-meta-html-info-disabled av-blog-meta-tag-disabled  '><\/div>\n","protected":false},"excerpt":{"rendered":"","protected":false},"author":1,"featured_media":36913,"comment_status":"open","ping_status":"open","sticky":false,"template":"","format":"standard","meta":{"footnotes":""},"categories":[38],"tags":[],"class_list":["post-36912","post","type-post","status-publish","format-standard","has-post-thumbnail","hentry","category-regional"],"jetpack_featured_media_url":"https:\/\/radiorevelacionfm.cl\/wp-content\/uploads\/2023\/11\/cooperativas-region-aysen-en-taller-1_optimized.jpg","_links":{"self":[{"href":"https:\/\/radiorevelacionfm.cl\/index.php?rest_route=\/wp\/v2\/posts\/36912","targetHints":{"allow":["GET"]}}],"collection":[{"href":"https:\/\/radiorevelacionfm.cl\/index.php?rest_route=\/wp\/v2\/posts"}],"about":[{"href":"https:\/\/radiorevelacionfm.cl\/index.php?rest_route=\/wp\/v2\/types\/post"}],"author":[{"embeddable":true,"href":"https:\/\/radiorevelacionfm.cl\/index.php?rest_route=\/wp\/v2\/users\/1"}],"replies":[{"embeddable":true,"href":"https:\/\/radiorevelacionfm.cl\/index.php?rest_route=%2Fwp%2Fv2%2Fcomments&post=36912"}],"version-history":[{"count":1,"href":"https:\/\/radiorevelacionfm.cl\/index.php?rest_route=\/wp\/v2\/posts\/36912\/revisions"}],"predecessor-version":[{"id":36914,"href":"https:\/\/radiorevelacionfm.cl\/index.php?rest_route=\/wp\/v2\/posts\/36912\/revisions\/36914"}],"wp:featuredmedia":[{"embeddable":true,"href":"https:\/\/radiorevelacionfm.cl\/index.php?rest_route=\/wp\/v2\/media\/36913"}],"wp:attachment":[{"href":"https:\/\/radiorevelacionfm.cl\/index.php?rest_route=%2Fwp%2Fv2%2Fmedia&parent=36912"}],"wp:term":[{"taxonomy":"category","embeddable":true,"href":"https:\/\/radiorevelacionfm.cl\/index.php?rest_route=%2Fwp%2Fv2%2Fcategories&post=36912"},{"taxonomy":"post_tag","embeddable":true,"href":"https:\/\/radiorevelacionfm.cl\/index.php?rest_route=%2Fwp%2Fv2%2Ftags&post=36912"}],"curies":[{"name":"wp","href":"https:\/\/api.w.org\/{rel}","templated":true}]}}