{"id":36910,"date":"2023-11-15T16:48:52","date_gmt":"2023-11-15T19:48:52","guid":{"rendered":"https:\/\/radiorevelacionfm.cl\/?p=36910"},"modified":"2023-11-15T16:48:52","modified_gmt":"2023-11-15T19:48:52","slug":"tras-su-publicacion-en-el-diario-oficial-autoridades-destacan-avances-del-plan-nacional-de-busqueda","status":"publish","type":"post","link":"https:\/\/radiorevelacionfm.cl\/?p=36910","title":{"rendered":"Tras su publicaci\u00f3n en el Diario Oficial: Autoridades destacan avances del Plan Nacional de B\u00fasqueda"},"content":{"rendered":"<div class=\"flex_column av_one_full  flex_column_div av-zero-column-padding first  avia-builder-el-0  el_before_av_one_full  avia-builder-el-first  \" style='border-radius:0px; '><div  class='avia-image-container  av-styling-    avia-builder-el-1  avia-builder-el-no-sibling  avia-align-center '  itemprop=\"image\" itemscope=\"itemscope\" itemtype=\"https:\/\/schema.org\/ImageObject\"  ><div class='avia-image-container-inner'><div class='avia-image-overlay-wrap'><img decoding=\"async\" class='wp-image-31131 avia-img-lazy-loading-not-31131 avia_image' src=\"https:\/\/radiorevelacionfm.cl\/wp-content\/uploads\/2023\/05\/seremi-justicia-y-ddhh-2_optimized.jpg\" alt='' title='seremi-justicia-y-ddhh-(2)_optimized' height=\"600\" width=\"748\"  itemprop=\"thumbnailUrl\" srcset=\"https:\/\/radiorevelacionfm.cl\/wp-content\/uploads\/2023\/05\/seremi-justicia-y-ddhh-2_optimized.jpg 748w, https:\/\/radiorevelacionfm.cl\/wp-content\/uploads\/2023\/05\/seremi-justicia-y-ddhh-2_optimized-300x241.jpg 300w, https:\/\/radiorevelacionfm.cl\/wp-content\/uploads\/2023\/05\/seremi-justicia-y-ddhh-2_optimized-705x566.jpg 705w, https:\/\/radiorevelacionfm.cl\/wp-content\/uploads\/2023\/05\/seremi-justicia-y-ddhh-2_optimized-450x361.jpg 450w, https:\/\/radiorevelacionfm.cl\/wp-content\/uploads\/2023\/05\/seremi-justicia-y-ddhh-2_optimized-600x481.jpg 600w\" sizes=\"(max-width: 748px) 100vw, 748px\" \/><\/div><\/div><\/div><\/div><div class=\"flex_column av_one_full  flex_column_div av-zero-column-padding first  avia-builder-el-2  el_after_av_one_full  el_before_av_one_full  column-top-margin\" style='border-radius:0px; '><section class=\"av_textblock_section \"  itemscope=\"itemscope\" itemtype=\"https:\/\/schema.org\/BlogPosting\" itemprop=\"blogPost\" ><div class='avia_textblock  '   itemprop=\"text\" ><p style=\"text-align: center;\"><span style=\"font-size: 18pt;\"><strong><em>Tras su publicaci\u00f3n en el Diario Oficial: <\/em><\/strong><strong>Autoridades destacan avances del Plan Nacional de B\u00fasqueda<\/strong><\/span><\/p>\n<div id=\"gtx-trans\" style=\"position: absolute; left: -50px; top: 4.31534px;\">\n<div class=\"gtx-trans-icon\"><\/div>\n<\/div>\n<\/div><\/section><\/div><div class=\"flex_column av_one_full  flex_column_div av-zero-column-padding first  avia-builder-el-4  el_after_av_one_full  el_before_av_hr  column-top-margin\" style='border-radius:0px; '><section class=\"av_textblock_section \"  itemscope=\"itemscope\" itemtype=\"https:\/\/schema.org\/BlogPosting\" itemprop=\"blogPost\" ><div class='avia_textblock  '   itemprop=\"text\" ><p style=\"text-align: justify;\">El pasado viernes se oficializ\u00f3 la implementaci\u00f3n del Plan Nacional de B\u00fasqueda (PNB) luego su publicaci\u00f3n en el Diario Oficial, y tras la toma de raz\u00f3n por la Contralor\u00eda General de la Rep\u00fablica. Este plan fue presentado al pa\u00eds el 30 de agosto, D\u00eda Internacional de las V\u00edctimas de Desapariciones Forzadas, por el Presidente de la Rep\u00fablica, Gabriel Boric.<\/p>\n<p style=\"text-align: justify;\">Tras este hito, el Ministro Luis Cordero puntualiz\u00f3 que \u201cdesde ahora comenzar\u00e1n a ejecutarse las acciones principales del Plan, no solo aquellas que est\u00e1n destinadas al dise\u00f1o y ejecuci\u00f3n del sistema de informaci\u00f3n utilizando inteligencia artificial, sino que tambi\u00e9n para realizar aquellas que est\u00e1n destinadas a la estructuraci\u00f3n del modelo de gobernanza donde los familiares tendr\u00e1n un gran rol activo en el seguimiento de esta pol\u00edtica\u201d.<\/p>\n<p style=\"text-align: justify;\">Mencionar que el Plan Nacional de B\u00fasqueda es un instrumento de pol\u00edtica p\u00fablica que avanza en la b\u00fasqueda de verdad y justicia respecto de personas v\u00edctimas de desaparici\u00f3n forzada durante la dictadura civil militar en Chile. Este se llevar\u00e1 a cabo por medio de la organizaci\u00f3n y sistematizaci\u00f3n de los esfuerzos del Estado, estableciendo metas, plazos, responsables y rendici\u00f3n de cuentas.<\/p>\n<p style=\"text-align: justify;\">Ahora, dado que este plan se desarrollar\u00e1 a nivel nacional, el Seremi de Justicia y Derechos Humanos de Ays\u00e9n Samuel Navarro explic\u00f3 que \u201cefectivamente el pasado 10 de noviembre se formaliz\u00f3 este plan con la publicaci\u00f3n en el Diario Oficial del decreto n\u00famero 98 del a\u00f1o 2023, firmado por el Ministro de Justicia y Derechos Humanos Luis Cordero, el cual establece las etapas, las caracter\u00edsticas y el contenido del Plan Nacional de B\u00fasqueda de verdad y justicia que fue anunciado por el Presidente en su cuenta p\u00fablica, de esta forma damos respuesta y saldamos una deuda pendiente como Estado, en lo que tiene que ver con las personas detenidas desaparecidas durante la dictadura civico- militar y se avanza en una institucionalidad, en una formaci\u00f3n pol\u00edtica permanente para desarrollar esta pol\u00edtica p\u00fablica que nos permita avanzar en la b\u00fasqueda, en el paradero de los detenidos desaparecidos, avanzar en verdad, justicia, memoria y en garant\u00edas de no repetici\u00f3n\u201d.<\/p>\n<p style=\"text-align: justify;\">Por su parte, el Delegado Presidencial Regional Rodrigo Araya destac\u00f3 que \u201cen la dictadura c\u00edvico- militar fue el Estado de Chile el que cometi\u00f3 las violaciones a los derechos humanos por eso para nuestro presidente Gabriel Boric es tan importante este Plan Nacional de B\u00fasqueda porque pone a todas las instituciones del Estado en pos de encontrar y coordinar todas las labores investigativas, toda la informaci\u00f3n, para lograr encontrar a nuestros detenidos desaparecidos. Es un deber para avanzar en lo que siempre nosotros hemos se\u00f1alado, se necesita justicia, reparaci\u00f3n para que no tengamos la repetici\u00f3n de los hechos que vivimos en ese periodo tan aciago de nuestra rep\u00fablica, esto es algo fundamental para avanzar tambi\u00e9n en la cohesi\u00f3n de nuestro pa\u00eds, y tener un pa\u00eds con sensaci\u00f3n de justicia y que podamos mirarnos todos a la cara y sigamos avanzando en pos de un destino com\u00fan\u201d.<\/p>\n<p style=\"text-align: justify;\">Se\u00f1alar que en nuestro pa\u00eds hay un total de 1.469 personas v\u00edctimas de desaparici\u00f3n forzada durante la dictadura civil y militar. De las cuales 307 personas han podido ser encontradas, identificadas y restituidas a sus familiares, seg\u00fan cifras del Servicio M\u00e9dico Legal. Existiendo hasta el momento 1.162 v\u00edctimas cuyo paradero y circunstancias de desaparici\u00f3n y\/o muerte a\u00fan siguen pendientes de determinar.<\/p>\n<p style=\"text-align: justify;\"><strong>Algunas de las medidas iniciales del PNB<\/strong><\/p>\n<p style=\"text-align: justify;\"><strong>Instalaci\u00f3n de la estructura de gobernanza del Plan Nacional de B\u00fasqueda, <\/strong>lo que supone crear el Comit\u00e9 de Seguimiento y Participaci\u00f3n, compuesto por representantes de familiares e integrantes de la sociedad civil.<\/p>\n<p style=\"text-align: justify;\"><strong>Creaci\u00f3n de la Mesa Operativa del Plan Nacional de B\u00fasqueda,<\/strong> compuesta por los actores institucionales que participan en la b\u00fasqueda de las personas v\u00edctimas de desaparici\u00f3n forzada durante la dictadura con la finalidad de coordinar las acciones del Plan y su nivel de ejecuci\u00f3n.<\/p>\n<p style=\"text-align: justify;\"><strong>Configuraci\u00f3n de una Mesa T\u00e9cnica de Archivos, <\/strong>que tendr\u00e1 por finalidad identificar y acceder a los diversos acervos documentales que se encuentran en las instituciones del Estado.<\/p>\n<p style=\"text-align: justify;\"><strong>Dise\u00f1o de la plataforma del Plan Nacional de B\u00fasqueda<\/strong>, que servir\u00e1 como una herramienta para el an\u00e1lisis y cruce de informaci\u00f3n de las bases de datos con apoyo de inteligencia artificial.<\/p>\n<p style=\"text-align: justify;\"><strong>Coordinaci\u00f3n permanente y prioritaria con los Ministros en visita extraordinaria <\/strong>para causas de violaciones a los Derechos Humanos.<\/p>\n<p style=\"text-align: justify;\"><strong>Confecci\u00f3n del primer catastro de sitios de inter\u00e9s para realizaci\u00f3n de trabajos de b\u00fasqueda<\/strong> en terreno y de identificaci\u00f3n de v\u00edctimas en coordinaci\u00f3n entre el Poder Judicial, Servicio M\u00e9dico Legal y Programa de Derechos Humanos.<\/p>\n<p style=\"text-align: justify;\">Finalmente, y para tener mayor informaci\u00f3n respecto al Plan Nacional de B\u00fasqueda (PNB), los invitamos a ingresar a <a href=\"https:\/\/www.derechoshumanos.gob.cl\/\">https:\/\/www.derechoshumanos.gob.cl\/<\/a><\/p>\n<\/div><\/section><\/div><div  style='height:50px' class='hr hr-invisible   avia-builder-el-6  el_after_av_one_full  el_before_av_social_share '><span class='hr-inner ' ><span class='hr-inner-style'><\/span><\/span><\/div><\/p>\n<div  class='av-social-sharing-box  avia-builder-el-7  el_after_av_hr  el_before_av_hr  '><div class='av-share-box'><h5 class='av-share-link-description av-no-toc '>Compartir esta noticia<\/h5><ul class='av-share-box-list noLightbox'><li class='av-share-link av-social-link-facebook' ><a target=\"_blank\" aria-label=\"Compartir en Facebook\" href='https:\/\/www.facebook.com\/sharer.php?u=https:\/\/radiorevelacionfm.cl\/?p=36910&#038;t=Tras%20su%20publicaci%C3%B3n%20en%20el%20Diario%20Oficial%3A%20Autoridades%20destacan%20avances%20del%20Plan%20Nacional%20de%20B%C3%BAsqueda' aria-hidden='false' data-av_icon='\ue8f3' data-av_iconfont='entypo-fontello' title='' data-avia-related-tooltip='Compartir en Facebook' rel=\"noopener\"><span class='avia_hidden_link_text'>Compartir en Facebook<\/span><\/a><\/li><li class='av-share-link av-social-link-twitter' ><a target=\"_blank\" aria-label=\"Compartir en Twitter\" href='https:\/\/twitter.com\/share?text=Tras%20su%20publicaci%C3%B3n%20en%20el%20Diario%20Oficial%3A%20Autoridades%20destacan%20avances%20del%20Plan%20Nacional%20de%20B%C3%BAsqueda&#038;url=https:\/\/radiorevelacionfm.cl\/?p=36910' aria-hidden='false' data-av_icon='\ue8f1' data-av_iconfont='entypo-fontello' title='' data-avia-related-tooltip='Compartir en Twitter' rel=\"noopener\"><span class='avia_hidden_link_text'>Compartir en Twitter<\/span><\/a><\/li><li class='av-share-link av-social-link-whatsapp' ><a target=\"_blank\" aria-label=\"Compartir en Whatsapp\" href='https:\/\/api.whatsapp.com\/send?text=https:\/\/radiorevelacionfm.cl\/?p=36910' aria-hidden='false' data-av_icon='\uf232' data-av_iconfont='entypo-fontello' title='' data-avia-related-tooltip='Compartir en Whatsapp' rel=\"noopener\"><span class='avia_hidden_link_text'>Compartir en Whatsapp<\/span><\/a><\/li><li class='av-share-link av-social-link-linkedin' ><a target=\"_blank\" aria-label=\"Compartir en LinkedIn\" href='https:\/\/linkedin.com\/shareArticle?mini=true&#038;title=Tras%20su%20publicaci%C3%B3n%20en%20el%20Diario%20Oficial%3A%20Autoridades%20destacan%20avances%20del%20Plan%20Nacional%20de%20B%C3%BAsqueda&#038;url=https:\/\/radiorevelacionfm.cl\/?p=36910' aria-hidden='false' data-av_icon='\ue8fc' data-av_iconfont='entypo-fontello' title='' data-avia-related-tooltip='Compartir en LinkedIn' rel=\"noopener\"><span class='avia_hidden_link_text'>Compartir en LinkedIn<\/span><\/a><\/li><li class='av-share-link av-social-link-mail' ><a  aria-label=\"Compartir por correo\" href='mailto:?subject=Tras%20su%20publicaci%C3%B3n%20en%20el%20Diario%20Oficial%3A%20Autoridades%20destacan%20avances%20del%20Plan%20Nacional%20de%20B%C3%BAsqueda&#038;body=https:\/\/radiorevelacionfm.cl\/?p=36910' aria-hidden='false' data-av_icon='\ue805' data-av_iconfont='entypo-fontello' title='' data-avia-related-tooltip='Compartir por correo'><span class='avia_hidden_link_text'>Compartir por correo<\/span><\/a><\/li><\/ul><\/div><\/div>\n<div  style='height:50px' class='hr hr-invisible   avia-builder-el-8  el_after_av_social_share  el_before_av_comments_list '><span class='hr-inner ' ><span class='hr-inner-style'><\/span><\/span><\/div>\n<div  class='av-buildercomment  av-blog-meta-html-info-disabled av-blog-meta-tag-disabled  '><\/div>\n","protected":false},"excerpt":{"rendered":"","protected":false},"author":1,"featured_media":31131,"comment_status":"open","ping_status":"open","sticky":false,"template":"","format":"standard","meta":{"footnotes":""},"categories":[55],"tags":[],"class_list":["post-36910","post","type-post","status-publish","format-standard","has-post-thumbnail","hentry","category-justicia"],"jetpack_featured_media_url":"https:\/\/radiorevelacionfm.cl\/wp-content\/uploads\/2023\/05\/seremi-justicia-y-ddhh-2_optimized.jpg","_links":{"self":[{"href":"https:\/\/radiorevelacionfm.cl\/index.php?rest_route=\/wp\/v2\/posts\/36910","targetHints":{"allow":["GET"]}}],"collection":[{"href":"https:\/\/radiorevelacionfm.cl\/index.php?rest_route=\/wp\/v2\/posts"}],"about":[{"href":"https:\/\/radiorevelacionfm.cl\/index.php?rest_route=\/wp\/v2\/types\/post"}],"author":[{"embeddable":true,"href":"https:\/\/radiorevelacionfm.cl\/index.php?rest_route=\/wp\/v2\/users\/1"}],"replies":[{"embeddable":true,"href":"https:\/\/radiorevelacionfm.cl\/index.php?rest_route=%2Fwp%2Fv2%2Fcomments&post=36910"}],"version-history":[{"count":1,"href":"https:\/\/radiorevelacionfm.cl\/index.php?rest_route=\/wp\/v2\/posts\/36910\/revisions"}],"predecessor-version":[{"id":36911,"href":"https:\/\/radiorevelacionfm.cl\/index.php?rest_route=\/wp\/v2\/posts\/36910\/revisions\/36911"}],"wp:featuredmedia":[{"embeddable":true,"href":"https:\/\/radiorevelacionfm.cl\/index.php?rest_route=\/wp\/v2\/media\/31131"}],"wp:attachment":[{"href":"https:\/\/radiorevelacionfm.cl\/index.php?rest_route=%2Fwp%2Fv2%2Fmedia&parent=36910"}],"wp:term":[{"taxonomy":"category","embeddable":true,"href":"https:\/\/radiorevelacionfm.cl\/index.php?rest_route=%2Fwp%2Fv2%2Fcategories&post=36910"},{"taxonomy":"post_tag","embeddable":true,"href":"https:\/\/radiorevelacionfm.cl\/index.php?rest_route=%2Fwp%2Fv2%2Ftags&post=36910"}],"curies":[{"name":"wp","href":"https:\/\/api.w.org\/{rel}","templated":true}]}}