{"id":36903,"date":"2023-11-14T10:26:08","date_gmt":"2023-11-14T13:26:08","guid":{"rendered":"https:\/\/radiorevelacionfm.cl\/?p=36903"},"modified":"2023-11-14T10:26:08","modified_gmt":"2023-11-14T13:26:08","slug":"en-villa-ortega-se-realizara-taller-de-recoleccion-de-la-morilla","status":"publish","type":"post","link":"https:\/\/radiorevelacionfm.cl\/?p=36903","title":{"rendered":"En Villa Ortega se realizar\u00e1 taller de recolecci\u00f3n de la \u201cMorilla\u201d"},"content":{"rendered":"<div class=\"flex_column av_one_full  flex_column_div av-zero-column-padding first  avia-builder-el-0  el_before_av_one_full  avia-builder-el-first  \" style='border-radius:0px; '><div  class='avia-image-container  av-styling-    avia-builder-el-1  avia-builder-el-no-sibling  avia-align-center '  itemprop=\"image\" itemscope=\"itemscope\" itemtype=\"https:\/\/schema.org\/ImageObject\"  ><div class='avia-image-container-inner'><div class='avia-image-overlay-wrap'><img decoding=\"async\" class='wp-image-36904 avia-img-lazy-loading-not-36904 avia_image' src=\"https:\/\/radiorevelacionfm.cl\/wp-content\/uploads\/2023\/11\/01102022-img_9652-1_optimized.jpg\" alt='' title='01102022-img_9652-(1)_optimized' height=\"640\" width=\"800\"  itemprop=\"thumbnailUrl\" srcset=\"https:\/\/radiorevelacionfm.cl\/wp-content\/uploads\/2023\/11\/01102022-img_9652-1_optimized.jpg 800w, https:\/\/radiorevelacionfm.cl\/wp-content\/uploads\/2023\/11\/01102022-img_9652-1_optimized-300x240.jpg 300w, https:\/\/radiorevelacionfm.cl\/wp-content\/uploads\/2023\/11\/01102022-img_9652-1_optimized-768x614.jpg 768w, https:\/\/radiorevelacionfm.cl\/wp-content\/uploads\/2023\/11\/01102022-img_9652-1_optimized-705x564.jpg 705w, https:\/\/radiorevelacionfm.cl\/wp-content\/uploads\/2023\/11\/01102022-img_9652-1_optimized-450x360.jpg 450w, https:\/\/radiorevelacionfm.cl\/wp-content\/uploads\/2023\/11\/01102022-img_9652-1_optimized-600x480.jpg 600w\" sizes=\"(max-width: 800px) 100vw, 800px\" \/><\/div><\/div><\/div><\/div><div class=\"flex_column av_one_full  flex_column_div av-zero-column-padding first  avia-builder-el-2  el_after_av_one_full  el_before_av_one_full  column-top-margin\" style='border-radius:0px; '><section class=\"av_textblock_section \"  itemscope=\"itemscope\" itemtype=\"https:\/\/schema.org\/BlogPosting\" itemprop=\"blogPost\" ><div class='avia_textblock  '   itemprop=\"text\" ><p style=\"text-align: center;\"><strong><span style=\"font-size: 18pt;\">En Villa Ortega se realizar\u00e1 taller de recolecci\u00f3n de la \u201cMorilla\u201d<\/span><\/strong><\/p>\n<div id=\"gtx-trans\" style=\"position: absolute; left: -50px; top: 4.31534px;\">\n<div class=\"gtx-trans-icon\"><\/div>\n<\/div>\n<\/div><\/section><\/div><div class=\"flex_column av_one_full  flex_column_div av-zero-column-padding first  avia-builder-el-4  el_after_av_one_full  el_before_av_hr  column-top-margin\" style='border-radius:0px; '><section class=\"av_textblock_section \"  itemscope=\"itemscope\" itemtype=\"https:\/\/schema.org\/BlogPosting\" itemprop=\"blogPost\" ><div class='avia_textblock  '   itemprop=\"text\" ><p style=\"text-align: justify;\"><em>Este s\u00e1bado 18 de noviembre de 15 a 18 horas se llevar\u00e1 a cabo esta actividad te\u00f3rica\/practica que terminar\u00e1 con la degustaci\u00f3n de este cotizado hongo.<\/em><\/p>\n<p style=\"text-align: justify;\">La <em>Morchella<\/em> conocida como \u201cMorilla o Murilla\u201d en la regi\u00f3n de Ays\u00e9n, es un hongo silvestre comestible muy apetecido en la gastronom\u00eda por su suave sabor y llamativa forma, los cuales le entregan cualidades \u00fanicas. \u201cEs el segundo hongo m\u00e1s caro del mundo despu\u00e9s de las \u201cTrufas\u201d del g\u00e9nero tuber que son cultivadas, no se encuentran de forma silvestre. El g\u00e9nero <em>Morchella<\/em> crece en nuestra regi\u00f3n, como en otras regiones de Chile y el mundo de forma silvestre, por lo que es posible su recolecci\u00f3n, pero, lo importante es hacerlo de la forma correcta, cuidado un tesoro invaluable en t\u00e9rminos de riqueza f\u00fangica\u201d, destaca Dinelly Soto, Recolectora y divulgadora cient\u00edfica que ser\u00e1 parte del taller.<\/p>\n<p style=\"text-align: justify;\">Por su parte Marcela Ag\u00fcero, recolectora y artesana de la comunidad de Villa Ortega comenta, \u201cquiero invitarlos a recolectar morillas que son hongos que se dan en la temporada de primavera ac\u00e1 en la Patagonia, principalmente ac\u00e1 en la zona intermedia en los bosques de <em>Nothofagus<\/em> de \u00f1ires y lengas. Participar del proceso de recolectarlos es hermoso, ya que se puede ir observando el bosque y sus cambios y qu\u00e9 otras especies cohabitan ah\u00ed. Este es un puntapi\u00e9 para nuestro Noveno \u201cFestival de la Morilla\u201d, que realizaremos el 2 de diciembre en nuestra hermosa Villa Ortega, y por supuesto dejo a todos invitados\u201d.<\/p>\n<p style=\"text-align: justify;\">El taller tiene un costo de $40 mil pesos por persona e incluye, el taller te\u00f3rico de hongos silvestres comestibles de primavera, donde se abordar\u00e1 c\u00f3mo reconocerlos, recolectarlos, cocinarlos y conservarlos, impartido por Dinelly Soto, y la salida de recolecci\u00f3n y posterior degustaci\u00f3n, para aprender la manera correcta de cosecharlos y consumirlos de manera segura junto a Marcela Ag\u00fcero. Los ni\u00f1xs hasta 14 a\u00f1os no pagan y el curso incluye, adem\u00e1s, materiales digitales.<\/p>\n<p style=\"text-align: justify;\">Las inscripciones se realizan directamente al correo <a href=\"mailto:dinellysotos@gmail.com\">dinellysotos@gmail.com<\/a> o al fono +56940409275.<\/p>\n<\/div><\/section><\/div><div  style='height:50px' class='hr hr-invisible   avia-builder-el-6  el_after_av_one_full  el_before_av_social_share '><span class='hr-inner ' ><span class='hr-inner-style'><\/span><\/span><\/div><\/p>\n<div  class='av-social-sharing-box  avia-builder-el-7  el_after_av_hr  el_before_av_hr  '><div class='av-share-box'><h5 class='av-share-link-description av-no-toc '>Compartir esta noticia<\/h5><ul class='av-share-box-list noLightbox'><li class='av-share-link av-social-link-facebook' ><a target=\"_blank\" aria-label=\"Compartir en Facebook\" href='https:\/\/www.facebook.com\/sharer.php?u=https:\/\/radiorevelacionfm.cl\/?p=36903&#038;t=En%20Villa%20Ortega%20se%20realizar%C3%A1%20taller%20de%20recolecci%C3%B3n%20de%20la%20%E2%80%9CMorilla%E2%80%9D' aria-hidden='false' data-av_icon='\ue8f3' data-av_iconfont='entypo-fontello' title='' data-avia-related-tooltip='Compartir en Facebook' rel=\"noopener\"><span class='avia_hidden_link_text'>Compartir en Facebook<\/span><\/a><\/li><li class='av-share-link av-social-link-twitter' ><a target=\"_blank\" aria-label=\"Compartir en Twitter\" href='https:\/\/twitter.com\/share?text=En%20Villa%20Ortega%20se%20realizar%C3%A1%20taller%20de%20recolecci%C3%B3n%20de%20la%20%E2%80%9CMorilla%E2%80%9D&#038;url=https:\/\/radiorevelacionfm.cl\/?p=36903' aria-hidden='false' data-av_icon='\ue8f1' data-av_iconfont='entypo-fontello' title='' data-avia-related-tooltip='Compartir en Twitter' rel=\"noopener\"><span class='avia_hidden_link_text'>Compartir en Twitter<\/span><\/a><\/li><li class='av-share-link av-social-link-whatsapp' ><a target=\"_blank\" aria-label=\"Compartir en Whatsapp\" href='https:\/\/api.whatsapp.com\/send?text=https:\/\/radiorevelacionfm.cl\/?p=36903' aria-hidden='false' data-av_icon='\uf232' data-av_iconfont='entypo-fontello' title='' data-avia-related-tooltip='Compartir en Whatsapp' rel=\"noopener\"><span class='avia_hidden_link_text'>Compartir en Whatsapp<\/span><\/a><\/li><li class='av-share-link av-social-link-linkedin' ><a target=\"_blank\" aria-label=\"Compartir en LinkedIn\" href='https:\/\/linkedin.com\/shareArticle?mini=true&#038;title=En%20Villa%20Ortega%20se%20realizar%C3%A1%20taller%20de%20recolecci%C3%B3n%20de%20la%20%E2%80%9CMorilla%E2%80%9D&#038;url=https:\/\/radiorevelacionfm.cl\/?p=36903' aria-hidden='false' data-av_icon='\ue8fc' data-av_iconfont='entypo-fontello' title='' data-avia-related-tooltip='Compartir en LinkedIn' rel=\"noopener\"><span class='avia_hidden_link_text'>Compartir en LinkedIn<\/span><\/a><\/li><li class='av-share-link av-social-link-mail' ><a  aria-label=\"Compartir por correo\" href='mailto:?subject=En%20Villa%20Ortega%20se%20realizar%C3%A1%20taller%20de%20recolecci%C3%B3n%20de%20la%20%E2%80%9CMorilla%E2%80%9D&#038;body=https:\/\/radiorevelacionfm.cl\/?p=36903' aria-hidden='false' data-av_icon='\ue805' data-av_iconfont='entypo-fontello' title='' data-avia-related-tooltip='Compartir por correo'><span class='avia_hidden_link_text'>Compartir por correo<\/span><\/a><\/li><\/ul><\/div><\/div>\n<div  style='height:50px' class='hr hr-invisible   avia-builder-el-8  el_after_av_social_share  el_before_av_comments_list '><span class='hr-inner ' ><span class='hr-inner-style'><\/span><\/span><\/div>\n<div  class='av-buildercomment  av-blog-meta-html-info-disabled av-blog-meta-tag-disabled  '><\/div>\n","protected":false},"excerpt":{"rendered":"","protected":false},"author":1,"featured_media":36904,"comment_status":"open","ping_status":"open","sticky":false,"template":"","format":"standard","meta":{"footnotes":""},"categories":[38],"tags":[],"class_list":["post-36903","post","type-post","status-publish","format-standard","has-post-thumbnail","hentry","category-regional"],"jetpack_featured_media_url":"https:\/\/radiorevelacionfm.cl\/wp-content\/uploads\/2023\/11\/01102022-img_9652-1_optimized.jpg","_links":{"self":[{"href":"https:\/\/radiorevelacionfm.cl\/index.php?rest_route=\/wp\/v2\/posts\/36903","targetHints":{"allow":["GET"]}}],"collection":[{"href":"https:\/\/radiorevelacionfm.cl\/index.php?rest_route=\/wp\/v2\/posts"}],"about":[{"href":"https:\/\/radiorevelacionfm.cl\/index.php?rest_route=\/wp\/v2\/types\/post"}],"author":[{"embeddable":true,"href":"https:\/\/radiorevelacionfm.cl\/index.php?rest_route=\/wp\/v2\/users\/1"}],"replies":[{"embeddable":true,"href":"https:\/\/radiorevelacionfm.cl\/index.php?rest_route=%2Fwp%2Fv2%2Fcomments&post=36903"}],"version-history":[{"count":1,"href":"https:\/\/radiorevelacionfm.cl\/index.php?rest_route=\/wp\/v2\/posts\/36903\/revisions"}],"predecessor-version":[{"id":36905,"href":"https:\/\/radiorevelacionfm.cl\/index.php?rest_route=\/wp\/v2\/posts\/36903\/revisions\/36905"}],"wp:featuredmedia":[{"embeddable":true,"href":"https:\/\/radiorevelacionfm.cl\/index.php?rest_route=\/wp\/v2\/media\/36904"}],"wp:attachment":[{"href":"https:\/\/radiorevelacionfm.cl\/index.php?rest_route=%2Fwp%2Fv2%2Fmedia&parent=36903"}],"wp:term":[{"taxonomy":"category","embeddable":true,"href":"https:\/\/radiorevelacionfm.cl\/index.php?rest_route=%2Fwp%2Fv2%2Fcategories&post=36903"},{"taxonomy":"post_tag","embeddable":true,"href":"https:\/\/radiorevelacionfm.cl\/index.php?rest_route=%2Fwp%2Fv2%2Ftags&post=36903"}],"curies":[{"name":"wp","href":"https:\/\/api.w.org\/{rel}","templated":true}]}}