{"id":36900,"date":"2023-11-14T10:07:18","date_gmt":"2023-11-14T13:07:18","guid":{"rendered":"https:\/\/radiorevelacionfm.cl\/?p=36900"},"modified":"2023-11-14T10:07:18","modified_gmt":"2023-11-14T13:07:18","slug":"realizan-exitosos-gobiernos-en-terreno-en-sectores-rurales-de-chile-chico","status":"publish","type":"post","link":"https:\/\/radiorevelacionfm.cl\/?p=36900","title":{"rendered":"Realizan exitosos Gobiernos en Terreno en sectores rurales de Chile Chico"},"content":{"rendered":"<div class=\"flex_column av_one_full  flex_column_div av-zero-column-padding first  avia-builder-el-0  el_before_av_one_full  avia-builder-el-first  \" style='border-radius:0px; '><div  class='avia-image-container  av-styling-    avia-builder-el-1  avia-builder-el-no-sibling  avia-align-center '  itemprop=\"image\" itemscope=\"itemscope\" itemtype=\"https:\/\/schema.org\/ImageObject\"  ><div class='avia-image-container-inner'><div class='avia-image-overlay-wrap'><img decoding=\"async\" class='wp-image-36901 avia-img-lazy-loading-not-36901 avia_image' src=\"https:\/\/radiorevelacionfm.cl\/wp-content\/uploads\/2023\/11\/get-28-1_optimized-1.jpg\" alt='' title='get-(28)-(1)_optimized (1)' height=\"600\" width=\"1067\"  itemprop=\"thumbnailUrl\" srcset=\"https:\/\/radiorevelacionfm.cl\/wp-content\/uploads\/2023\/11\/get-28-1_optimized-1.jpg 1067w, https:\/\/radiorevelacionfm.cl\/wp-content\/uploads\/2023\/11\/get-28-1_optimized-1-300x169.jpg 300w, https:\/\/radiorevelacionfm.cl\/wp-content\/uploads\/2023\/11\/get-28-1_optimized-1-1030x579.jpg 1030w, https:\/\/radiorevelacionfm.cl\/wp-content\/uploads\/2023\/11\/get-28-1_optimized-1-768x432.jpg 768w, https:\/\/radiorevelacionfm.cl\/wp-content\/uploads\/2023\/11\/get-28-1_optimized-1-705x396.jpg 705w, https:\/\/radiorevelacionfm.cl\/wp-content\/uploads\/2023\/11\/get-28-1_optimized-1-450x253.jpg 450w, https:\/\/radiorevelacionfm.cl\/wp-content\/uploads\/2023\/11\/get-28-1_optimized-1-600x337.jpg 600w\" sizes=\"(max-width: 1067px) 100vw, 1067px\" \/><\/div><\/div><\/div><\/div><div class=\"flex_column av_one_full  flex_column_div av-zero-column-padding first  avia-builder-el-2  el_after_av_one_full  el_before_av_one_full  column-top-margin\" style='border-radius:0px; '><section class=\"av_textblock_section \"  itemscope=\"itemscope\" itemtype=\"https:\/\/schema.org\/BlogPosting\" itemprop=\"blogPost\" ><div class='avia_textblock  '   itemprop=\"text\" ><p style=\"text-align: center;\"><strong><span style=\"font-size: 18pt;\">Realizan exitosos Gobiernos en Terreno en sectores rurales de Chile Chico<\/span><\/strong><\/p>\n<div id=\"gtx-trans\" style=\"position: absolute; left: -50px; top: 4.31534px;\">\n<div class=\"gtx-trans-icon\"><\/div>\n<\/div>\n<\/div><\/section><\/div><div class=\"flex_column av_one_full  flex_column_div av-zero-column-padding first  avia-builder-el-4  el_after_av_one_full  el_before_av_hr  column-top-margin\" style='border-radius:0px; '><section class=\"av_textblock_section \"  itemscope=\"itemscope\" itemtype=\"https:\/\/schema.org\/BlogPosting\" itemprop=\"blogPost\" ><div class='avia_textblock  '   itemprop=\"text\" ><p style=\"text-align: justify;\"><em>Con gran concurrencia finalizaron dos Plazas Ciudadanas realizadas en los sectores de El Furioso y Las Horquetas, ambas zonas pobladas alejados de los principales centros urbanos al interior de la comuna de Chile Chico.<\/em><\/p>\n<p style=\"text-align: justify;\">Tras escuchar a los vecinos de los sectores en visitas previas, se llev\u00f3 a cabo este par de instancias de Plazas Ciudadanas del Programa Gobierno en Terreno para dar respuesta a sus requerimientos. Principalmente fortalecer sus comunidades a trav\u00e9s de la creaci\u00f3n de las respectivas juntas de vecinos y acercar los servicios p\u00fablicos del agro.<\/p>\n<p style=\"text-align: justify;\">En ambas instancias desarrolladas al aire libre, y con la presencia de cerca del 90% de la totalidad de los vecinos de los sectores, se llevaron a cabo di\u00e1logos y atenciones ciudadanas de los distintos servicios presentes como CONAF, Carabineros, SAG, Indap, Conadi, IPS, Vialidad y la Ilustre Municipalidad de Chile Chico, clave en el inicio del proceso de formalizaci\u00f3n de las juntas de vecinos.<\/p>\n<p style=\"text-align: justify;\">Una de las vecinas que ayud\u00f3 a coordinar esta actividad fue Yermett Caama\u00f1o del sector El Furioso, quien valor\u00f3 la actividad declarando \u201cBuen\u00edsimo, de partida es muy importante porque ac\u00e1 (\u2026) esta comunidad es netamente de adultos, gente de 50 para arriba. Entonces para los adultos y para todos, se les dificulta mucho llegar hacia las oficinas en Chile Chico o (Puerto) Guadal inclusive\u201d a lo que sum\u00f3 \u201cpara m\u00ed es muy bueno que se haga esto. Estamos todos los vecinos que corresponden\u201d cerr\u00f3 la vecina que prest\u00f3 su terreno para la realizaci\u00f3n de la actividad.<\/p>\n<p style=\"text-align: justify;\">Por su parte, el Delegado Presidencial Provincial de General Carrera, Crist\u00f3bal Barcel\u00f3, realiz\u00f3 un positivo balance se\u00f1alando que \u201cUno de los temas en los que m\u00e1s se pudo trabajar y avanzar fue el desarrollo de lograr una junta de vecinos en cada uno de los sectores. De esta manera independizar los sectores, empoderarlos a ellos como comunidad, que sean parte de la comunidad organizada y con esto tambi\u00e9n les sirva para poder tener m\u00e1s acceso a las prestaciones del Estado\u201d a lo que agreg\u00f3 \u201cEstamos muy conformes, tambi\u00e9n, como delegaci\u00f3n del resultado de esta actividad porque, demuestra que hay un inter\u00e9s de parte de las personas, de parte de todos los ciudadanos, de estar inform\u00e1ndose, de comunicarse, de participar en las instancias del Estado, del Gobierno, que tambi\u00e9n es parte del mandato que nos ha hecho a nosotros nuestro presidente Gabriel Boric con respecto al\u00a0 desarrollo de los territorios y a estar en terreno permanentemente\u201d cerr\u00f3 el representante del Presidente en la provincia de General Carrera.<\/p>\n<p style=\"text-align: justify;\">El programa Gobierno en Terreno contin\u00faa desarroll\u00e1ndose en la provincia de General Carrera con pr\u00f3ximas actividades en Levic\u00e1n, Fachinal y la cabecera provincial Chile Chico antes de finalizar el a\u00f1o, sellando de esta manera un total de m\u00e1s de 30 actividades en terreno.<\/p>\n<\/div><\/section><\/div><div  style='height:50px' class='hr hr-invisible   avia-builder-el-6  el_after_av_one_full  el_before_av_social_share '><span class='hr-inner ' ><span class='hr-inner-style'><\/span><\/span><\/div><\/p>\n<div  class='av-social-sharing-box  avia-builder-el-7  el_after_av_hr  el_before_av_hr  '><div class='av-share-box'><h5 class='av-share-link-description av-no-toc '>Compartir esta noticia<\/h5><ul class='av-share-box-list noLightbox'><li class='av-share-link av-social-link-facebook' ><a target=\"_blank\" aria-label=\"Compartir en Facebook\" href='https:\/\/www.facebook.com\/sharer.php?u=https:\/\/radiorevelacionfm.cl\/?p=36900&#038;t=Realizan%20exitosos%20Gobiernos%20en%20Terreno%20en%20sectores%20rurales%20de%20Chile%20Chico' aria-hidden='false' data-av_icon='\ue8f3' data-av_iconfont='entypo-fontello' title='' data-avia-related-tooltip='Compartir en Facebook' rel=\"noopener\"><span class='avia_hidden_link_text'>Compartir en Facebook<\/span><\/a><\/li><li class='av-share-link av-social-link-twitter' ><a target=\"_blank\" aria-label=\"Compartir en Twitter\" href='https:\/\/twitter.com\/share?text=Realizan%20exitosos%20Gobiernos%20en%20Terreno%20en%20sectores%20rurales%20de%20Chile%20Chico&#038;url=https:\/\/radiorevelacionfm.cl\/?p=36900' aria-hidden='false' data-av_icon='\ue8f1' data-av_iconfont='entypo-fontello' title='' data-avia-related-tooltip='Compartir en Twitter' rel=\"noopener\"><span class='avia_hidden_link_text'>Compartir en Twitter<\/span><\/a><\/li><li class='av-share-link av-social-link-whatsapp' ><a target=\"_blank\" aria-label=\"Compartir en Whatsapp\" href='https:\/\/api.whatsapp.com\/send?text=https:\/\/radiorevelacionfm.cl\/?p=36900' aria-hidden='false' data-av_icon='\uf232' data-av_iconfont='entypo-fontello' title='' data-avia-related-tooltip='Compartir en Whatsapp' rel=\"noopener\"><span class='avia_hidden_link_text'>Compartir en Whatsapp<\/span><\/a><\/li><li class='av-share-link av-social-link-linkedin' ><a target=\"_blank\" aria-label=\"Compartir en LinkedIn\" href='https:\/\/linkedin.com\/shareArticle?mini=true&#038;title=Realizan%20exitosos%20Gobiernos%20en%20Terreno%20en%20sectores%20rurales%20de%20Chile%20Chico&#038;url=https:\/\/radiorevelacionfm.cl\/?p=36900' aria-hidden='false' data-av_icon='\ue8fc' data-av_iconfont='entypo-fontello' title='' data-avia-related-tooltip='Compartir en LinkedIn' rel=\"noopener\"><span class='avia_hidden_link_text'>Compartir en LinkedIn<\/span><\/a><\/li><li class='av-share-link av-social-link-mail' ><a  aria-label=\"Compartir por correo\" href='mailto:?subject=Realizan%20exitosos%20Gobiernos%20en%20Terreno%20en%20sectores%20rurales%20de%20Chile%20Chico&#038;body=https:\/\/radiorevelacionfm.cl\/?p=36900' aria-hidden='false' data-av_icon='\ue805' data-av_iconfont='entypo-fontello' title='' data-avia-related-tooltip='Compartir por correo'><span class='avia_hidden_link_text'>Compartir por correo<\/span><\/a><\/li><\/ul><\/div><\/div>\n<div  style='height:50px' class='hr hr-invisible   avia-builder-el-8  el_after_av_social_share  el_before_av_comments_list '><span class='hr-inner ' ><span class='hr-inner-style'><\/span><\/span><\/div>\n<div  class='av-buildercomment  av-blog-meta-html-info-disabled av-blog-meta-tag-disabled  '><\/div>\n","protected":false},"excerpt":{"rendered":"","protected":false},"author":1,"featured_media":36901,"comment_status":"open","ping_status":"open","sticky":false,"template":"","format":"standard","meta":{"footnotes":""},"categories":[38],"tags":[],"class_list":["post-36900","post","type-post","status-publish","format-standard","has-post-thumbnail","hentry","category-regional"],"jetpack_featured_media_url":"https:\/\/radiorevelacionfm.cl\/wp-content\/uploads\/2023\/11\/get-28-1_optimized-1.jpg","_links":{"self":[{"href":"https:\/\/radiorevelacionfm.cl\/index.php?rest_route=\/wp\/v2\/posts\/36900","targetHints":{"allow":["GET"]}}],"collection":[{"href":"https:\/\/radiorevelacionfm.cl\/index.php?rest_route=\/wp\/v2\/posts"}],"about":[{"href":"https:\/\/radiorevelacionfm.cl\/index.php?rest_route=\/wp\/v2\/types\/post"}],"author":[{"embeddable":true,"href":"https:\/\/radiorevelacionfm.cl\/index.php?rest_route=\/wp\/v2\/users\/1"}],"replies":[{"embeddable":true,"href":"https:\/\/radiorevelacionfm.cl\/index.php?rest_route=%2Fwp%2Fv2%2Fcomments&post=36900"}],"version-history":[{"count":1,"href":"https:\/\/radiorevelacionfm.cl\/index.php?rest_route=\/wp\/v2\/posts\/36900\/revisions"}],"predecessor-version":[{"id":36902,"href":"https:\/\/radiorevelacionfm.cl\/index.php?rest_route=\/wp\/v2\/posts\/36900\/revisions\/36902"}],"wp:featuredmedia":[{"embeddable":true,"href":"https:\/\/radiorevelacionfm.cl\/index.php?rest_route=\/wp\/v2\/media\/36901"}],"wp:attachment":[{"href":"https:\/\/radiorevelacionfm.cl\/index.php?rest_route=%2Fwp%2Fv2%2Fmedia&parent=36900"}],"wp:term":[{"taxonomy":"category","embeddable":true,"href":"https:\/\/radiorevelacionfm.cl\/index.php?rest_route=%2Fwp%2Fv2%2Fcategories&post=36900"},{"taxonomy":"post_tag","embeddable":true,"href":"https:\/\/radiorevelacionfm.cl\/index.php?rest_route=%2Fwp%2Fv2%2Ftags&post=36900"}],"curies":[{"name":"wp","href":"https:\/\/api.w.org\/{rel}","templated":true}]}}