{"id":36897,"date":"2023-11-14T09:43:04","date_gmt":"2023-11-14T12:43:04","guid":{"rendered":"https:\/\/radiorevelacionfm.cl\/?p=36897"},"modified":"2023-11-14T09:43:04","modified_gmt":"2023-11-14T12:43:04","slug":"15-de-noviembre-se-realizara-en-coyhaique-seminario-internacional-procesos-de-remocion-y-aluvionales-en-cuencas-de-montana-experiencias-y-perspectivas-en-el-sur-de-chile-y-europa","status":"publish","type":"post","link":"https:\/\/radiorevelacionfm.cl\/?p=36897","title":{"rendered":"15 de noviembre se realizar\u00e1 en Coyhaique Seminario Internacional: \u201cProcesos de remoci\u00f3n y aluvionales en cuencas de monta\u00f1a. Experiencias y perspectivas en el Sur de Chile y Europa\u201d"},"content":{"rendered":"<div class=\"flex_column av_one_full  flex_column_div av-zero-column-padding first  avia-builder-el-0  el_before_av_one_full  avia-builder-el-first  \" style='border-radius:0px; '><div  class='avia-image-container  av-styling-    avia-builder-el-1  avia-builder-el-no-sibling  avia-align-center '  itemprop=\"image\" itemscope=\"itemscope\" itemtype=\"https:\/\/schema.org\/ImageObject\"  ><div class='avia-image-container-inner'><div class='avia-image-overlay-wrap'><img decoding=\"async\" class='wp-image-36898 avia-img-lazy-loading-not-36898 avia_image' src=\"https:\/\/radiorevelacionfm.cl\/wp-content\/uploads\/2023\/11\/santa-lucia2-1-1_optimized-1_optimized-1.jpg\" alt='' title='santa-luc\u00eda2-(1)-(1)_optimized-(1)_optimized (1)' height=\"600\" width=\"896\"  itemprop=\"thumbnailUrl\" srcset=\"https:\/\/radiorevelacionfm.cl\/wp-content\/uploads\/2023\/11\/santa-lucia2-1-1_optimized-1_optimized-1.jpg 896w, https:\/\/radiorevelacionfm.cl\/wp-content\/uploads\/2023\/11\/santa-lucia2-1-1_optimized-1_optimized-1-300x201.jpg 300w, https:\/\/radiorevelacionfm.cl\/wp-content\/uploads\/2023\/11\/santa-lucia2-1-1_optimized-1_optimized-1-768x514.jpg 768w, https:\/\/radiorevelacionfm.cl\/wp-content\/uploads\/2023\/11\/santa-lucia2-1-1_optimized-1_optimized-1-705x472.jpg 705w, https:\/\/radiorevelacionfm.cl\/wp-content\/uploads\/2023\/11\/santa-lucia2-1-1_optimized-1_optimized-1-450x301.jpg 450w, https:\/\/radiorevelacionfm.cl\/wp-content\/uploads\/2023\/11\/santa-lucia2-1-1_optimized-1_optimized-1-600x402.jpg 600w\" sizes=\"(max-width: 896px) 100vw, 896px\" \/><\/div><\/div><\/div><\/div><div class=\"flex_column av_one_full  flex_column_div av-zero-column-padding first  avia-builder-el-2  el_after_av_one_full  el_before_av_one_full  column-top-margin\" style='border-radius:0px; '><section class=\"av_textblock_section \"  itemscope=\"itemscope\" itemtype=\"https:\/\/schema.org\/BlogPosting\" itemprop=\"blogPost\" ><div class='avia_textblock  '   itemprop=\"text\" ><p style=\"text-align: center;\"><strong><span style=\"font-size: 18pt;\">15 de noviembre se realizar\u00e1 en Coyhaique Seminario Internacional: \u201cProcesos de remoci\u00f3n y aluvionales en cuencas de monta\u00f1a. Experiencias y perspectivas en el Sur de Chile y Europa\u201d<\/span><\/strong><\/p>\n<div id=\"gtx-trans\" style=\"position: absolute; left: -50px; top: 4.31534px;\">\n<div class=\"gtx-trans-icon\"><\/div>\n<\/div>\n<\/div><\/section><\/div><div class=\"flex_column av_one_full  flex_column_div av-zero-column-padding first  avia-builder-el-4  el_after_av_one_full  el_before_av_hr  column-top-margin\" style='border-radius:0px; '><section class=\"av_textblock_section \"  itemscope=\"itemscope\" itemtype=\"https:\/\/schema.org\/BlogPosting\" itemprop=\"blogPost\" ><div class='avia_textblock  '   itemprop=\"text\" ><p style=\"text-align: justify;\">El Secretario Regional Ministerial de Obras P\u00fablicas, Patricio Sanhueza Ulloa, inform\u00f3 que este 15 de noviembre, en el auditorio Augusto Grosse del Ministerio de Obras P\u00fablicas, se realizar\u00e1 el Seminario Internacional \u201cProcesos de Remoci\u00f3n y Aluvionales en Cuencas de Monta\u00f1a. Experiencias y perspectivas en el sur de Chile y Europa\u201d.<\/p>\n<p style=\"text-align: justify;\">Este Seminario se realizar\u00e1 por primera vez en la regi\u00f3n de Ays\u00e9n, es liderado por el Ministerio de Obras P\u00fablicas, y convoca a diversos profesionales del \u00e1rea para conversar entorno a los procesos aluvionales y de remoci\u00f3n en masa en cuencas de monta\u00f1a los que son gatillados por diversos factores, entre los que se destacan los originados por sismos, erupciones volc\u00e1nicas, y por eventos meteorol\u00f3gicos extremos, en un escenario de cambio clim\u00e1tico donde se pronostica que estos eventos meteorol\u00f3gicos ser\u00e1n m\u00e1s frecuentes e intensos en la macrozona sur de Chile, y en particular en la regi\u00f3n de Ays\u00e9n.<\/p>\n<p style=\"text-align: justify;\">Al respecto, el SEREMI del MOP destac\u00f3 \u201cTodos los a\u00f1os tenemos que convivir con una geograf\u00eda monta\u00f1osa y con fen\u00f3menos de este tipo como remociones en masa, rodados, aluviones, entre otros por lo tanto, con este Seminario Internacional pretendemos que conversen e intercambien experiencias investigaciones, t\u00e9cnicos, cient\u00edficos Chilenos y Extranjeros con el objetivo de poder contar con mayores herramientas para la toma de decisiones frente a fen\u00f3menos naturales complejos. Queremos que esta iniciativa sirva de encuentro para la ciencia y para exponer la nueva tecnolog\u00eda que se est\u00e1 estudiando con el objeto de que se conozca en forma transversal, para aprender de ella y poder utilizarla, \u00a0y para seguir avanzando en mapas de riesgo, estudios y an\u00e1lisis que\u00a0 nos permitan predecir en forma m\u00e1s exacta este tipo de eventos y poder generar alertas oportunas. Nosotros como gobierno a trav\u00e9s de nuestro Ministerio de Obras P\u00fablicas estamos convencidos que el camino para enfrentar estos eventos son la ciencia y la t\u00e9cnica, por eso estamos impulsando fuertemente la participaci\u00f3n en estas tem\u00e1ticas desde su origen con el dise\u00f1o hasta la operaci\u00f3n, porque nos afecta en ambos \u00e1mbitos de trabajo\u201d.<\/p>\n<p style=\"text-align: justify;\">Esta actividad estar\u00e1 abierta a toda la comunidad y se transmitir\u00e1 v\u00eda Zoom\u00a0en el link: <a href=\"https:\/\/uach-cl.zoom.us\/j\/6815823048?pwd=STI2ZU9wSVJtRTRHSTBKbGFjK2tYUT09\">https:\/\/uach-cl.zoom.us\/j\/6815823048?pwd=STI2ZU9wSVJtRTRHSTBKbGFjK2tYUT09<\/a> ID de reuni\u00f3n: 681 582 3048 C\u00f3digo de acceso: 758631. Entre los expertos que participar\u00e1n destacan el DR. Galo Valdebenito Montenegro, DR. Ram\u00f3n Batalla quien expondr\u00e1 \u201cDin\u00e1mica Torrencial en Abanicos Aluviales: El caso de La Riada Catastr\u00f3fica de Biescas (Pirineo Central); DR. Andrea Andreoli quien\u00a0 expondr\u00e1 la tem\u00e1tica: \u201cDesarrollos Cient\u00edficos en el Monitoreo de Procesos Aluviales y de Deslizamientos para Mitigar los Riesgos Asociados en Cuencas de Monta\u00f1a\u201d; el DR. Andr\u00e9s Iroum\u00e9 quien presentar\u00e1 la ponencia \u201cAvenidas Torrenciales y Madera de gran tama\u00f1o: Din\u00e1mica, Amenazas, Monitoreo, Reducci\u00f3n del Riesgo\u201d; el funcionario de la Direcci\u00f3n General de Aguas del MOP en la regi\u00f3n de Ays\u00e9n Ingeniero Civil Jorge O\u00b4Kuinghttons Villena expondr\u00e1 acerca del <strong>\u201c<\/strong>Uso de Im\u00e1genes Satelitales en el An\u00e1lisis de Eventos Extremos en la Regi\u00f3n de Ays\u00e9n-Chile\u201d; el DR. Alejandro Dussaillant informar\u00e1 acerca del \u201cSistema Innovativo para el Monitoreo Costo-Efectivo en Tiempo Cuasi-Real de Crecidas Repentinas y Aluviones: Lecciones de su Aplicaci\u00f3n en Atacama, Maipo y Patagonia, Chile\u201d; la DRA. Virginia V\u00e1squez presentar\u00e1 la ponencia: \u201cCrisis Clim\u00e1tica, Impactos y Transformaci\u00f3n de los Entornos Humanos y Construidos en Paisajes de Cuencas\u201d; el expositor Diego Ibaceta presentar\u00e1 la ponencia: \u00abSistemas de Protecci\u00f3n Contra Flujos de Detritos\u201c, y Andrea Aguilar S\u00e1nchez en esta oportunidad expondr\u00e1 acerca de los \u201cDiferentes Eventos de Remociones en Masa en la Regi\u00f3n de Ays\u00e9n, Chile\u201d.<\/p>\n<p style=\"text-align: justify;\">Posteriormente, \u201clos expositores y equipos t\u00e9cnicos se trasladar\u00e1n a cuatro sectores entre las ciudades de Coyhaique y Puerto Ays\u00e9n en donde hemos tenido remociones en masa y afectaci\u00f3n de la infraestructura p\u00fablica, con el fin de describir la g\u00e9nesis y acciones realizadas para solucionar estos eventos propios de la naturaleza que han afectado la infraestructura p\u00fablica\u201d, concluy\u00f3 Patricio Sanhueza.<\/p>\n<\/div><\/section><\/div><div  style='height:50px' class='hr hr-invisible   avia-builder-el-6  el_after_av_one_full  el_before_av_social_share '><span class='hr-inner ' ><span class='hr-inner-style'><\/span><\/span><\/div><\/p>\n<div  class='av-social-sharing-box  avia-builder-el-7  el_after_av_hr  el_before_av_hr  '><div class='av-share-box'><h5 class='av-share-link-description av-no-toc '>Compartir esta noticia<\/h5><ul class='av-share-box-list noLightbox'><li class='av-share-link av-social-link-facebook' ><a target=\"_blank\" aria-label=\"Compartir en Facebook\" href='https:\/\/www.facebook.com\/sharer.php?u=https:\/\/radiorevelacionfm.cl\/?p=36897&#038;t=15%20de%20noviembre%20se%20realizar%C3%A1%20en%20Coyhaique%20Seminario%20Internacional%3A%20%E2%80%9CProcesos%20de%20remoci%C3%B3n%20y%20aluvionales%20en%20cuencas%20de%20monta%C3%B1a.%20Experiencias%20y%20perspectivas%20en%20el%20Sur%20de%20Chile%20y%20Europa%E2%80%9D' aria-hidden='false' data-av_icon='\ue8f3' data-av_iconfont='entypo-fontello' title='' data-avia-related-tooltip='Compartir en Facebook' rel=\"noopener\"><span class='avia_hidden_link_text'>Compartir en Facebook<\/span><\/a><\/li><li class='av-share-link av-social-link-twitter' ><a target=\"_blank\" aria-label=\"Compartir en Twitter\" href='https:\/\/twitter.com\/share?text=15%20de%20noviembre%20se%20realizar%C3%A1%20en%20Coyhaique%20Seminario%20Internacional%3A%20%E2%80%9CProcesos%20de%20remoci%C3%B3n%20y%20aluvionales%20en%20cuencas%20de%20monta%C3%B1a.%20Experiencias%20y%20perspectivas%20en%20el%20Sur%20de%20Chile%20y%20Europa%E2%80%9D&#038;url=https:\/\/radiorevelacionfm.cl\/?p=36897' aria-hidden='false' data-av_icon='\ue8f1' data-av_iconfont='entypo-fontello' title='' data-avia-related-tooltip='Compartir en Twitter' rel=\"noopener\"><span class='avia_hidden_link_text'>Compartir en Twitter<\/span><\/a><\/li><li class='av-share-link av-social-link-whatsapp' ><a target=\"_blank\" aria-label=\"Compartir en Whatsapp\" href='https:\/\/api.whatsapp.com\/send?text=https:\/\/radiorevelacionfm.cl\/?p=36897' aria-hidden='false' data-av_icon='\uf232' data-av_iconfont='entypo-fontello' title='' data-avia-related-tooltip='Compartir en Whatsapp' rel=\"noopener\"><span class='avia_hidden_link_text'>Compartir en Whatsapp<\/span><\/a><\/li><li class='av-share-link av-social-link-linkedin' ><a target=\"_blank\" aria-label=\"Compartir en LinkedIn\" href='https:\/\/linkedin.com\/shareArticle?mini=true&#038;title=15%20de%20noviembre%20se%20realizar%C3%A1%20en%20Coyhaique%20Seminario%20Internacional%3A%20%E2%80%9CProcesos%20de%20remoci%C3%B3n%20y%20aluvionales%20en%20cuencas%20de%20monta%C3%B1a.%20Experiencias%20y%20perspectivas%20en%20el%20Sur%20de%20Chile%20y%20Europa%E2%80%9D&#038;url=https:\/\/radiorevelacionfm.cl\/?p=36897' aria-hidden='false' data-av_icon='\ue8fc' data-av_iconfont='entypo-fontello' title='' data-avia-related-tooltip='Compartir en LinkedIn' rel=\"noopener\"><span class='avia_hidden_link_text'>Compartir en LinkedIn<\/span><\/a><\/li><li class='av-share-link av-social-link-mail' ><a  aria-label=\"Compartir por correo\" href='mailto:?subject=15%20de%20noviembre%20se%20realizar%C3%A1%20en%20Coyhaique%20Seminario%20Internacional%3A%20%E2%80%9CProcesos%20de%20remoci%C3%B3n%20y%20aluvionales%20en%20cuencas%20de%20monta%C3%B1a.%20Experiencias%20y%20perspectivas%20en%20el%20Sur%20de%20Chile%20y%20Europa%E2%80%9D&#038;body=https:\/\/radiorevelacionfm.cl\/?p=36897' aria-hidden='false' data-av_icon='\ue805' data-av_iconfont='entypo-fontello' title='' data-avia-related-tooltip='Compartir por correo'><span class='avia_hidden_link_text'>Compartir por correo<\/span><\/a><\/li><\/ul><\/div><\/div>\n<div  style='height:50px' class='hr hr-invisible   avia-builder-el-8  el_after_av_social_share  el_before_av_comments_list '><span class='hr-inner ' ><span class='hr-inner-style'><\/span><\/span><\/div>\n<div  class='av-buildercomment  av-blog-meta-html-info-disabled av-blog-meta-tag-disabled  '><\/div>\n","protected":false},"excerpt":{"rendered":"","protected":false},"author":1,"featured_media":36898,"comment_status":"open","ping_status":"open","sticky":false,"template":"","format":"standard","meta":{"footnotes":""},"categories":[38],"tags":[],"class_list":["post-36897","post","type-post","status-publish","format-standard","has-post-thumbnail","hentry","category-regional"],"jetpack_featured_media_url":"https:\/\/radiorevelacionfm.cl\/wp-content\/uploads\/2023\/11\/santa-lucia2-1-1_optimized-1_optimized-1.jpg","_links":{"self":[{"href":"https:\/\/radiorevelacionfm.cl\/index.php?rest_route=\/wp\/v2\/posts\/36897","targetHints":{"allow":["GET"]}}],"collection":[{"href":"https:\/\/radiorevelacionfm.cl\/index.php?rest_route=\/wp\/v2\/posts"}],"about":[{"href":"https:\/\/radiorevelacionfm.cl\/index.php?rest_route=\/wp\/v2\/types\/post"}],"author":[{"embeddable":true,"href":"https:\/\/radiorevelacionfm.cl\/index.php?rest_route=\/wp\/v2\/users\/1"}],"replies":[{"embeddable":true,"href":"https:\/\/radiorevelacionfm.cl\/index.php?rest_route=%2Fwp%2Fv2%2Fcomments&post=36897"}],"version-history":[{"count":1,"href":"https:\/\/radiorevelacionfm.cl\/index.php?rest_route=\/wp\/v2\/posts\/36897\/revisions"}],"predecessor-version":[{"id":36899,"href":"https:\/\/radiorevelacionfm.cl\/index.php?rest_route=\/wp\/v2\/posts\/36897\/revisions\/36899"}],"wp:featuredmedia":[{"embeddable":true,"href":"https:\/\/radiorevelacionfm.cl\/index.php?rest_route=\/wp\/v2\/media\/36898"}],"wp:attachment":[{"href":"https:\/\/radiorevelacionfm.cl\/index.php?rest_route=%2Fwp%2Fv2%2Fmedia&parent=36897"}],"wp:term":[{"taxonomy":"category","embeddable":true,"href":"https:\/\/radiorevelacionfm.cl\/index.php?rest_route=%2Fwp%2Fv2%2Fcategories&post=36897"},{"taxonomy":"post_tag","embeddable":true,"href":"https:\/\/radiorevelacionfm.cl\/index.php?rest_route=%2Fwp%2Fv2%2Ftags&post=36897"}],"curies":[{"name":"wp","href":"https:\/\/api.w.org\/{rel}","templated":true}]}}