{"id":36894,"date":"2023-11-14T13:20:10","date_gmt":"2023-11-14T16:20:10","guid":{"rendered":"https:\/\/radiorevelacionfm.cl\/?p=36894"},"modified":"2023-11-14T13:20:10","modified_gmt":"2023-11-14T16:20:10","slug":"diputado-calisto-advierte-si-no-hay-un-aumento-real-al-bono-de-calefaccion-vamos-a-votar-en-contra-las-distintas-partidas-del-presupuesto","status":"publish","type":"post","link":"https:\/\/radiorevelacionfm.cl\/?p=36894","title":{"rendered":"Diputado Calisto advierte: \u201cSi no hay un aumento real al bono de calefacci\u00f3n, vamos a votar en contra las distintas partidas del presupuesto\u201d"},"content":{"rendered":"<div class=\"flex_column av_one_full  flex_column_div av-zero-column-padding first  avia-builder-el-0  el_before_av_one_full  avia-builder-el-first  \" style='border-radius:0px; '><div  class='avia-image-container  av-styling-    avia-builder-el-1  avia-builder-el-no-sibling  avia-align-center '  itemprop=\"image\" itemscope=\"itemscope\" itemtype=\"https:\/\/schema.org\/ImageObject\"  ><div class='avia-image-container-inner'><div class='avia-image-overlay-wrap'><img decoding=\"async\" class='wp-image-36895 avia-img-lazy-loading-not-36895 avia_image' src=\"https:\/\/radiorevelacionfm.cl\/wp-content\/uploads\/2023\/11\/calisto-foto-congreso-1_optimized.jpeg\" alt='' title='calisto-foto-congreso-(1)_optimized' height=\"600\" width=\"900\"  itemprop=\"thumbnailUrl\" srcset=\"https:\/\/radiorevelacionfm.cl\/wp-content\/uploads\/2023\/11\/calisto-foto-congreso-1_optimized.jpeg 900w, https:\/\/radiorevelacionfm.cl\/wp-content\/uploads\/2023\/11\/calisto-foto-congreso-1_optimized-300x200.jpeg 300w, https:\/\/radiorevelacionfm.cl\/wp-content\/uploads\/2023\/11\/calisto-foto-congreso-1_optimized-768x512.jpeg 768w, https:\/\/radiorevelacionfm.cl\/wp-content\/uploads\/2023\/11\/calisto-foto-congreso-1_optimized-705x470.jpeg 705w, https:\/\/radiorevelacionfm.cl\/wp-content\/uploads\/2023\/11\/calisto-foto-congreso-1_optimized-450x300.jpeg 450w, https:\/\/radiorevelacionfm.cl\/wp-content\/uploads\/2023\/11\/calisto-foto-congreso-1_optimized-600x400.jpeg 600w\" sizes=\"(max-width: 900px) 100vw, 900px\" \/><\/div><\/div><\/div><\/div><div class=\"flex_column av_one_full  flex_column_div av-zero-column-padding first  avia-builder-el-2  el_after_av_one_full  el_before_av_one_full  column-top-margin\" style='border-radius:0px; '><section class=\"av_textblock_section \"  itemscope=\"itemscope\" itemtype=\"https:\/\/schema.org\/BlogPosting\" itemprop=\"blogPost\" ><div class='avia_textblock  '   itemprop=\"text\" ><p style=\"text-align: center;\"><span style=\"font-size: 18pt;\"><b>Diputado Calisto advierte: \u201cSi no hay un aumento real al bono de calefacci\u00f3n, vamos a votar en contra las distintas partidas del presupuesto\u201d<\/b><\/span><\/p>\n<div id=\"gtx-trans\" style=\"position: absolute; left: -50px; top: 4.31534px;\">\n<div class=\"gtx-trans-icon\"><\/div>\n<\/div>\n<\/div><\/section><\/div><div class=\"flex_column av_one_full  flex_column_div av-zero-column-padding first  avia-builder-el-4  el_after_av_one_full  el_before_av_hr  column-top-margin\" style='border-radius:0px; '><section class=\"av_textblock_section \"  itemscope=\"itemscope\" itemtype=\"https:\/\/schema.org\/BlogPosting\" itemprop=\"blogPost\" ><div class='avia_textblock  '   itemprop=\"text\" ><p style=\"font-weight: 400; text-align: justify;\">En el marco del inicio de la discusi\u00f3n en la sala de la C\u00e1mara de la Ley de Presupuesto 2024, el diputado Miguel \u00c1ngel Calisto anunci\u00f3 el voto en contra de las distintas partidas si el Gobierno no aumenta el monto del bono de calefacci\u00f3n, adem\u00e1s de realizar una dura cr\u00edtica a la gesti\u00f3n del ejecutivo en la regi\u00f3n de Ays\u00e9n.<\/p>\n<p style=\"font-weight: 400; text-align: justify;\">Seg\u00fan el diputado Calisto, \u201cyo espero que el Gobierno en esta discusi\u00f3n de ley de presupuestos durante esta semana, entregue herramientas para las zonas extremas, para las zonas alejadas. Magallanes tiene un subsidio de calefacci\u00f3n de 54 mil millones de pesos, el 80% del FNDR de Ays\u00e9n. \u00a0Si lo dividimos por la cantidad de habitantes, son cerca de 300 mil pesos per c\u00e1pita. En Ays\u00e9n, este beneficio es de 100 mil pesos per c\u00e1pita\u201d.<\/p>\n<p style=\"font-weight: 400; text-align: justify;\">\u201cYo le pregunto al Gobierno central, \u00bfc\u00f3mo hace esa medici\u00f3n? \u00bfpor qu\u00e9 discrimina a dos regiones hermanas que tienen condiciones similares? Me imagino que no es porque el Presidente de la Rep\u00fablica es de Magallanes. Espero que esta discriminaci\u00f3n no se d\u00e9, entendiendo que tenemos los mismos problemas\u201d, indic\u00f3.<\/p>\n<p style=\"font-weight: 400; text-align: justify;\">Calisto agreg\u00f3 que \u201csi no hay un aumento real al bono de calefacci\u00f3n, vamos a votar en contra las distintas partidas del presupuesto\u201d.<\/p>\n<p style=\"font-weight: 400; text-align: justify;\">\u00a0<strong>Cr\u00edticas a la gesti\u00f3n del Gobierno<\/strong><\/p>\n<p style=\"font-weight: 400; text-align: justify;\">El legislador agreg\u00f3 que \u201cestamos frente a un Gobierno bien intencionado, pero que no resuelve. Esta es una situaci\u00f3n que lamentablemente la vemos en todos los sectores. Cuando levantamos reclamos que son propios de los territorios, pareciera ser que s\u00f3lo nos centramos en los discursos grandilocuentes de la Zona Central, cifras m\u00e1s y cifras menos, pero que no llegan a los territorios\u201d.<\/p>\n<p style=\"font-weight: 400; text-align: justify;\">Finalmente, el diputado Miguel \u00c1ngel Calisto asegur\u00f3 que \u201chay un problema grave respecto de la sincron\u00eda entre los delegados presidenciales y los Gobernadores Regionales. Claramente el gobierno sectorial no funciona, si los Seremis no ejecutan, no pasa nada, siguen en su cargo. Esto no pasa en el sector privado. En las regiones, tenemos Seremis que no funcionan, pero como son operadores pol\u00edticos de determinados partidos, ah\u00ed est\u00e1n sin que nadie los cuestione\u201d.<\/p>\n<\/div><\/section><\/div><div  style='height:50px' class='hr hr-invisible   avia-builder-el-6  el_after_av_one_full  el_before_av_social_share '><span class='hr-inner ' ><span class='hr-inner-style'><\/span><\/span><\/div><\/p>\n<div  class='av-social-sharing-box  avia-builder-el-7  el_after_av_hr  el_before_av_hr  '><div class='av-share-box'><h5 class='av-share-link-description av-no-toc '>Compartir esta noticia<\/h5><ul class='av-share-box-list noLightbox'><li class='av-share-link av-social-link-facebook' ><a target=\"_blank\" aria-label=\"Compartir en Facebook\" href='https:\/\/www.facebook.com\/sharer.php?u=https:\/\/radiorevelacionfm.cl\/?p=36894&#038;t=Diputado%20Calisto%20advierte%3A%20%E2%80%9CSi%20no%20hay%20un%20aumento%20real%20al%20bono%20de%20calefacci%C3%B3n%2C%20vamos%20a%20votar%20en%20contra%20las%20distintas%20partidas%20del%20presupuesto%E2%80%9D' aria-hidden='false' data-av_icon='\ue8f3' data-av_iconfont='entypo-fontello' title='' data-avia-related-tooltip='Compartir en Facebook' rel=\"noopener\"><span class='avia_hidden_link_text'>Compartir en Facebook<\/span><\/a><\/li><li class='av-share-link av-social-link-twitter' ><a target=\"_blank\" aria-label=\"Compartir en Twitter\" href='https:\/\/twitter.com\/share?text=Diputado%20Calisto%20advierte%3A%20%E2%80%9CSi%20no%20hay%20un%20aumento%20real%20al%20bono%20de%20calefacci%C3%B3n%2C%20vamos%20a%20votar%20en%20contra%20las%20distintas%20partidas%20del%20presupuesto%E2%80%9D&#038;url=https:\/\/radiorevelacionfm.cl\/?p=36894' aria-hidden='false' data-av_icon='\ue8f1' data-av_iconfont='entypo-fontello' title='' data-avia-related-tooltip='Compartir en Twitter' rel=\"noopener\"><span class='avia_hidden_link_text'>Compartir en Twitter<\/span><\/a><\/li><li class='av-share-link av-social-link-whatsapp' ><a target=\"_blank\" aria-label=\"Compartir en Whatsapp\" href='https:\/\/api.whatsapp.com\/send?text=https:\/\/radiorevelacionfm.cl\/?p=36894' aria-hidden='false' data-av_icon='\uf232' data-av_iconfont='entypo-fontello' title='' data-avia-related-tooltip='Compartir en Whatsapp' rel=\"noopener\"><span class='avia_hidden_link_text'>Compartir en Whatsapp<\/span><\/a><\/li><li class='av-share-link av-social-link-linkedin' ><a target=\"_blank\" aria-label=\"Compartir en LinkedIn\" href='https:\/\/linkedin.com\/shareArticle?mini=true&#038;title=Diputado%20Calisto%20advierte%3A%20%E2%80%9CSi%20no%20hay%20un%20aumento%20real%20al%20bono%20de%20calefacci%C3%B3n%2C%20vamos%20a%20votar%20en%20contra%20las%20distintas%20partidas%20del%20presupuesto%E2%80%9D&#038;url=https:\/\/radiorevelacionfm.cl\/?p=36894' aria-hidden='false' data-av_icon='\ue8fc' data-av_iconfont='entypo-fontello' title='' data-avia-related-tooltip='Compartir en LinkedIn' rel=\"noopener\"><span class='avia_hidden_link_text'>Compartir en LinkedIn<\/span><\/a><\/li><li class='av-share-link av-social-link-mail' ><a  aria-label=\"Compartir por correo\" href='mailto:?subject=Diputado%20Calisto%20advierte%3A%20%E2%80%9CSi%20no%20hay%20un%20aumento%20real%20al%20bono%20de%20calefacci%C3%B3n%2C%20vamos%20a%20votar%20en%20contra%20las%20distintas%20partidas%20del%20presupuesto%E2%80%9D&#038;body=https:\/\/radiorevelacionfm.cl\/?p=36894' aria-hidden='false' data-av_icon='\ue805' data-av_iconfont='entypo-fontello' title='' data-avia-related-tooltip='Compartir por correo'><span class='avia_hidden_link_text'>Compartir por correo<\/span><\/a><\/li><\/ul><\/div><\/div>\n<div  style='height:50px' class='hr hr-invisible   avia-builder-el-8  el_after_av_social_share  el_before_av_comments_list '><span class='hr-inner ' ><span class='hr-inner-style'><\/span><\/span><\/div>\n<div  class='av-buildercomment  av-blog-meta-html-info-disabled av-blog-meta-tag-disabled  '><\/div>\n","protected":false},"excerpt":{"rendered":"","protected":false},"author":1,"featured_media":36895,"comment_status":"open","ping_status":"open","sticky":false,"template":"","format":"standard","meta":{"footnotes":""},"categories":[35],"tags":[],"class_list":["post-36894","post","type-post","status-publish","format-standard","has-post-thumbnail","hentry","category-politica"],"jetpack_featured_media_url":"https:\/\/radiorevelacionfm.cl\/wp-content\/uploads\/2023\/11\/calisto-foto-congreso-1_optimized.jpeg","_links":{"self":[{"href":"https:\/\/radiorevelacionfm.cl\/index.php?rest_route=\/wp\/v2\/posts\/36894","targetHints":{"allow":["GET"]}}],"collection":[{"href":"https:\/\/radiorevelacionfm.cl\/index.php?rest_route=\/wp\/v2\/posts"}],"about":[{"href":"https:\/\/radiorevelacionfm.cl\/index.php?rest_route=\/wp\/v2\/types\/post"}],"author":[{"embeddable":true,"href":"https:\/\/radiorevelacionfm.cl\/index.php?rest_route=\/wp\/v2\/users\/1"}],"replies":[{"embeddable":true,"href":"https:\/\/radiorevelacionfm.cl\/index.php?rest_route=%2Fwp%2Fv2%2Fcomments&post=36894"}],"version-history":[{"count":1,"href":"https:\/\/radiorevelacionfm.cl\/index.php?rest_route=\/wp\/v2\/posts\/36894\/revisions"}],"predecessor-version":[{"id":36896,"href":"https:\/\/radiorevelacionfm.cl\/index.php?rest_route=\/wp\/v2\/posts\/36894\/revisions\/36896"}],"wp:featuredmedia":[{"embeddable":true,"href":"https:\/\/radiorevelacionfm.cl\/index.php?rest_route=\/wp\/v2\/media\/36895"}],"wp:attachment":[{"href":"https:\/\/radiorevelacionfm.cl\/index.php?rest_route=%2Fwp%2Fv2%2Fmedia&parent=36894"}],"wp:term":[{"taxonomy":"category","embeddable":true,"href":"https:\/\/radiorevelacionfm.cl\/index.php?rest_route=%2Fwp%2Fv2%2Fcategories&post=36894"},{"taxonomy":"post_tag","embeddable":true,"href":"https:\/\/radiorevelacionfm.cl\/index.php?rest_route=%2Fwp%2Fv2%2Ftags&post=36894"}],"curies":[{"name":"wp","href":"https:\/\/api.w.org\/{rel}","templated":true}]}}