{"id":36891,"date":"2023-11-15T10:39:53","date_gmt":"2023-11-15T13:39:53","guid":{"rendered":"https:\/\/radiorevelacionfm.cl\/?p=36891"},"modified":"2023-11-15T10:39:53","modified_gmt":"2023-11-15T13:39:53","slug":"inauguran-patio-de-entrenamiento-electrico-en-liceo-luisa-rabanal-palma-de-chile-chico","status":"publish","type":"post","link":"https:\/\/radiorevelacionfm.cl\/?p=36891","title":{"rendered":"Inauguran Patio de Entrenamiento El\u00e9ctrico en Liceo Luisa Rabanal Palma de Chile Chico"},"content":{"rendered":"<div class=\"flex_column av_one_full  flex_column_div av-zero-column-padding first  avia-builder-el-0  el_before_av_one_full  avia-builder-el-first  \" style='border-radius:0px; '><div  class='avia-image-container  av-styling-    avia-builder-el-1  avia-builder-el-no-sibling  avia-align-center '  itemprop=\"image\" itemscope=\"itemscope\" itemtype=\"https:\/\/schema.org\/ImageObject\"  ><div class='avia-image-container-inner'><div class='avia-image-overlay-wrap'><img decoding=\"async\" class='wp-image-36892 avia-img-lazy-loading-not-36892 avia_image' src=\"https:\/\/radiorevelacionfm.cl\/wp-content\/uploads\/2023\/11\/patio-de-entrenamiento-chch3-1_optimized.jpeg\" alt='' title='patio-de-entrenamiento-chch3-(1)_optimized' height=\"600\" width=\"800\"  itemprop=\"thumbnailUrl\" srcset=\"https:\/\/radiorevelacionfm.cl\/wp-content\/uploads\/2023\/11\/patio-de-entrenamiento-chch3-1_optimized.jpeg 800w, https:\/\/radiorevelacionfm.cl\/wp-content\/uploads\/2023\/11\/patio-de-entrenamiento-chch3-1_optimized-300x225.jpeg 300w, https:\/\/radiorevelacionfm.cl\/wp-content\/uploads\/2023\/11\/patio-de-entrenamiento-chch3-1_optimized-768x576.jpeg 768w, https:\/\/radiorevelacionfm.cl\/wp-content\/uploads\/2023\/11\/patio-de-entrenamiento-chch3-1_optimized-705x529.jpeg 705w, https:\/\/radiorevelacionfm.cl\/wp-content\/uploads\/2023\/11\/patio-de-entrenamiento-chch3-1_optimized-450x338.jpeg 450w, https:\/\/radiorevelacionfm.cl\/wp-content\/uploads\/2023\/11\/patio-de-entrenamiento-chch3-1_optimized-600x450.jpeg 600w\" sizes=\"(max-width: 800px) 100vw, 800px\" \/><\/div><\/div><\/div><\/div><div class=\"flex_column av_one_full  flex_column_div av-zero-column-padding first  avia-builder-el-2  el_after_av_one_full  el_before_av_one_full  column-top-margin\" style='border-radius:0px; '><section class=\"av_textblock_section \"  itemscope=\"itemscope\" itemtype=\"https:\/\/schema.org\/BlogPosting\" itemprop=\"blogPost\" ><div class='avia_textblock  '   itemprop=\"text\" ><p style=\"text-align: center;\"><strong><span style=\"font-size: 18pt;\">Inauguran Patio de Entrenamiento El\u00e9ctrico en Liceo Luisa Rabanal Palma de Chile Chico<\/span><\/strong><\/p>\n<div id=\"gtx-trans\" style=\"position: absolute; left: -50px; top: 4.31534px;\">\n<div class=\"gtx-trans-icon\"><\/div>\n<\/div>\n<\/div><\/section><\/div><div class=\"flex_column av_one_full  flex_column_div av-zero-column-padding first  avia-builder-el-4  el_after_av_one_full  el_before_av_hr  column-top-margin\" style='border-radius:0px; '><section class=\"av_textblock_section \"  itemscope=\"itemscope\" itemtype=\"https:\/\/schema.org\/BlogPosting\" itemprop=\"blogPost\" ><div class='avia_textblock  '   itemprop=\"text\" ><p style=\"text-align: justify;\">En un significativo acto, Edelaysen inaugur\u00f3 un patio de entrenamiento para alumnos de 3er y 4to a\u00f1o del liceo Luisa Rabanal Palma de la comuna de Chile Chico. Esta iniciativa, parte integral del programa \u201cLiceos El\u00e9ctricos\u201d de Grupo Saesa es consolidado como el segundo de su \u00edndole en la regi\u00f3n de Ays\u00e9n, como parte de un compromiso adquirido por la empresa durante el 2022 con el establecimiento y Municipio de Chile Chico.<\/p>\n<p style=\"text-align: justify;\">La construcci\u00f3n de este espacio de entrenamiento representa una inversi\u00f3n estrat\u00e9gica en la educaci\u00f3n t\u00e9cnico profesional la regi\u00f3n, el cual proporcionar\u00e1 a los estudiantes una experiencia pr\u00e1ctica que complemente su formaci\u00f3n acad\u00e9mica, permiti\u00e9ndoles aplicar conocimientos te\u00f3ricos y pr\u00e1cticos sobre las labores en l\u00edneas el\u00e9ctricas.<\/p>\n<p style=\"text-align: justify;\">Patricio Raimilla, jefe de Servicio al Cliente de Edelaysen, destac\u00f3 la importancia de esta iniciativa \u201cEn Edelaysen, reconocemos la importancia de invertir en la educaci\u00f3n t\u00e9cnico profesional como una forma de fortalecer a la pr\u00f3xima generaci\u00f3n de profesionales en el campo el\u00e9ctrico. Esta patio de entrenamiento es un paso significativo con el desarrollo sostenible de la regi\u00f3n\u201d.<\/p>\n<p style=\"text-align: justify;\">El evento realizado al interior del establecimiento y frente al imponente lago General Carrera, cont\u00f3 con la presencia del Delegado Presidencial Provincial Crist\u00f3bal Barcel\u00f3, Director del Establecimiento V\u00edctor Valko , representante del alcalde de Chile Chico Santos Sep\u00falveda, Concejal Ariel Keim, docentes y alumnos de la especialidad de electricidad, quienes presenciaron una demostraci\u00f3n por parte de nuestras brigadas especializadas sobre el trabajo que realizan nuestros linieros.<\/p>\n<p style=\"text-align: justify;\">Sobre la entrega de estas instalaciones, el director del establecimiento educacional V\u00edctor Valko destac\u00f3 \u201cSe suma una nueva alternativa de poder trabajar algo diferente lo que nosotros est\u00e1bamos trabajando en nuestro t\u00e9cnico profesional y creo que ah\u00ed radica la mayor importancia. Nosotros estamos, aparte agradecidos, estamos muy satisfechos porque, como te digo, agregamos una nueva oportunidad que espero es que se traduzca m\u00e1s adelante en oportunidades laborales para nuestros estudiantes\u201d.<\/p>\n<p style=\"text-align: justify;\">Santos Sep\u00falveda en representaci\u00f3n del alcalde de Chile Chico destac\u00f3 \u201cLa Municipalidad de Chile Chico y la comunidad, valoran enormemente el trabajo que ha hecho (Edelaysen) ac\u00e1 en el patio de entrenamiento y el aporte en tecnolog\u00eda y equipamiento que hacen para el t\u00e9cnico profesional de la comuna\u201d.<\/p>\n<p style=\"text-align: justify;\">Finalmente el delegado provincial de General Carrera agreg\u00f3 qu\u00e9 \u201cTrabajar con l\u00edneas y que puedan tener este respaldo de ustedes como empresa Edelaysen, es s\u00faper importante. Finalmente tambi\u00e9n van a ser una gran fuente y una oportunidad laboral para ellos en el futuro. Entonces hace mucho sentido que sean ustedes mismos tambi\u00e9n que puedan ir trabajando con ellos, que las puedan ir indicando c\u00f3mo funcionan estas l\u00edneas, c\u00f3mo funciona la red, cu\u00e1l es la red que tenemos en la regi\u00f3n, que puede ser un poco distinta incluso al resto del pa\u00eds\u201d.<\/p>\n<p style=\"text-align: justify;\">Con la iniciativa, Edelaysen reafirma su compromiso con el desarrollo educativo y tecnol\u00f3gico en la regi\u00f3n, contribuyendo al fortalecimiento de las habilidades y capacidades de los estudiantes de electricidad del Liceo Luisa Rabanal Palma, que hoy cuentan con este nuevo espacio de entrenamiento.<\/p>\n<\/div><\/section><\/div><div  style='height:50px' class='hr hr-invisible   avia-builder-el-6  el_after_av_one_full  el_before_av_social_share '><span class='hr-inner ' ><span class='hr-inner-style'><\/span><\/span><\/div><\/p>\n<div  class='av-social-sharing-box  avia-builder-el-7  el_after_av_hr  el_before_av_hr  '><div class='av-share-box'><h5 class='av-share-link-description av-no-toc '>Compartir esta noticia<\/h5><ul class='av-share-box-list noLightbox'><li class='av-share-link av-social-link-facebook' ><a target=\"_blank\" aria-label=\"Compartir en Facebook\" href='https:\/\/www.facebook.com\/sharer.php?u=https:\/\/radiorevelacionfm.cl\/?p=36891&#038;t=Inauguran%20Patio%20de%20Entrenamiento%20El%C3%A9ctrico%20en%20Liceo%20Luisa%20Rabanal%20Palma%20de%20Chile%20Chico' aria-hidden='false' data-av_icon='\ue8f3' data-av_iconfont='entypo-fontello' title='' data-avia-related-tooltip='Compartir en Facebook' rel=\"noopener\"><span class='avia_hidden_link_text'>Compartir en Facebook<\/span><\/a><\/li><li class='av-share-link av-social-link-twitter' ><a target=\"_blank\" aria-label=\"Compartir en Twitter\" href='https:\/\/twitter.com\/share?text=Inauguran%20Patio%20de%20Entrenamiento%20El%C3%A9ctrico%20en%20Liceo%20Luisa%20Rabanal%20Palma%20de%20Chile%20Chico&#038;url=https:\/\/radiorevelacionfm.cl\/?p=36891' aria-hidden='false' data-av_icon='\ue8f1' data-av_iconfont='entypo-fontello' title='' data-avia-related-tooltip='Compartir en Twitter' rel=\"noopener\"><span class='avia_hidden_link_text'>Compartir en Twitter<\/span><\/a><\/li><li class='av-share-link av-social-link-whatsapp' ><a target=\"_blank\" aria-label=\"Compartir en Whatsapp\" href='https:\/\/api.whatsapp.com\/send?text=https:\/\/radiorevelacionfm.cl\/?p=36891' aria-hidden='false' data-av_icon='\uf232' data-av_iconfont='entypo-fontello' title='' data-avia-related-tooltip='Compartir en Whatsapp' rel=\"noopener\"><span class='avia_hidden_link_text'>Compartir en Whatsapp<\/span><\/a><\/li><li class='av-share-link av-social-link-linkedin' ><a target=\"_blank\" aria-label=\"Compartir en LinkedIn\" href='https:\/\/linkedin.com\/shareArticle?mini=true&#038;title=Inauguran%20Patio%20de%20Entrenamiento%20El%C3%A9ctrico%20en%20Liceo%20Luisa%20Rabanal%20Palma%20de%20Chile%20Chico&#038;url=https:\/\/radiorevelacionfm.cl\/?p=36891' aria-hidden='false' data-av_icon='\ue8fc' data-av_iconfont='entypo-fontello' title='' data-avia-related-tooltip='Compartir en LinkedIn' rel=\"noopener\"><span class='avia_hidden_link_text'>Compartir en LinkedIn<\/span><\/a><\/li><li class='av-share-link av-social-link-mail' ><a  aria-label=\"Compartir por correo\" href='mailto:?subject=Inauguran%20Patio%20de%20Entrenamiento%20El%C3%A9ctrico%20en%20Liceo%20Luisa%20Rabanal%20Palma%20de%20Chile%20Chico&#038;body=https:\/\/radiorevelacionfm.cl\/?p=36891' aria-hidden='false' data-av_icon='\ue805' data-av_iconfont='entypo-fontello' title='' data-avia-related-tooltip='Compartir por correo'><span class='avia_hidden_link_text'>Compartir por correo<\/span><\/a><\/li><\/ul><\/div><\/div>\n<div  style='height:50px' class='hr hr-invisible   avia-builder-el-8  el_after_av_social_share  el_before_av_comments_list '><span class='hr-inner ' ><span class='hr-inner-style'><\/span><\/span><\/div>\n<div  class='av-buildercomment  av-blog-meta-html-info-disabled av-blog-meta-tag-disabled  '><\/div>\n","protected":false},"excerpt":{"rendered":"","protected":false},"author":1,"featured_media":36892,"comment_status":"open","ping_status":"open","sticky":false,"template":"","format":"standard","meta":{"footnotes":""},"categories":[38],"tags":[],"class_list":["post-36891","post","type-post","status-publish","format-standard","has-post-thumbnail","hentry","category-regional"],"jetpack_featured_media_url":"https:\/\/radiorevelacionfm.cl\/wp-content\/uploads\/2023\/11\/patio-de-entrenamiento-chch3-1_optimized.jpeg","_links":{"self":[{"href":"https:\/\/radiorevelacionfm.cl\/index.php?rest_route=\/wp\/v2\/posts\/36891","targetHints":{"allow":["GET"]}}],"collection":[{"href":"https:\/\/radiorevelacionfm.cl\/index.php?rest_route=\/wp\/v2\/posts"}],"about":[{"href":"https:\/\/radiorevelacionfm.cl\/index.php?rest_route=\/wp\/v2\/types\/post"}],"author":[{"embeddable":true,"href":"https:\/\/radiorevelacionfm.cl\/index.php?rest_route=\/wp\/v2\/users\/1"}],"replies":[{"embeddable":true,"href":"https:\/\/radiorevelacionfm.cl\/index.php?rest_route=%2Fwp%2Fv2%2Fcomments&post=36891"}],"version-history":[{"count":1,"href":"https:\/\/radiorevelacionfm.cl\/index.php?rest_route=\/wp\/v2\/posts\/36891\/revisions"}],"predecessor-version":[{"id":36893,"href":"https:\/\/radiorevelacionfm.cl\/index.php?rest_route=\/wp\/v2\/posts\/36891\/revisions\/36893"}],"wp:featuredmedia":[{"embeddable":true,"href":"https:\/\/radiorevelacionfm.cl\/index.php?rest_route=\/wp\/v2\/media\/36892"}],"wp:attachment":[{"href":"https:\/\/radiorevelacionfm.cl\/index.php?rest_route=%2Fwp%2Fv2%2Fmedia&parent=36891"}],"wp:term":[{"taxonomy":"category","embeddable":true,"href":"https:\/\/radiorevelacionfm.cl\/index.php?rest_route=%2Fwp%2Fv2%2Fcategories&post=36891"},{"taxonomy":"post_tag","embeddable":true,"href":"https:\/\/radiorevelacionfm.cl\/index.php?rest_route=%2Fwp%2Fv2%2Ftags&post=36891"}],"curies":[{"name":"wp","href":"https:\/\/api.w.org\/{rel}","templated":true}]}}