{"id":36888,"date":"2023-11-14T11:03:37","date_gmt":"2023-11-14T14:03:37","guid":{"rendered":"https:\/\/radiorevelacionfm.cl\/?p=36888"},"modified":"2023-11-14T11:03:37","modified_gmt":"2023-11-14T14:03:37","slug":"aysen-patagonia-fue-parte-del-festival-ladera-sur-mostrando-la-riqueza-turistica-de-la-region","status":"publish","type":"post","link":"https:\/\/radiorevelacionfm.cl\/?p=36888","title":{"rendered":"Ays\u00e9n Patagonia fue parte del Festival Ladera Sur mostrando la riqueza tur\u00edstica de la regi\u00f3n"},"content":{"rendered":"<div class=\"flex_column av_one_full  flex_column_div av-zero-column-padding first  avia-builder-el-0  el_before_av_one_full  avia-builder-el-first  \" style='border-radius:0px; '><div  class='avia-image-container  av-styling-    avia-builder-el-1  avia-builder-el-no-sibling  avia-align-center '  itemprop=\"image\" itemscope=\"itemscope\" itemtype=\"https:\/\/schema.org\/ImageObject\"  ><div class='avia-image-container-inner'><div class='avia-image-overlay-wrap'><img decoding=\"async\" class='wp-image-36889 avia-img-lazy-loading-not-36889 avia_image' src=\"https:\/\/radiorevelacionfm.cl\/wp-content\/uploads\/2023\/11\/01-inauguraciOn-chile-es-tuyo_optimized-1.jpg\" alt='' title='01-inauguraci\u00d3n-chile-es-tuyo_optimized (1)' height=\"680\" width=\"808\"  itemprop=\"thumbnailUrl\" srcset=\"https:\/\/radiorevelacionfm.cl\/wp-content\/uploads\/2023\/11\/01-inauguraciOn-chile-es-tuyo_optimized-1.jpg 808w, https:\/\/radiorevelacionfm.cl\/wp-content\/uploads\/2023\/11\/01-inauguraciOn-chile-es-tuyo_optimized-1-300x252.jpg 300w, https:\/\/radiorevelacionfm.cl\/wp-content\/uploads\/2023\/11\/01-inauguraciOn-chile-es-tuyo_optimized-1-768x646.jpg 768w, https:\/\/radiorevelacionfm.cl\/wp-content\/uploads\/2023\/11\/01-inauguraciOn-chile-es-tuyo_optimized-1-705x593.jpg 705w, https:\/\/radiorevelacionfm.cl\/wp-content\/uploads\/2023\/11\/01-inauguraciOn-chile-es-tuyo_optimized-1-450x379.jpg 450w, https:\/\/radiorevelacionfm.cl\/wp-content\/uploads\/2023\/11\/01-inauguraciOn-chile-es-tuyo_optimized-1-600x505.jpg 600w\" sizes=\"(max-width: 808px) 100vw, 808px\" \/><\/div><\/div><\/div><\/div><div class=\"flex_column av_one_full  flex_column_div av-zero-column-padding first  avia-builder-el-2  el_after_av_one_full  el_before_av_one_full  column-top-margin\" style='border-radius:0px; '><section class=\"av_textblock_section \"  itemscope=\"itemscope\" itemtype=\"https:\/\/schema.org\/BlogPosting\" itemprop=\"blogPost\" ><div class='avia_textblock  '   itemprop=\"text\" ><p style=\"text-align: center;\"><span style=\"font-size: 18pt;\"><strong>Ays\u00e9n Patagonia fue parte del Festival Ladera Sur mostrando la riqueza tur\u00edstica de la regi\u00f3n<\/strong><\/span><\/p>\n<div id=\"gtx-trans\" style=\"position: absolute; left: -50px; top: 4.31534px;\">\n<div class=\"gtx-trans-icon\"><\/div>\n<\/div>\n<\/div><\/section><\/div><div class=\"flex_column av_one_full  flex_column_div av-zero-column-padding first  avia-builder-el-4  el_after_av_one_full  el_before_av_hr  column-top-margin\" style='border-radius:0px; '><section class=\"av_textblock_section \"  itemscope=\"itemscope\" itemtype=\"https:\/\/schema.org\/BlogPosting\" itemprop=\"blogPost\" ><div class='avia_textblock  '   itemprop=\"text\" ><p style=\"text-align: justify;\"><em>Una destacada participaci\u00f3n tuvo la regi\u00f3n de Ays\u00e9n presentando sus atractivos tur\u00edsticos en un evento que promueve la naturaleza, combinando entretenimiento, m\u00fasica, emprendimientos, innovaci\u00f3n, sustentabilidad.<\/em><\/p>\n<p style=\"text-align: justify;\">El Servicio Nacional de Turismo, Sernatur Ays\u00e9n, particip\u00f3 en el 2\u00ba Festival Ladera Sur, celebrado entre el 10 y el 12 de noviembre, presentando los atractivos tur\u00edsticos del destino Ays\u00e9n Patagonia en la zona \u00abChile es Tuyo\u00bb, montada para promover la diversidad y la riqueza cultural de las diecis\u00e9is regiones de Chile.<\/p>\n<p style=\"text-align: justify;\">Por primera vez, la Subsecretar\u00eda de Turismo y Sernatur se sumaron al Festival Ladera Sur, que fue realizado en el Parque Santa Rosa de Apoquindo, Las Condes, Santiago, subrayando la relevancia de la sustentabilidad y la conexi\u00f3n con la naturaleza como pilares fundamentales para el desarrollo del turismo en Chile.<\/p>\n<p style=\"text-align: justify;\">La instancia fue una vitrina para Ays\u00e9n Patagonia, donde se exhibieron productos locales, se presentaron proyectos tur\u00edsticos con enfoque en la sustentabilidad, se llevaron a cabo talleres infantiles de greda y elaboraci\u00f3n de peluches inspirados en la regi\u00f3n de Ays\u00e9n y se ofrecieron espect\u00e1culos culturales que reflejaron la autenticidad de la regi\u00f3n. La participaci\u00f3n en estas instancias es parte de las actividades del Programa F.N.D.R \u00abGesti\u00f3n del Destino Tur\u00edstico Ays\u00e9n Patagonia\u00bb, financiado por el Gobierno Regional de Ays\u00e9n y su Consejo.<\/p>\n<p style=\"text-align: justify;\">Claudio Montecinos, director regional del Servicio Nacional de Turismo Ays\u00e9n indic\u00f3 que \u00abpara nosotros es muy importante poder estar en estos espacios, porque nos permite posicionar, a nivel nacional e internacional, nuestro destino Ays\u00e9n Patagonia, y con eso invitar a los turistas a recorrer nuestra regi\u00f3n, poder retomar el n\u00famero de visitas que tuvimos antes de la pandemia y activar el desarrollo de la actividad tur\u00edstica\u00bb.<\/p>\n<p style=\"text-align: justify;\">Sernatur Ays\u00e9n ocup\u00f3 un espacio especial dedicado a la informaci\u00f3n tur\u00edstica del destino Ays\u00e9n Patagonia. Tambi\u00e9n fueron parte de esta zona, emprendedoras locales como Margarita Rojas de Jugos Minhji y Roc\u00edo Ortega de Patagonia Bees que representaron con entusiasmo la diversidad y la calidad de los productos locales de Ays\u00e9n.<\/p>\n<p style=\"text-align: justify;\">La emprendedora Roc\u00edo Ortega, comparti\u00f3 su entusiasmo se\u00f1alando que \u00abes una tremenda oportunidad poder participar en este gran festival en Santiago, poder mostrar nuestros productos y estar representando a la regi\u00f3n de Ays\u00e9n en el stand de Sernatur y dar a conocer lo que se puede producir a trav\u00e9s de nuestros recursos naturales como son los frutos silvestres, como el calafate, el maqui, la rosa mosqueta y todo lo que se puede relacionar a la apicultura sustentable y agroecol\u00f3gica\u00bb.<\/p>\n<p style=\"text-align: justify;\">En tanto, el alcalde de Guaitecas, Macros Silva, que tuvo la posibilidad de recorrer el espacio \u00abChile es Tuyo\u00bb, destac\u00f3 la importancia de la participaci\u00f3n de Ays\u00e9n en este festival \u00abme parece importante estar presentes en este tipo de festivales que permiten mostrar la regi\u00f3n\u00bb. el alcalde valor\u00f3 que \u00abSernatur est\u00e9 presente junto a las otras regiones, ya que es la forma de promocionar Ays\u00e9n como un destino tur\u00edstico importante de nuestro pa\u00eds y permite vincularlo con la naturaleza, con el cuidado del medioambiente, con la conservaci\u00f3n y la preservaci\u00f3n, estas no son instancias que puedan estar ajenas al desarrollo econ\u00f3mico del \u00e1mbito tur\u00edstico\u00bb.<\/p>\n<p style=\"text-align: justify;\">A trav\u00e9s de la participaci\u00f3n en el 2\u00ba Festival Ladera Sur, Ays\u00e9n Patagonia reafirma su posici\u00f3n como un destino tur\u00edstico vibrante y atractivo, que espera recibir a visitantes que busquen experiencias \u00fanicas entorno a la naturaleza y la cultura de la regi\u00f3n.<\/p>\n<\/div><\/section><\/div><div  style='height:50px' class='hr hr-invisible   avia-builder-el-6  el_after_av_one_full  el_before_av_social_share '><span class='hr-inner ' ><span class='hr-inner-style'><\/span><\/span><\/div><\/p>\n<div  class='av-social-sharing-box  avia-builder-el-7  el_after_av_hr  el_before_av_hr  '><div class='av-share-box'><h5 class='av-share-link-description av-no-toc '>Compartir esta noticia<\/h5><ul class='av-share-box-list noLightbox'><li class='av-share-link av-social-link-facebook' ><a target=\"_blank\" aria-label=\"Compartir en Facebook\" href='https:\/\/www.facebook.com\/sharer.php?u=https:\/\/radiorevelacionfm.cl\/?p=36888&#038;t=Ays%C3%A9n%20Patagonia%20fue%20parte%20del%20Festival%20Ladera%20Sur%20mostrando%20la%20riqueza%20tur%C3%ADstica%20de%20la%20regi%C3%B3n' aria-hidden='false' data-av_icon='\ue8f3' data-av_iconfont='entypo-fontello' title='' data-avia-related-tooltip='Compartir en Facebook' rel=\"noopener\"><span class='avia_hidden_link_text'>Compartir en Facebook<\/span><\/a><\/li><li class='av-share-link av-social-link-twitter' ><a target=\"_blank\" aria-label=\"Compartir en Twitter\" href='https:\/\/twitter.com\/share?text=Ays%C3%A9n%20Patagonia%20fue%20parte%20del%20Festival%20Ladera%20Sur%20mostrando%20la%20riqueza%20tur%C3%ADstica%20de%20la%20regi%C3%B3n&#038;url=https:\/\/radiorevelacionfm.cl\/?p=36888' aria-hidden='false' data-av_icon='\ue8f1' data-av_iconfont='entypo-fontello' title='' data-avia-related-tooltip='Compartir en Twitter' rel=\"noopener\"><span class='avia_hidden_link_text'>Compartir en Twitter<\/span><\/a><\/li><li class='av-share-link av-social-link-whatsapp' ><a target=\"_blank\" aria-label=\"Compartir en Whatsapp\" href='https:\/\/api.whatsapp.com\/send?text=https:\/\/radiorevelacionfm.cl\/?p=36888' aria-hidden='false' data-av_icon='\uf232' data-av_iconfont='entypo-fontello' title='' data-avia-related-tooltip='Compartir en Whatsapp' rel=\"noopener\"><span class='avia_hidden_link_text'>Compartir en Whatsapp<\/span><\/a><\/li><li class='av-share-link av-social-link-linkedin' ><a target=\"_blank\" aria-label=\"Compartir en LinkedIn\" href='https:\/\/linkedin.com\/shareArticle?mini=true&#038;title=Ays%C3%A9n%20Patagonia%20fue%20parte%20del%20Festival%20Ladera%20Sur%20mostrando%20la%20riqueza%20tur%C3%ADstica%20de%20la%20regi%C3%B3n&#038;url=https:\/\/radiorevelacionfm.cl\/?p=36888' aria-hidden='false' data-av_icon='\ue8fc' data-av_iconfont='entypo-fontello' title='' data-avia-related-tooltip='Compartir en LinkedIn' rel=\"noopener\"><span class='avia_hidden_link_text'>Compartir en LinkedIn<\/span><\/a><\/li><li class='av-share-link av-social-link-mail' ><a  aria-label=\"Compartir por correo\" href='mailto:?subject=Ays%C3%A9n%20Patagonia%20fue%20parte%20del%20Festival%20Ladera%20Sur%20mostrando%20la%20riqueza%20tur%C3%ADstica%20de%20la%20regi%C3%B3n&#038;body=https:\/\/radiorevelacionfm.cl\/?p=36888' aria-hidden='false' data-av_icon='\ue805' data-av_iconfont='entypo-fontello' title='' data-avia-related-tooltip='Compartir por correo'><span class='avia_hidden_link_text'>Compartir por correo<\/span><\/a><\/li><\/ul><\/div><\/div>\n<div  style='height:50px' class='hr hr-invisible   avia-builder-el-8  el_after_av_social_share  el_before_av_comments_list '><span class='hr-inner ' ><span class='hr-inner-style'><\/span><\/span><\/div>\n<div  class='av-buildercomment  av-blog-meta-html-info-disabled av-blog-meta-tag-disabled  '><\/div>\n","protected":false},"excerpt":{"rendered":"","protected":false},"author":1,"featured_media":36889,"comment_status":"open","ping_status":"open","sticky":false,"template":"","format":"standard","meta":{"footnotes":""},"categories":[54],"tags":[],"class_list":["post-36888","post","type-post","status-publish","format-standard","has-post-thumbnail","hentry","category-turismo"],"jetpack_featured_media_url":"https:\/\/radiorevelacionfm.cl\/wp-content\/uploads\/2023\/11\/01-inauguraciOn-chile-es-tuyo_optimized-1.jpg","_links":{"self":[{"href":"https:\/\/radiorevelacionfm.cl\/index.php?rest_route=\/wp\/v2\/posts\/36888","targetHints":{"allow":["GET"]}}],"collection":[{"href":"https:\/\/radiorevelacionfm.cl\/index.php?rest_route=\/wp\/v2\/posts"}],"about":[{"href":"https:\/\/radiorevelacionfm.cl\/index.php?rest_route=\/wp\/v2\/types\/post"}],"author":[{"embeddable":true,"href":"https:\/\/radiorevelacionfm.cl\/index.php?rest_route=\/wp\/v2\/users\/1"}],"replies":[{"embeddable":true,"href":"https:\/\/radiorevelacionfm.cl\/index.php?rest_route=%2Fwp%2Fv2%2Fcomments&post=36888"}],"version-history":[{"count":1,"href":"https:\/\/radiorevelacionfm.cl\/index.php?rest_route=\/wp\/v2\/posts\/36888\/revisions"}],"predecessor-version":[{"id":36890,"href":"https:\/\/radiorevelacionfm.cl\/index.php?rest_route=\/wp\/v2\/posts\/36888\/revisions\/36890"}],"wp:featuredmedia":[{"embeddable":true,"href":"https:\/\/radiorevelacionfm.cl\/index.php?rest_route=\/wp\/v2\/media\/36889"}],"wp:attachment":[{"href":"https:\/\/radiorevelacionfm.cl\/index.php?rest_route=%2Fwp%2Fv2%2Fmedia&parent=36888"}],"wp:term":[{"taxonomy":"category","embeddable":true,"href":"https:\/\/radiorevelacionfm.cl\/index.php?rest_route=%2Fwp%2Fv2%2Fcategories&post=36888"},{"taxonomy":"post_tag","embeddable":true,"href":"https:\/\/radiorevelacionfm.cl\/index.php?rest_route=%2Fwp%2Fv2%2Ftags&post=36888"}],"curies":[{"name":"wp","href":"https:\/\/api.w.org\/{rel}","templated":true}]}}