{"id":36885,"date":"2023-11-13T20:47:44","date_gmt":"2023-11-13T23:47:44","guid":{"rendered":"https:\/\/radiorevelacionfm.cl\/?p=36885"},"modified":"2023-11-13T20:47:44","modified_gmt":"2023-11-13T23:47:44","slug":"cochrane-fiscalia-logra-condena-para-imputado-que-intento-asesinar-a-su-tio","status":"publish","type":"post","link":"https:\/\/radiorevelacionfm.cl\/?p=36885","title":{"rendered":"Cochrane: Fiscal\u00eda logra condena para imputado que intent\u00f3 asesinar a su t\u00edo"},"content":{"rendered":"<div class=\"flex_column av_one_full  flex_column_div av-zero-column-padding first  avia-builder-el-0  el_before_av_one_full  avia-builder-el-first  \" style='border-radius:0px; '><div  class='avia-image-container  av-styling-    avia-builder-el-1  avia-builder-el-no-sibling  avia-align-center '  itemprop=\"image\" itemscope=\"itemscope\" itemtype=\"https:\/\/schema.org\/ImageObject\"  ><div class='avia-image-container-inner'><div class='avia-image-overlay-wrap'><img decoding=\"async\" class='wp-image-36886 avia-img-lazy-loading-not-36886 avia_image' src=\"https:\/\/radiorevelacionfm.cl\/wp-content\/uploads\/2023\/11\/fiscal_sanhueza_y_defensor_caso_homicidio_frustrado-1_optimized.jpg\" alt='' title='fiscal_sanhueza_y_defensor_caso_homicidio_frustrado-(1)_optimized' height=\"600\" width=\"900\"  itemprop=\"thumbnailUrl\" srcset=\"https:\/\/radiorevelacionfm.cl\/wp-content\/uploads\/2023\/11\/fiscal_sanhueza_y_defensor_caso_homicidio_frustrado-1_optimized.jpg 900w, https:\/\/radiorevelacionfm.cl\/wp-content\/uploads\/2023\/11\/fiscal_sanhueza_y_defensor_caso_homicidio_frustrado-1_optimized-300x200.jpg 300w, https:\/\/radiorevelacionfm.cl\/wp-content\/uploads\/2023\/11\/fiscal_sanhueza_y_defensor_caso_homicidio_frustrado-1_optimized-768x512.jpg 768w, https:\/\/radiorevelacionfm.cl\/wp-content\/uploads\/2023\/11\/fiscal_sanhueza_y_defensor_caso_homicidio_frustrado-1_optimized-705x470.jpg 705w, https:\/\/radiorevelacionfm.cl\/wp-content\/uploads\/2023\/11\/fiscal_sanhueza_y_defensor_caso_homicidio_frustrado-1_optimized-450x300.jpg 450w, https:\/\/radiorevelacionfm.cl\/wp-content\/uploads\/2023\/11\/fiscal_sanhueza_y_defensor_caso_homicidio_frustrado-1_optimized-600x400.jpg 600w\" sizes=\"(max-width: 900px) 100vw, 900px\" \/><\/div><\/div><\/div><\/div><div class=\"flex_column av_one_full  flex_column_div av-zero-column-padding first  avia-builder-el-2  el_after_av_one_full  el_before_av_one_full  column-top-margin\" style='border-radius:0px; '><section class=\"av_textblock_section \"  itemscope=\"itemscope\" itemtype=\"https:\/\/schema.org\/BlogPosting\" itemprop=\"blogPost\" ><div class='avia_textblock  '   itemprop=\"text\" ><p style=\"text-align: center;\"><span style=\"font-size: 18pt;\"><b>Cochrane: Fiscal\u00eda logra condena para imputado que intent\u00f3 asesinar a su t\u00edo<\/b><\/span><\/p>\n<div id=\"gtx-trans\" style=\"position: absolute; left: -50px; top: 4.31534px;\">\n<div class=\"gtx-trans-icon\"><\/div>\n<\/div>\n<\/div><\/section><\/div><div class=\"flex_column av_one_full  flex_column_div av-zero-column-padding first  avia-builder-el-4  el_after_av_one_full  el_before_av_hr  column-top-margin\" style='border-radius:0px; '><section class=\"av_textblock_section \"  itemscope=\"itemscope\" itemtype=\"https:\/\/schema.org\/BlogPosting\" itemprop=\"blogPost\" ><div class='avia_textblock  '   itemprop=\"text\" ><p style=\"font-weight: 400; text-align: justify;\">Tras una acusaci\u00f3n de la Fiscal\u00eda Local de Cochrane, fue condenado a cinco a\u00f1os y un d\u00eda de presidio, un imputado de 29 a\u00f1os como autor del delito de homicidio en grado de frustrado de su t\u00edo paterno, el cual ocurri\u00f3 en la madrugada del d\u00eda 21 de agosto de 2022 en la comuna de Cochrane.<\/p>\n<p style=\"font-weight: 400; text-align: justify;\">El sujeto tambi\u00e9n fue sentenciado por el Tribunal de Juicio Oral en Lo Penal a otros 541 d\u00edas de presidio, como autor del delito de porte ilegal de munici\u00f3n, sin contar con las autorizaciones legales, previsto en la Ley sobre Control de Armas.<\/p>\n<p style=\"font-weight: 400; text-align: justify;\">Este caso fue investigado por la Fiscal\u00eda de Cochrane, entidad que solicit\u00f3 diligencias a Carabineros de la Cuarta Comisar\u00eda y el Laboratorio de la Criminal\u00edstica, Labocar.<\/p>\n<p style=\"font-weight: 400; text-align: justify;\">HECHOS<\/p>\n<p style=\"font-weight: 400; text-align: justify;\">De acuerdo con los hechos acreditados por el Tribunal, en base a las pruebas presentadas por el Ministerio P\u00fablico a trav\u00e9s del fiscal Alvaro Sanhueza Tasso, el 21 de agosto de 2022 en horas de la madrugada, el imputado se encontraba bebiendo en el interior de la casa habitaci\u00f3n de la v\u00edctima, junto a su pap\u00e1, el t\u00edo paterno y una prima.<\/p>\n<p style=\"font-weight: 400; text-align: justify;\">Luego de una discusi\u00f3n entre la v\u00edctima y su hermano, padre del agresor, por un asunto de herencias, intervino tambi\u00e9n el imputado trenz\u00e1ndose a golpes con su t\u00edo. Luego de eso, el imputado sali\u00f3 de la vivienda y regres\u00f3 con un arma de fuego cargada con proyectiles bal\u00edsticos. En dichas circunstancias, el acusado dispar\u00f3 con \u00e1nimo homicida en contra de su t\u00edo, para luego huir.<\/p>\n<p style=\"font-weight: 400; text-align: justify;\">La v\u00edctima result\u00f3 con una herida de proyectil con arma de fuego en el antebrazo y cadera izquierda, lesiones por las que debi\u00f3 ser trasladado de urgencia al Hospital de Coyhaique, para su estabilizaci\u00f3n. La prima del imputado tambi\u00e9n result\u00f3 herida, en este caso en el muslo izquierdo sin salida de proyectil, el que fue extra\u00eddo en la unidad de Urgencia del Hospital de Cochrane.<\/p>\n<p style=\"font-weight: 400; text-align: justify;\">El juicio por este caso se efectu\u00f3 ante el Tribunal de Juicio Oral en Lo Penal de Coyhaique.<\/p>\n<\/div><\/section><\/div><div  style='height:50px' class='hr hr-invisible   avia-builder-el-6  el_after_av_one_full  el_before_av_social_share '><span class='hr-inner ' ><span class='hr-inner-style'><\/span><\/span><\/div><\/p>\n<div  class='av-social-sharing-box  avia-builder-el-7  el_after_av_hr  el_before_av_hr  '><div class='av-share-box'><h5 class='av-share-link-description av-no-toc '>Compartir esta noticia<\/h5><ul class='av-share-box-list noLightbox'><li class='av-share-link av-social-link-facebook' ><a target=\"_blank\" aria-label=\"Compartir en Facebook\" href='https:\/\/www.facebook.com\/sharer.php?u=https:\/\/radiorevelacionfm.cl\/?p=36885&#038;t=Cochrane%3A%20Fiscal%C3%ADa%20logra%20condena%20para%20imputado%20que%20intent%C3%B3%20asesinar%20a%20su%20t%C3%ADo' aria-hidden='false' data-av_icon='\ue8f3' data-av_iconfont='entypo-fontello' title='' data-avia-related-tooltip='Compartir en Facebook' rel=\"noopener\"><span class='avia_hidden_link_text'>Compartir en Facebook<\/span><\/a><\/li><li class='av-share-link av-social-link-twitter' ><a target=\"_blank\" aria-label=\"Compartir en Twitter\" href='https:\/\/twitter.com\/share?text=Cochrane%3A%20Fiscal%C3%ADa%20logra%20condena%20para%20imputado%20que%20intent%C3%B3%20asesinar%20a%20su%20t%C3%ADo&#038;url=https:\/\/radiorevelacionfm.cl\/?p=36885' aria-hidden='false' data-av_icon='\ue8f1' data-av_iconfont='entypo-fontello' title='' data-avia-related-tooltip='Compartir en Twitter' rel=\"noopener\"><span class='avia_hidden_link_text'>Compartir en Twitter<\/span><\/a><\/li><li class='av-share-link av-social-link-whatsapp' ><a target=\"_blank\" aria-label=\"Compartir en Whatsapp\" href='https:\/\/api.whatsapp.com\/send?text=https:\/\/radiorevelacionfm.cl\/?p=36885' aria-hidden='false' data-av_icon='\uf232' data-av_iconfont='entypo-fontello' title='' data-avia-related-tooltip='Compartir en Whatsapp' rel=\"noopener\"><span class='avia_hidden_link_text'>Compartir en Whatsapp<\/span><\/a><\/li><li class='av-share-link av-social-link-linkedin' ><a target=\"_blank\" aria-label=\"Compartir en LinkedIn\" href='https:\/\/linkedin.com\/shareArticle?mini=true&#038;title=Cochrane%3A%20Fiscal%C3%ADa%20logra%20condena%20para%20imputado%20que%20intent%C3%B3%20asesinar%20a%20su%20t%C3%ADo&#038;url=https:\/\/radiorevelacionfm.cl\/?p=36885' aria-hidden='false' data-av_icon='\ue8fc' data-av_iconfont='entypo-fontello' title='' data-avia-related-tooltip='Compartir en LinkedIn' rel=\"noopener\"><span class='avia_hidden_link_text'>Compartir en LinkedIn<\/span><\/a><\/li><li class='av-share-link av-social-link-mail' ><a  aria-label=\"Compartir por correo\" href='mailto:?subject=Cochrane%3A%20Fiscal%C3%ADa%20logra%20condena%20para%20imputado%20que%20intent%C3%B3%20asesinar%20a%20su%20t%C3%ADo&#038;body=https:\/\/radiorevelacionfm.cl\/?p=36885' aria-hidden='false' data-av_icon='\ue805' data-av_iconfont='entypo-fontello' title='' data-avia-related-tooltip='Compartir por correo'><span class='avia_hidden_link_text'>Compartir por correo<\/span><\/a><\/li><\/ul><\/div><\/div>\n<div  style='height:50px' class='hr hr-invisible   avia-builder-el-8  el_after_av_social_share  el_before_av_comments_list '><span class='hr-inner ' ><span class='hr-inner-style'><\/span><\/span><\/div>\n<div  class='av-buildercomment  av-blog-meta-html-info-disabled av-blog-meta-tag-disabled  '><\/div>\n","protected":false},"excerpt":{"rendered":"","protected":false},"author":1,"featured_media":36886,"comment_status":"open","ping_status":"open","sticky":false,"template":"","format":"standard","meta":{"footnotes":""},"categories":[55],"tags":[],"class_list":["post-36885","post","type-post","status-publish","format-standard","has-post-thumbnail","hentry","category-justicia"],"jetpack_featured_media_url":"https:\/\/radiorevelacionfm.cl\/wp-content\/uploads\/2023\/11\/fiscal_sanhueza_y_defensor_caso_homicidio_frustrado-1_optimized.jpg","_links":{"self":[{"href":"https:\/\/radiorevelacionfm.cl\/index.php?rest_route=\/wp\/v2\/posts\/36885","targetHints":{"allow":["GET"]}}],"collection":[{"href":"https:\/\/radiorevelacionfm.cl\/index.php?rest_route=\/wp\/v2\/posts"}],"about":[{"href":"https:\/\/radiorevelacionfm.cl\/index.php?rest_route=\/wp\/v2\/types\/post"}],"author":[{"embeddable":true,"href":"https:\/\/radiorevelacionfm.cl\/index.php?rest_route=\/wp\/v2\/users\/1"}],"replies":[{"embeddable":true,"href":"https:\/\/radiorevelacionfm.cl\/index.php?rest_route=%2Fwp%2Fv2%2Fcomments&post=36885"}],"version-history":[{"count":1,"href":"https:\/\/radiorevelacionfm.cl\/index.php?rest_route=\/wp\/v2\/posts\/36885\/revisions"}],"predecessor-version":[{"id":36887,"href":"https:\/\/radiorevelacionfm.cl\/index.php?rest_route=\/wp\/v2\/posts\/36885\/revisions\/36887"}],"wp:featuredmedia":[{"embeddable":true,"href":"https:\/\/radiorevelacionfm.cl\/index.php?rest_route=\/wp\/v2\/media\/36886"}],"wp:attachment":[{"href":"https:\/\/radiorevelacionfm.cl\/index.php?rest_route=%2Fwp%2Fv2%2Fmedia&parent=36885"}],"wp:term":[{"taxonomy":"category","embeddable":true,"href":"https:\/\/radiorevelacionfm.cl\/index.php?rest_route=%2Fwp%2Fv2%2Fcategories&post=36885"},{"taxonomy":"post_tag","embeddable":true,"href":"https:\/\/radiorevelacionfm.cl\/index.php?rest_route=%2Fwp%2Fv2%2Ftags&post=36885"}],"curies":[{"name":"wp","href":"https:\/\/api.w.org\/{rel}","templated":true}]}}