{"id":36882,"date":"2023-11-13T17:22:08","date_gmt":"2023-11-13T20:22:08","guid":{"rendered":"https:\/\/radiorevelacionfm.cl\/?p=36882"},"modified":"2023-11-13T17:22:08","modified_gmt":"2023-11-13T20:22:08","slug":"nueva-generacion-de-vehiculos-reforzaran-las-labores-comunitarias-desarrolladas-por-carabineros-en-diferentes-regiones-del-pais","status":"publish","type":"post","link":"https:\/\/radiorevelacionfm.cl\/?p=36882","title":{"rendered":"Nueva generaci\u00f3n de veh\u00edculos reforzar\u00e1n las labores comunitarias desarrolladas por Carabineros en diferentes regiones del pa\u00eds"},"content":{"rendered":"<div class=\"flex_column av_one_full  flex_column_div av-zero-column-padding first  avia-builder-el-0  el_before_av_one_full  avia-builder-el-first  \" style='border-radius:0px; '><div  class='avia-image-container  av-styling-    avia-builder-el-1  avia-builder-el-no-sibling  avia-align-center '  itemprop=\"image\" itemscope=\"itemscope\" itemtype=\"https:\/\/schema.org\/ImageObject\"  ><div class='avia-image-container-inner'><div class='avia-image-overlay-wrap'><img decoding=\"async\" class='wp-image-36883 avia-img-lazy-loading-not-36883 avia_image' src=\"https:\/\/radiorevelacionfm.cl\/wp-content\/uploads\/2023\/11\/c801b055-c078-4a2d-83f9-28ebe8da02b8-1_optimized-1.jpg\" alt='' title='c801b055-c078-4a2d-83f9-28ebe8da02b8-(1)_optimized (1)' height=\"600\" width=\"901\"  itemprop=\"thumbnailUrl\" srcset=\"https:\/\/radiorevelacionfm.cl\/wp-content\/uploads\/2023\/11\/c801b055-c078-4a2d-83f9-28ebe8da02b8-1_optimized-1.jpg 901w, https:\/\/radiorevelacionfm.cl\/wp-content\/uploads\/2023\/11\/c801b055-c078-4a2d-83f9-28ebe8da02b8-1_optimized-1-300x200.jpg 300w, https:\/\/radiorevelacionfm.cl\/wp-content\/uploads\/2023\/11\/c801b055-c078-4a2d-83f9-28ebe8da02b8-1_optimized-1-768x511.jpg 768w, https:\/\/radiorevelacionfm.cl\/wp-content\/uploads\/2023\/11\/c801b055-c078-4a2d-83f9-28ebe8da02b8-1_optimized-1-705x469.jpg 705w, https:\/\/radiorevelacionfm.cl\/wp-content\/uploads\/2023\/11\/c801b055-c078-4a2d-83f9-28ebe8da02b8-1_optimized-1-450x300.jpg 450w, https:\/\/radiorevelacionfm.cl\/wp-content\/uploads\/2023\/11\/c801b055-c078-4a2d-83f9-28ebe8da02b8-1_optimized-1-600x400.jpg 600w\" sizes=\"(max-width: 901px) 100vw, 901px\" \/><\/div><\/div><\/div><\/div><div class=\"flex_column av_one_full  flex_column_div av-zero-column-padding first  avia-builder-el-2  el_after_av_one_full  el_before_av_one_full  column-top-margin\" style='border-radius:0px; '><section class=\"av_textblock_section \"  itemscope=\"itemscope\" itemtype=\"https:\/\/schema.org\/BlogPosting\" itemprop=\"blogPost\" ><div class='avia_textblock  '   itemprop=\"text\" ><p style=\"text-align: center;\"><span style=\"font-size: 18pt;\"><b>N<\/b><b>ueva generaci\u00f3n de veh\u00edculos reforzar\u00e1n las labores comunitarias desarrolladas por\u00a0<\/b><b>C<\/b><b>arabineros en diferentes regiones del pa\u00eds<\/b><\/span><\/p>\n<div id=\"gtx-trans\" style=\"position: absolute; left: -50px; top: 4.31534px;\">\n<div class=\"gtx-trans-icon\"><\/div>\n<\/div>\n<\/div><\/section><\/div><div class=\"flex_column av_one_full  flex_column_div av-zero-column-padding first  avia-builder-el-4  el_after_av_one_full  el_before_av_hr  column-top-margin\" style='border-radius:0px; '><section class=\"av_textblock_section \"  itemscope=\"itemscope\" itemtype=\"https:\/\/schema.org\/BlogPosting\" itemprop=\"blogPost\" ><div class='avia_textblock  '   itemprop=\"text\" ><div>\n<p style=\"text-align: justify;\">El General Director de Carabineros, Ricardo Y\u00e1\u00f1ez Reveco, encabez\u00f3 la entrega de 23 veh\u00edculos destinados a reforzar las labores comunitarias que desarrollan los integrantes de la instituci\u00f3n uniformada. Una nueva generaci\u00f3n de recursos que contribuir\u00e1 a seguir mejorando la eficacia del trabajo desplegado y atender las demandas de seguridad de toda la ciudadan\u00eda tanto en la capital como en diferentes regiones del pa\u00eds.<\/p>\n<p style=\"text-align: justify;\">As\u00ed lo enfatiz\u00f3 en sus palabras la m\u00e1xima autoridad de la instituci\u00f3n al dirigirse al personal que se desempe\u00f1a en las Oficinas de Integraci\u00f3n Comunitaria, al que puntualiz\u00f3 que se trata de veh\u00edculos que cuentan con una serie de nuevas caracter\u00edsticas y mejoras. Todo con el prop\u00f3sito de seguir potenciando los v\u00ednculos con los vecinos y entregarles un \u00f3ptimo servicio en cada una de las unidades operativas entre las cuales ser\u00e1n distribuidos.<\/p>\n<p style=\"text-align: justify;\">\u00abSon camionetas que responden a las exigencias operativas, como son el traslado de insumos, equipamiento o ciertos requerimientos de los propios vecinos. Adem\u00e1s, proporcionan mayores condiciones de seguridad para nuestros carabineros.\u00bb, coment\u00f3 el General Director de Carabineros.<\/p>\n<p style=\"text-align: justify;\">Estos flamantes recursos log\u00edsticos, cuya entrega se inserta en el contexto del Modelo de Integraci\u00f3n Carabineros-Comunidad (MICC), sobresalen por ser m\u00e1s modernos; ofrecer mayor espacio interior; contar con doble corrida de asientos; disponer tanto de direcci\u00f3n asistida como de aire acondicionado; y poseer un equipamiento superior en materia de seguridad y confort en comparaci\u00f3n con sus predecesores; adem\u00e1s de desarrollar un mejor desempe\u00f1o y brindar gran versatilidad gracias a sus capacidades.<\/p>\n<p style=\"text-align: justify;\">\u00abCon la entrega de estos nuevos veh\u00edculos policiales, agradezco el comprometido y cercano trabajo que realizan con la comunidad. Y lo hacemos mediante la entrega simb\u00f3lica de estas llaves que no solo abren la puerta de su nuevo veh\u00edculo policial (&#8230;) sino que abre la puerta a la integraci\u00f3n y a la sinton\u00eda diaria que tenemos con las necesidades de seguridad y prevenci\u00f3n de la sociedad, generando aquellas estrategias que nos permitan estar cada d\u00eda m\u00e1s integrados al cuerpo social\u00bb, finaliz\u00f3.<\/p>\n<p style=\"text-align: justify;\">Cabe destacar que los veh\u00edculos se distribuir\u00e1n en las comunas de Calama, Copiap\u00f3, La Serena, Coquimbo, Ovalle, Quilpu\u00e9, Tiltil, Colina, Pudahuel, Vitacura, Lo Barnechea, La Florida, La Reina, Las Condes, Santiago, Estaci\u00f3n Central, Maip\u00fa, San Bernardo, Buin, Talcahuano, Padre Las Casas y Coyhaique.<\/p>\n<\/div>\n<div style=\"text-align: justify;\"><\/div>\n<\/div><\/section><\/div><div  style='height:50px' class='hr hr-invisible   avia-builder-el-6  el_after_av_one_full  el_before_av_social_share '><span class='hr-inner ' ><span class='hr-inner-style'><\/span><\/span><\/div><\/p>\n<div  class='av-social-sharing-box  avia-builder-el-7  el_after_av_hr  el_before_av_hr  '><div class='av-share-box'><h5 class='av-share-link-description av-no-toc '>Compartir esta noticia<\/h5><ul class='av-share-box-list noLightbox'><li class='av-share-link av-social-link-facebook' ><a target=\"_blank\" aria-label=\"Compartir en Facebook\" href='https:\/\/www.facebook.com\/sharer.php?u=https:\/\/radiorevelacionfm.cl\/?p=36882&#038;t=Nueva%20generaci%C3%B3n%20de%20veh%C3%ADculos%20reforzar%C3%A1n%20las%20labores%20comunitarias%20desarrolladas%20por%20Carabineros%20en%20diferentes%20regiones%20del%20pa%C3%ADs' aria-hidden='false' data-av_icon='\ue8f3' data-av_iconfont='entypo-fontello' title='' data-avia-related-tooltip='Compartir en Facebook' rel=\"noopener\"><span class='avia_hidden_link_text'>Compartir en Facebook<\/span><\/a><\/li><li class='av-share-link av-social-link-twitter' ><a target=\"_blank\" aria-label=\"Compartir en Twitter\" href='https:\/\/twitter.com\/share?text=Nueva%20generaci%C3%B3n%20de%20veh%C3%ADculos%20reforzar%C3%A1n%20las%20labores%20comunitarias%20desarrolladas%20por%20Carabineros%20en%20diferentes%20regiones%20del%20pa%C3%ADs&#038;url=https:\/\/radiorevelacionfm.cl\/?p=36882' aria-hidden='false' data-av_icon='\ue8f1' data-av_iconfont='entypo-fontello' title='' data-avia-related-tooltip='Compartir en Twitter' rel=\"noopener\"><span class='avia_hidden_link_text'>Compartir en Twitter<\/span><\/a><\/li><li class='av-share-link av-social-link-whatsapp' ><a target=\"_blank\" aria-label=\"Compartir en Whatsapp\" href='https:\/\/api.whatsapp.com\/send?text=https:\/\/radiorevelacionfm.cl\/?p=36882' aria-hidden='false' data-av_icon='\uf232' data-av_iconfont='entypo-fontello' title='' data-avia-related-tooltip='Compartir en Whatsapp' rel=\"noopener\"><span class='avia_hidden_link_text'>Compartir en Whatsapp<\/span><\/a><\/li><li class='av-share-link av-social-link-linkedin' ><a target=\"_blank\" aria-label=\"Compartir en LinkedIn\" href='https:\/\/linkedin.com\/shareArticle?mini=true&#038;title=Nueva%20generaci%C3%B3n%20de%20veh%C3%ADculos%20reforzar%C3%A1n%20las%20labores%20comunitarias%20desarrolladas%20por%20Carabineros%20en%20diferentes%20regiones%20del%20pa%C3%ADs&#038;url=https:\/\/radiorevelacionfm.cl\/?p=36882' aria-hidden='false' data-av_icon='\ue8fc' data-av_iconfont='entypo-fontello' title='' data-avia-related-tooltip='Compartir en LinkedIn' rel=\"noopener\"><span class='avia_hidden_link_text'>Compartir en LinkedIn<\/span><\/a><\/li><li class='av-share-link av-social-link-mail' ><a  aria-label=\"Compartir por correo\" href='mailto:?subject=Nueva%20generaci%C3%B3n%20de%20veh%C3%ADculos%20reforzar%C3%A1n%20las%20labores%20comunitarias%20desarrolladas%20por%20Carabineros%20en%20diferentes%20regiones%20del%20pa%C3%ADs&#038;body=https:\/\/radiorevelacionfm.cl\/?p=36882' aria-hidden='false' data-av_icon='\ue805' data-av_iconfont='entypo-fontello' title='' data-avia-related-tooltip='Compartir por correo'><span class='avia_hidden_link_text'>Compartir por correo<\/span><\/a><\/li><\/ul><\/div><\/div>\n<div  style='height:50px' class='hr hr-invisible   avia-builder-el-8  el_after_av_social_share  el_before_av_comments_list '><span class='hr-inner ' ><span class='hr-inner-style'><\/span><\/span><\/div>\n<div  class='av-buildercomment  av-blog-meta-html-info-disabled av-blog-meta-tag-disabled  '><\/div>\n","protected":false},"excerpt":{"rendered":"","protected":false},"author":1,"featured_media":36883,"comment_status":"open","ping_status":"open","sticky":false,"template":"","format":"standard","meta":{"footnotes":""},"categories":[36],"tags":[],"class_list":["post-36882","post","type-post","status-publish","format-standard","has-post-thumbnail","hentry","category-policial"],"jetpack_featured_media_url":"https:\/\/radiorevelacionfm.cl\/wp-content\/uploads\/2023\/11\/c801b055-c078-4a2d-83f9-28ebe8da02b8-1_optimized-1.jpg","_links":{"self":[{"href":"https:\/\/radiorevelacionfm.cl\/index.php?rest_route=\/wp\/v2\/posts\/36882","targetHints":{"allow":["GET"]}}],"collection":[{"href":"https:\/\/radiorevelacionfm.cl\/index.php?rest_route=\/wp\/v2\/posts"}],"about":[{"href":"https:\/\/radiorevelacionfm.cl\/index.php?rest_route=\/wp\/v2\/types\/post"}],"author":[{"embeddable":true,"href":"https:\/\/radiorevelacionfm.cl\/index.php?rest_route=\/wp\/v2\/users\/1"}],"replies":[{"embeddable":true,"href":"https:\/\/radiorevelacionfm.cl\/index.php?rest_route=%2Fwp%2Fv2%2Fcomments&post=36882"}],"version-history":[{"count":1,"href":"https:\/\/radiorevelacionfm.cl\/index.php?rest_route=\/wp\/v2\/posts\/36882\/revisions"}],"predecessor-version":[{"id":36884,"href":"https:\/\/radiorevelacionfm.cl\/index.php?rest_route=\/wp\/v2\/posts\/36882\/revisions\/36884"}],"wp:featuredmedia":[{"embeddable":true,"href":"https:\/\/radiorevelacionfm.cl\/index.php?rest_route=\/wp\/v2\/media\/36883"}],"wp:attachment":[{"href":"https:\/\/radiorevelacionfm.cl\/index.php?rest_route=%2Fwp%2Fv2%2Fmedia&parent=36882"}],"wp:term":[{"taxonomy":"category","embeddable":true,"href":"https:\/\/radiorevelacionfm.cl\/index.php?rest_route=%2Fwp%2Fv2%2Fcategories&post=36882"},{"taxonomy":"post_tag","embeddable":true,"href":"https:\/\/radiorevelacionfm.cl\/index.php?rest_route=%2Fwp%2Fv2%2Ftags&post=36882"}],"curies":[{"name":"wp","href":"https:\/\/api.w.org\/{rel}","templated":true}]}}