{"id":36879,"date":"2023-11-13T20:02:17","date_gmt":"2023-11-13T23:02:17","guid":{"rendered":"https:\/\/radiorevelacionfm.cl\/?p=36879"},"modified":"2023-11-13T20:02:17","modified_gmt":"2023-11-13T23:02:17","slug":"calisto-destaca-entrega-de-204-casas-en-puerto-aysen-seguiremos-trabajando-con-los-distintos-comites-de-la-region","status":"publish","type":"post","link":"https:\/\/radiorevelacionfm.cl\/?p=36879","title":{"rendered":"Calisto destaca entrega de 204 casas en Puerto Ays\u00e9n: \u201cSeguiremos trabajando con los distintos comit\u00e9s de la Regi\u00f3n\u201d"},"content":{"rendered":"<div class=\"flex_column av_one_full  flex_column_div av-zero-column-padding first  avia-builder-el-0  el_before_av_one_full  avia-builder-el-first  \" style='border-radius:0px; '><div  class='avia-image-container  av-styling-    avia-builder-el-1  avia-builder-el-no-sibling  avia-align-center '  itemprop=\"image\" itemscope=\"itemscope\" itemtype=\"https:\/\/schema.org\/ImageObject\"  ><div class='avia-image-container-inner'><div class='avia-image-overlay-wrap'><img decoding=\"async\" class='wp-image-36880 avia-img-lazy-loading-not-36880 avia_image' src=\"https:\/\/radiorevelacionfm.cl\/wp-content\/uploads\/2023\/11\/FOTO-AMUYEN-4-1-1.jpeg\" alt='' title='FOTO AMUY\u00c9N 4 (1) (1)' height=\"600\" width=\"800\"  itemprop=\"thumbnailUrl\" srcset=\"https:\/\/radiorevelacionfm.cl\/wp-content\/uploads\/2023\/11\/FOTO-AMUYEN-4-1-1.jpeg 800w, https:\/\/radiorevelacionfm.cl\/wp-content\/uploads\/2023\/11\/FOTO-AMUYEN-4-1-1-300x225.jpeg 300w, https:\/\/radiorevelacionfm.cl\/wp-content\/uploads\/2023\/11\/FOTO-AMUYEN-4-1-1-768x576.jpeg 768w, https:\/\/radiorevelacionfm.cl\/wp-content\/uploads\/2023\/11\/FOTO-AMUYEN-4-1-1-705x529.jpeg 705w, https:\/\/radiorevelacionfm.cl\/wp-content\/uploads\/2023\/11\/FOTO-AMUYEN-4-1-1-450x338.jpeg 450w, https:\/\/radiorevelacionfm.cl\/wp-content\/uploads\/2023\/11\/FOTO-AMUYEN-4-1-1-600x450.jpeg 600w\" sizes=\"(max-width: 800px) 100vw, 800px\" \/><\/div><\/div><\/div><\/div><div class=\"flex_column av_one_full  flex_column_div av-zero-column-padding first  avia-builder-el-2  el_after_av_one_full  el_before_av_one_full  column-top-margin\" style='border-radius:0px; '><section class=\"av_textblock_section \"  itemscope=\"itemscope\" itemtype=\"https:\/\/schema.org\/BlogPosting\" itemprop=\"blogPost\" ><div class='avia_textblock  '   itemprop=\"text\" ><p style=\"text-align: center;\"><span style=\"font-size: 18pt;\"><b><span lang=\"ES\">Calisto destaca entrega de 204 casas en Puerto Ays\u00e9n: \u201cSeguiremos trabajando con los distintos comit\u00e9s de la Regi\u00f3n\u201d<\/span><\/b><\/span><\/p>\n<div id=\"gtx-trans\" style=\"position: absolute; left: -50px; top: 4.31534px;\">\n<div class=\"gtx-trans-icon\"><\/div>\n<\/div>\n<\/div><\/section><\/div><div class=\"flex_column av_one_full  flex_column_div av-zero-column-padding first  avia-builder-el-4  el_after_av_one_full  el_before_av_hr  column-top-margin\" style='border-radius:0px; '><section class=\"av_textblock_section \"  itemscope=\"itemscope\" itemtype=\"https:\/\/schema.org\/BlogPosting\" itemprop=\"blogPost\" ><div class='avia_textblock  '   itemprop=\"text\" ><p style=\"font-weight: 400; text-align: justify;\">Este s\u00e1bado, 204 familias de Puerto Ays\u00e9n recibieron las llaves de su casa propia, un hecho que fue destacado por el diputado Miguel \u00c1ngel Calisto, que estuvo colaborando con los comit\u00e9s durante todo el proceso para concretar este proyecto habitacional y quien resalt\u00f3 el trabajo realizado por las dirigentes de estas agrupaciones.<\/p>\n<p style=\"font-weight: 400; text-align: justify;\">Seg\u00fan el legislador, \u201cestamos muy contentos ac\u00e1 con la entrega de llaves y de los t\u00edtulos de comit\u00e9s Amuy\u00e9n 1 y Amuy\u00e9n 2, como as\u00ed tambi\u00e9n el comit\u00e9 Libertad, que se integr\u00f3 posteriormente. Quiero felicitar a los dirigentes por este trabajo, no fue un proceso f\u00e1cil, pero m\u00e1s all\u00e1 de las cosas positivas o negativas, ya tienen sus\u00a0\u00a0 viviendas, tienen su hogar\u201d.<\/p>\n<p style=\"font-weight: 400; text-align: justify;\">\u201cSe ha conformado un nuevo barrio, con estos comit\u00e9s, con el proyecto de los comit\u00e9s Calafate, Sue\u00f1o Patag\u00f3n y No Tengo Casa Propia. Me alegro que este sector haya crecido de manera bien interesante desde el punto urban\u00edstico, con espacios, con avenida. El hogar es lo m\u00e1s importante para una familia, porque les permite no estar hacinados, desarrollarse \u00edntegramente y proyectar sus sue\u00f1os\u201d.<\/p>\n<p style=\"font-weight: 400; text-align: justify;\">El diputado agreg\u00f3 que \u201cvoy a seguir colaborando con todos los comit\u00e9s. Vienen muchos que est\u00e1n proyectando sus proyectos en la Chacra Weber, por ejemplo. En Puerto Ays\u00e9n se ha avanzado harto, pero siempre existe la necesidad de nuevos proyectos habitacionales\u201d.<\/p>\n<p style=\"font-weight: 400; text-align: justify;\">Seg\u00fan Gabriela Andrade, una de las nuevas propietarias, \u201cquiero agradecerle a don Miguel \u00c1ngel por el apoyo que nos brind\u00f3, ya que nosotros fuimos cerca de 20 familias que nos sacaron de los comit\u00e9s, pero gracias \u00e9l pudimos recuperar nuestros subsidios y como familia estamos celebrando la entrega de llaves. Nos cost\u00f3 mucho, pero ya tenemos nuestras llaves en la mano\u201d.<\/p>\n<p style=\"font-weight: 400; text-align: justify;\">Finalmente, Loreto Tureo, otra propietaria y presidenta del Comit\u00e9 \u00a0Amuy\u00e9n 1, asegur\u00f3 que \u201cestoy muy feliz y contenta de poder recibir la llave de nuestras viviendas. Son 204 familias. Un complejo habitacional super grande, el complejo m\u00e1s grande en la Regi\u00f3n. Felices por mis socios, felices por las familias. Vamos a empezar una nueva vida en nuestras nuevas casitas. Le agradecemos al se\u00f1or Calisto, porque \u00e9l tambi\u00e9n fue parte de esto y nos apoy\u00f3 cuando nos sentimos desvalidos. Se agradece su gesti\u00f3n\u201d.<\/p>\n<\/div><\/section><\/div><div  style='height:50px' class='hr hr-invisible   avia-builder-el-6  el_after_av_one_full  el_before_av_social_share '><span class='hr-inner ' ><span class='hr-inner-style'><\/span><\/span><\/div><\/p>\n<div  class='av-social-sharing-box  avia-builder-el-7  el_after_av_hr  el_before_av_hr  '><div class='av-share-box'><h5 class='av-share-link-description av-no-toc '>Compartir esta noticia<\/h5><ul class='av-share-box-list noLightbox'><li class='av-share-link av-social-link-facebook' ><a target=\"_blank\" aria-label=\"Compartir en Facebook\" href='https:\/\/www.facebook.com\/sharer.php?u=https:\/\/radiorevelacionfm.cl\/?p=36879&#038;t=Calisto%20destaca%20entrega%20de%20204%20casas%20en%20Puerto%20Ays%C3%A9n%3A%20%E2%80%9CSeguiremos%20trabajando%20con%20los%20distintos%20comit%C3%A9s%20de%20la%20Regi%C3%B3n%E2%80%9D' aria-hidden='false' data-av_icon='\ue8f3' data-av_iconfont='entypo-fontello' title='' data-avia-related-tooltip='Compartir en Facebook' rel=\"noopener\"><span class='avia_hidden_link_text'>Compartir en Facebook<\/span><\/a><\/li><li class='av-share-link av-social-link-twitter' ><a target=\"_blank\" aria-label=\"Compartir en Twitter\" href='https:\/\/twitter.com\/share?text=Calisto%20destaca%20entrega%20de%20204%20casas%20en%20Puerto%20Ays%C3%A9n%3A%20%E2%80%9CSeguiremos%20trabajando%20con%20los%20distintos%20comit%C3%A9s%20de%20la%20Regi%C3%B3n%E2%80%9D&#038;url=https:\/\/radiorevelacionfm.cl\/?p=36879' aria-hidden='false' data-av_icon='\ue8f1' data-av_iconfont='entypo-fontello' title='' data-avia-related-tooltip='Compartir en Twitter' rel=\"noopener\"><span class='avia_hidden_link_text'>Compartir en Twitter<\/span><\/a><\/li><li class='av-share-link av-social-link-whatsapp' ><a target=\"_blank\" aria-label=\"Compartir en Whatsapp\" href='https:\/\/api.whatsapp.com\/send?text=https:\/\/radiorevelacionfm.cl\/?p=36879' aria-hidden='false' data-av_icon='\uf232' data-av_iconfont='entypo-fontello' title='' data-avia-related-tooltip='Compartir en Whatsapp' rel=\"noopener\"><span class='avia_hidden_link_text'>Compartir en Whatsapp<\/span><\/a><\/li><li class='av-share-link av-social-link-linkedin' ><a target=\"_blank\" aria-label=\"Compartir en LinkedIn\" href='https:\/\/linkedin.com\/shareArticle?mini=true&#038;title=Calisto%20destaca%20entrega%20de%20204%20casas%20en%20Puerto%20Ays%C3%A9n%3A%20%E2%80%9CSeguiremos%20trabajando%20con%20los%20distintos%20comit%C3%A9s%20de%20la%20Regi%C3%B3n%E2%80%9D&#038;url=https:\/\/radiorevelacionfm.cl\/?p=36879' aria-hidden='false' data-av_icon='\ue8fc' data-av_iconfont='entypo-fontello' title='' data-avia-related-tooltip='Compartir en LinkedIn' rel=\"noopener\"><span class='avia_hidden_link_text'>Compartir en LinkedIn<\/span><\/a><\/li><li class='av-share-link av-social-link-mail' ><a  aria-label=\"Compartir por correo\" href='mailto:?subject=Calisto%20destaca%20entrega%20de%20204%20casas%20en%20Puerto%20Ays%C3%A9n%3A%20%E2%80%9CSeguiremos%20trabajando%20con%20los%20distintos%20comit%C3%A9s%20de%20la%20Regi%C3%B3n%E2%80%9D&#038;body=https:\/\/radiorevelacionfm.cl\/?p=36879' aria-hidden='false' data-av_icon='\ue805' data-av_iconfont='entypo-fontello' title='' data-avia-related-tooltip='Compartir por correo'><span class='avia_hidden_link_text'>Compartir por correo<\/span><\/a><\/li><\/ul><\/div><\/div>\n<div  style='height:50px' class='hr hr-invisible   avia-builder-el-8  el_after_av_social_share  el_before_av_comments_list '><span class='hr-inner ' ><span class='hr-inner-style'><\/span><\/span><\/div>\n<div  class='av-buildercomment  av-blog-meta-html-info-disabled av-blog-meta-tag-disabled  '><\/div>\n","protected":false},"excerpt":{"rendered":"","protected":false},"author":1,"featured_media":36880,"comment_status":"open","ping_status":"open","sticky":false,"template":"","format":"standard","meta":{"footnotes":""},"categories":[35],"tags":[],"class_list":["post-36879","post","type-post","status-publish","format-standard","has-post-thumbnail","hentry","category-politica"],"jetpack_featured_media_url":"https:\/\/radiorevelacionfm.cl\/wp-content\/uploads\/2023\/11\/FOTO-AMUYEN-4-1-1.jpeg","_links":{"self":[{"href":"https:\/\/radiorevelacionfm.cl\/index.php?rest_route=\/wp\/v2\/posts\/36879","targetHints":{"allow":["GET"]}}],"collection":[{"href":"https:\/\/radiorevelacionfm.cl\/index.php?rest_route=\/wp\/v2\/posts"}],"about":[{"href":"https:\/\/radiorevelacionfm.cl\/index.php?rest_route=\/wp\/v2\/types\/post"}],"author":[{"embeddable":true,"href":"https:\/\/radiorevelacionfm.cl\/index.php?rest_route=\/wp\/v2\/users\/1"}],"replies":[{"embeddable":true,"href":"https:\/\/radiorevelacionfm.cl\/index.php?rest_route=%2Fwp%2Fv2%2Fcomments&post=36879"}],"version-history":[{"count":1,"href":"https:\/\/radiorevelacionfm.cl\/index.php?rest_route=\/wp\/v2\/posts\/36879\/revisions"}],"predecessor-version":[{"id":36881,"href":"https:\/\/radiorevelacionfm.cl\/index.php?rest_route=\/wp\/v2\/posts\/36879\/revisions\/36881"}],"wp:featuredmedia":[{"embeddable":true,"href":"https:\/\/radiorevelacionfm.cl\/index.php?rest_route=\/wp\/v2\/media\/36880"}],"wp:attachment":[{"href":"https:\/\/radiorevelacionfm.cl\/index.php?rest_route=%2Fwp%2Fv2%2Fmedia&parent=36879"}],"wp:term":[{"taxonomy":"category","embeddable":true,"href":"https:\/\/radiorevelacionfm.cl\/index.php?rest_route=%2Fwp%2Fv2%2Fcategories&post=36879"},{"taxonomy":"post_tag","embeddable":true,"href":"https:\/\/radiorevelacionfm.cl\/index.php?rest_route=%2Fwp%2Fv2%2Ftags&post=36879"}],"curies":[{"name":"wp","href":"https:\/\/api.w.org\/{rel}","templated":true}]}}