{"id":36876,"date":"2023-11-14T11:47:20","date_gmt":"2023-11-14T14:47:20","guid":{"rendered":"https:\/\/radiorevelacionfm.cl\/?p=36876"},"modified":"2023-11-14T11:47:20","modified_gmt":"2023-11-14T14:47:20","slug":"feria-migrante-patagonia-pluricultural-reunira-a-emprendedores-as-y-servicios-publicos-en-coyhaique","status":"publish","type":"post","link":"https:\/\/radiorevelacionfm.cl\/?p=36876","title":{"rendered":"Feria Migrante Patagonia Pluricultural reunir\u00e1 a emprendedores\/as y servicios p\u00fablicos en Coyhaique"},"content":{"rendered":"<div class=\"flex_column av_one_full  flex_column_div av-zero-column-padding first  avia-builder-el-0  el_before_av_one_full  avia-builder-el-first  \" style='border-radius:0px; '><div  class='avia-image-container  av-styling-    avia-builder-el-1  avia-builder-el-no-sibling  avia-align-center '  itemprop=\"image\" itemscope=\"itemscope\" itemtype=\"https:\/\/schema.org\/ImageObject\"  ><div class='avia-image-container-inner'><div class='avia-image-overlay-wrap'><img decoding=\"async\" class='wp-image-36877 avia-img-lazy-loading-not-36877 avia_image' src=\"https:\/\/radiorevelacionfm.cl\/wp-content\/uploads\/2023\/11\/feria-patagonia-pluricultural-1-1_optimized.jpg\" alt='' title='feria-patagonia-pluricultural-(1)-(1)_optimized' height=\"800\" width=\"800\"  itemprop=\"thumbnailUrl\" srcset=\"https:\/\/radiorevelacionfm.cl\/wp-content\/uploads\/2023\/11\/feria-patagonia-pluricultural-1-1_optimized.jpg 800w, https:\/\/radiorevelacionfm.cl\/wp-content\/uploads\/2023\/11\/feria-patagonia-pluricultural-1-1_optimized-300x300.jpg 300w, https:\/\/radiorevelacionfm.cl\/wp-content\/uploads\/2023\/11\/feria-patagonia-pluricultural-1-1_optimized-80x80.jpg 80w, https:\/\/radiorevelacionfm.cl\/wp-content\/uploads\/2023\/11\/feria-patagonia-pluricultural-1-1_optimized-768x768.jpg 768w, https:\/\/radiorevelacionfm.cl\/wp-content\/uploads\/2023\/11\/feria-patagonia-pluricultural-1-1_optimized-36x36.jpg 36w, https:\/\/radiorevelacionfm.cl\/wp-content\/uploads\/2023\/11\/feria-patagonia-pluricultural-1-1_optimized-180x180.jpg 180w, https:\/\/radiorevelacionfm.cl\/wp-content\/uploads\/2023\/11\/feria-patagonia-pluricultural-1-1_optimized-705x705.jpg 705w, https:\/\/radiorevelacionfm.cl\/wp-content\/uploads\/2023\/11\/feria-patagonia-pluricultural-1-1_optimized-120x120.jpg 120w, https:\/\/radiorevelacionfm.cl\/wp-content\/uploads\/2023\/11\/feria-patagonia-pluricultural-1-1_optimized-450x450.jpg 450w, https:\/\/radiorevelacionfm.cl\/wp-content\/uploads\/2023\/11\/feria-patagonia-pluricultural-1-1_optimized-600x600.jpg 600w, https:\/\/radiorevelacionfm.cl\/wp-content\/uploads\/2023\/11\/feria-patagonia-pluricultural-1-1_optimized-100x100.jpg 100w\" sizes=\"(max-width: 800px) 100vw, 800px\" \/><\/div><\/div><\/div><\/div><div class=\"flex_column av_one_full  flex_column_div av-zero-column-padding first  avia-builder-el-2  el_after_av_one_full  el_before_av_one_full  column-top-margin\" style='border-radius:0px; '><section class=\"av_textblock_section \"  itemscope=\"itemscope\" itemtype=\"https:\/\/schema.org\/BlogPosting\" itemprop=\"blogPost\" ><div class='avia_textblock  '   itemprop=\"text\" ><p style=\"text-align: center;\"><span style=\"font-size: 18pt;\"><strong>Feria Migrante Patagonia Pluricultural reunir\u00e1 a emprendedores\/as y servicios p\u00fablicos en Coyhaique<\/strong><\/span><\/p>\n<div id=\"gtx-trans\" style=\"position: absolute; left: -50px; top: 4.31534px;\">\n<div class=\"gtx-trans-icon\"><\/div>\n<\/div>\n<\/div><\/section><\/div><div class=\"flex_column av_one_full  flex_column_div av-zero-column-padding first  avia-builder-el-4  el_after_av_one_full  el_before_av_hr  column-top-margin\" style='border-radius:0px; '><section class=\"av_textblock_section \"  itemscope=\"itemscope\" itemtype=\"https:\/\/schema.org\/BlogPosting\" itemprop=\"blogPost\" ><div class='avia_textblock  '   itemprop=\"text\" ><p style=\"text-align: justify;\">El evento se realizar\u00e1 en la Plaza de Coyhaique y contar\u00e1 con cerca de 20 stands destinados a servicios p\u00fablicos, emprendedoras y emprendedores migrantes, en un espacio informativo ciudadano para realizar tr\u00e1mites y consultas, acompa\u00f1ado de un \u00e1rea de emprendimientos, para que el p\u00fablico asistente pueda disfrutar de variada oferta gastron\u00f3mica, artesanal y comercial.<\/p>\n<p style=\"text-align: justify;\">El Instituto Nacional de Derechos Humanos (INDH), La Seremi de Salud y el Fondo de Solidaridad e Inversi\u00f3n Social (FOSIS) a trav\u00e9s de la Mesa de Apoyo a Migrantes han esta iniciativa, con la finalidad de favorecer la inclusi\u00f3n de personas migrantes en el territorio, mediante el establecimiento de un espacio de contacto y coordinaci\u00f3n entre las instituciones del estado y este grupo especial de protecci\u00f3n; como tambi\u00e9n, favorecer la participaci\u00f3n efectiva de las personas migrantes internacionales en el desarrollo social, cultural y econ\u00f3mico regional.<\/p>\n<p style=\"text-align: justify;\">El Jefe Regional del INDH, Joaqu\u00edn Bizama, asegur\u00f3 que \u201ccomo INDH siempre hemos estados preocupados de ellos derechos de las personas migrantes, toda vez que se encuentren en una situaci\u00f3n de vulnerabilidad y marginalidad respecto de las decisiones que puedan afectarles. Si bien los derechos humanos son para todos y todas las personas que habitan chile, los migrantes se encuentran en una situaci\u00f3n de vulnerabilidad que requiere la acci\u00f3n decidida del estado para que pueda incluirse de buena manera en la sociedad y ser un aporte a la Patagonia chilena\u201d.<\/p>\n<p style=\"text-align: justify;\">Fernanda Leiva, Directora Regional del FOSIS, destac\u00f3 que \u00abdurante el a\u00f1o hemos estado realizando una serie de actividades, ferias informativas, de fomento, operativos de regularizaci\u00f3n y un seminario, que se llev\u00f3 a cabo la semana pasada. Para el FOSIS la integraci\u00f3n de la poblaci\u00f3n migrante es un tema prioritario. Estamos contentos de poder entregarles oportunidades y espacios como la Feria Patagonia Pluricultural, a los emprendedores y emprendedoras para que pueda comercializar sus productos, servicios y mostrarnos parte de su cultura\u00bb.<\/p>\n<p style=\"text-align: justify;\">La Seremi de Salud de Ays\u00e9n, Carmen Monsalve, convoc\u00f3 a la comunidad a ser parte de esta especial jornada y recalc\u00f3 que \u201cestamos mandatados por el Presidente Boric a plasmar la Pol\u00edtica Migratoria con bases de una pol\u00edtica enmarcada en el respeto de los derechos humanos y que tiene como prop\u00f3sito regularizar el proceso de inserci\u00f3n social y econ\u00f3mica de las personas migrantes y sus familias, defini\u00e9ndose de esta manera, los ejes de una pol\u00edtica que debemos abordar intersectorialmente\u201d.<\/p>\n<p style=\"text-align: justify;\">Estar\u00e1n presentes en la jornada el Servicio Nacional de Migraciones, Instituto Nacional de Derechos Humanos, PRODEMU, IPS- Chile Atiende, Seremi del Trabajo y Previsi\u00f3n Social, Direcci\u00f3n del Trabajo, Seremi de Salud, Diversa Patagonia, Colectivo de Mujeres Migrantes, JUNJI, Integra y la OMIL de la Municipalidad de Coyhaique.<\/p>\n<p style=\"text-align: justify;\">Patagonia Pluricultural contar\u00e1 con presentaciones musicales y art\u00edsticas cuyo foco son las tradiciones culturales de los pa\u00edses de Am\u00e9rica Latina y el Caribe, y, espacios informativos en temas como el cuidado de la salud, derechos laborales, derechos humanos, interculturalidad.<\/p>\n<\/div><\/section><\/div><div  style='height:50px' class='hr hr-invisible   avia-builder-el-6  el_after_av_one_full  el_before_av_social_share '><span class='hr-inner ' ><span class='hr-inner-style'><\/span><\/span><\/div><\/p>\n<div  class='av-social-sharing-box  avia-builder-el-7  el_after_av_hr  el_before_av_hr  '><div class='av-share-box'><h5 class='av-share-link-description av-no-toc '>Compartir esta noticia<\/h5><ul class='av-share-box-list noLightbox'><li class='av-share-link av-social-link-facebook' ><a target=\"_blank\" aria-label=\"Compartir en Facebook\" href='https:\/\/www.facebook.com\/sharer.php?u=https:\/\/radiorevelacionfm.cl\/?p=36876&#038;t=Feria%20Migrante%20Patagonia%20Pluricultural%20reunir%C3%A1%20a%20emprendedores%2Fas%20y%20servicios%20p%C3%BAblicos%20en%20Coyhaique' aria-hidden='false' data-av_icon='\ue8f3' data-av_iconfont='entypo-fontello' title='' data-avia-related-tooltip='Compartir en Facebook' rel=\"noopener\"><span class='avia_hidden_link_text'>Compartir en Facebook<\/span><\/a><\/li><li class='av-share-link av-social-link-twitter' ><a target=\"_blank\" aria-label=\"Compartir en Twitter\" href='https:\/\/twitter.com\/share?text=Feria%20Migrante%20Patagonia%20Pluricultural%20reunir%C3%A1%20a%20emprendedores%2Fas%20y%20servicios%20p%C3%BAblicos%20en%20Coyhaique&#038;url=https:\/\/radiorevelacionfm.cl\/?p=36876' aria-hidden='false' data-av_icon='\ue8f1' data-av_iconfont='entypo-fontello' title='' data-avia-related-tooltip='Compartir en Twitter' rel=\"noopener\"><span class='avia_hidden_link_text'>Compartir en Twitter<\/span><\/a><\/li><li class='av-share-link av-social-link-whatsapp' ><a target=\"_blank\" aria-label=\"Compartir en Whatsapp\" href='https:\/\/api.whatsapp.com\/send?text=https:\/\/radiorevelacionfm.cl\/?p=36876' aria-hidden='false' data-av_icon='\uf232' data-av_iconfont='entypo-fontello' title='' data-avia-related-tooltip='Compartir en Whatsapp' rel=\"noopener\"><span class='avia_hidden_link_text'>Compartir en Whatsapp<\/span><\/a><\/li><li class='av-share-link av-social-link-linkedin' ><a target=\"_blank\" aria-label=\"Compartir en LinkedIn\" href='https:\/\/linkedin.com\/shareArticle?mini=true&#038;title=Feria%20Migrante%20Patagonia%20Pluricultural%20reunir%C3%A1%20a%20emprendedores%2Fas%20y%20servicios%20p%C3%BAblicos%20en%20Coyhaique&#038;url=https:\/\/radiorevelacionfm.cl\/?p=36876' aria-hidden='false' data-av_icon='\ue8fc' data-av_iconfont='entypo-fontello' title='' data-avia-related-tooltip='Compartir en LinkedIn' rel=\"noopener\"><span class='avia_hidden_link_text'>Compartir en LinkedIn<\/span><\/a><\/li><li class='av-share-link av-social-link-mail' ><a  aria-label=\"Compartir por correo\" href='mailto:?subject=Feria%20Migrante%20Patagonia%20Pluricultural%20reunir%C3%A1%20a%20emprendedores%2Fas%20y%20servicios%20p%C3%BAblicos%20en%20Coyhaique&#038;body=https:\/\/radiorevelacionfm.cl\/?p=36876' aria-hidden='false' data-av_icon='\ue805' data-av_iconfont='entypo-fontello' title='' data-avia-related-tooltip='Compartir por correo'><span class='avia_hidden_link_text'>Compartir por correo<\/span><\/a><\/li><\/ul><\/div><\/div>\n<div  style='height:50px' class='hr hr-invisible   avia-builder-el-8  el_after_av_social_share  el_before_av_comments_list '><span class='hr-inner ' ><span class='hr-inner-style'><\/span><\/span><\/div>\n<div  class='av-buildercomment  av-blog-meta-html-info-disabled av-blog-meta-tag-disabled  '><\/div>\n","protected":false},"excerpt":{"rendered":"","protected":false},"author":1,"featured_media":36877,"comment_status":"open","ping_status":"open","sticky":false,"template":"","format":"standard","meta":{"footnotes":""},"categories":[38],"tags":[],"class_list":["post-36876","post","type-post","status-publish","format-standard","has-post-thumbnail","hentry","category-regional"],"jetpack_featured_media_url":"https:\/\/radiorevelacionfm.cl\/wp-content\/uploads\/2023\/11\/feria-patagonia-pluricultural-1-1_optimized.jpg","_links":{"self":[{"href":"https:\/\/radiorevelacionfm.cl\/index.php?rest_route=\/wp\/v2\/posts\/36876","targetHints":{"allow":["GET"]}}],"collection":[{"href":"https:\/\/radiorevelacionfm.cl\/index.php?rest_route=\/wp\/v2\/posts"}],"about":[{"href":"https:\/\/radiorevelacionfm.cl\/index.php?rest_route=\/wp\/v2\/types\/post"}],"author":[{"embeddable":true,"href":"https:\/\/radiorevelacionfm.cl\/index.php?rest_route=\/wp\/v2\/users\/1"}],"replies":[{"embeddable":true,"href":"https:\/\/radiorevelacionfm.cl\/index.php?rest_route=%2Fwp%2Fv2%2Fcomments&post=36876"}],"version-history":[{"count":1,"href":"https:\/\/radiorevelacionfm.cl\/index.php?rest_route=\/wp\/v2\/posts\/36876\/revisions"}],"predecessor-version":[{"id":36878,"href":"https:\/\/radiorevelacionfm.cl\/index.php?rest_route=\/wp\/v2\/posts\/36876\/revisions\/36878"}],"wp:featuredmedia":[{"embeddable":true,"href":"https:\/\/radiorevelacionfm.cl\/index.php?rest_route=\/wp\/v2\/media\/36877"}],"wp:attachment":[{"href":"https:\/\/radiorevelacionfm.cl\/index.php?rest_route=%2Fwp%2Fv2%2Fmedia&parent=36876"}],"wp:term":[{"taxonomy":"category","embeddable":true,"href":"https:\/\/radiorevelacionfm.cl\/index.php?rest_route=%2Fwp%2Fv2%2Fcategories&post=36876"},{"taxonomy":"post_tag","embeddable":true,"href":"https:\/\/radiorevelacionfm.cl\/index.php?rest_route=%2Fwp%2Fv2%2Ftags&post=36876"}],"curies":[{"name":"wp","href":"https:\/\/api.w.org\/{rel}","templated":true}]}}