{"id":36871,"date":"2023-11-13T15:24:54","date_gmt":"2023-11-13T18:24:54","guid":{"rendered":"https:\/\/radiorevelacionfm.cl\/?p=36871"},"modified":"2023-11-28T20:08:18","modified_gmt":"2023-11-28T23:08:18","slug":"seremi-isabel-garrido-presupuesto-2024-busca-consolidar-la-reactivacion-educativa","status":"publish","type":"post","link":"https:\/\/radiorevelacionfm.cl\/?p=36871","title":{"rendered":"Seremi Isabel Garrido: \u00abPresupuesto 2024 busca consolidar la Reactivaci\u00f3n Educativa\u00bb"},"content":{"rendered":"<div class=\"flex_column av_one_full  flex_column_div av-zero-column-padding first  avia-builder-el-0  el_before_av_one_full  avia-builder-el-first  \" style='border-radius:0px; '><div  class='avia-image-container  av-styling-    avia-builder-el-1  avia-builder-el-no-sibling  avia-align-center '  itemprop=\"image\" itemscope=\"itemscope\" itemtype=\"https:\/\/schema.org\/ImageObject\"  ><div class='avia-image-container-inner'><div class='avia-image-overlay-wrap'><img decoding=\"async\" class='wp-image-36874 avia-img-lazy-loading-not-36874 avia_image' src=\"https:\/\/radiorevelacionfm.cl\/wp-content\/uploads\/2023\/11\/Seremi-presupuesto-2024-1-2.jpg\" alt='' title='Seremi-presupuesto-2024 (1) (2)' height=\"600\" width=\"900\"  itemprop=\"thumbnailUrl\" srcset=\"https:\/\/radiorevelacionfm.cl\/wp-content\/uploads\/2023\/11\/Seremi-presupuesto-2024-1-2.jpg 900w, https:\/\/radiorevelacionfm.cl\/wp-content\/uploads\/2023\/11\/Seremi-presupuesto-2024-1-2-300x200.jpg 300w, https:\/\/radiorevelacionfm.cl\/wp-content\/uploads\/2023\/11\/Seremi-presupuesto-2024-1-2-768x512.jpg 768w, https:\/\/radiorevelacionfm.cl\/wp-content\/uploads\/2023\/11\/Seremi-presupuesto-2024-1-2-705x470.jpg 705w, https:\/\/radiorevelacionfm.cl\/wp-content\/uploads\/2023\/11\/Seremi-presupuesto-2024-1-2-450x300.jpg 450w, https:\/\/radiorevelacionfm.cl\/wp-content\/uploads\/2023\/11\/Seremi-presupuesto-2024-1-2-600x400.jpg 600w\" sizes=\"(max-width: 900px) 100vw, 900px\" \/><\/div><\/div><\/div><\/div><div class=\"flex_column av_one_full  flex_column_div av-zero-column-padding first  avia-builder-el-2  el_after_av_one_full  el_before_av_one_full  column-top-margin\" style='border-radius:0px; '><section class=\"av_textblock_section \"  itemscope=\"itemscope\" itemtype=\"https:\/\/schema.org\/BlogPosting\" itemprop=\"blogPost\" ><div class='avia_textblock  '   itemprop=\"text\" ><p style=\"text-align: center;\"><span style=\"font-size: 18pt;\"><b>Seremi Isabel Garrido: \u00abPresupuesto 2024 busca consolidar la Reactivaci\u00f3n Educativa\u00bb<\/b><\/span><\/p>\n<div id=\"gtx-trans\" style=\"position: absolute; left: -50px; top: 4.31534px;\">\n<div class=\"gtx-trans-icon\"><\/div>\n<\/div>\n<\/div><\/section><\/div><\/p>\n<div class=\"flex_column av_one_full  flex_column_div av-zero-column-padding first  avia-builder-el-4  el_after_av_one_full  el_before_av_hr  column-top-margin\" style='border-radius:0px; '><section class=\"av_textblock_section \"  itemscope=\"itemscope\" itemtype=\"https:\/\/schema.org\/BlogPosting\" itemprop=\"blogPost\" ><div class='avia_textblock  '   itemprop=\"text\" ><p class=\"v1MsoNormal\" style=\"text-align: justify;\">La Seremi de Educaci\u00f3n de Ays\u00e9n Isabel Garrido afirm\u00f3 que\u00a0 con el aumento del 4,2% del presupuesto de la cartera de Educaci\u00f3n incluido en el proyecto de Ley de Presupuesto 2024 se busca fortalecer la reactivaci\u00f3n educativa en materia de infraestructura, convivencia, aprendizaje y salud mental, entre otros temas.<\/p>\n<p class=\"v1MsoNormal\" style=\"text-align: justify;\">\u00abNuestros ni\u00f1os, ni\u00f1as y adolescentes siguen sufriendo duramente los efectos de la pandemia del Covid-19. Por ello, se consideran $31.853 millones para continuar fortaleciendo el Plan de Reactivaci\u00f3n Educativa, que considera una intervenci\u00f3n integral respecto de aprendizajes, deserci\u00f3n, convivencia y salud mental, adem\u00e1s de incluir por primera vez recursos para contingencias en materia de mantenciones y reparaciones de infraestructura escolar en los Servicios Locales de Educaci\u00f3n P\u00fablica (SLEP)\u00bb.<\/p>\n<p class=\"v1MsoNormal\" style=\"text-align: justify;\">Isabel Garrido detall\u00f3 que dentro de estos recursos se contemplan $11.254 millones a trav\u00e9s de una nueva asignaci\u00f3n destinada a fortalecer la convivencia escolar, los aprendizajes fundamentales y el Plan Nacional de Tutor\u00edas; donde este \u00faltimo programa espera alcanzar una cobertura de m\u00e1s de 72.000 estudiantes participantes.<\/p>\n<p class=\"v1MsoNormal\" style=\"text-align: justify;\">Con el objetivo de fortalecer el apoyo a la educaci\u00f3n escolar en municipios y SLEP, se destinar\u00e1n m\u00e1s de $172 mil millones a fondos de apoyo para la educaci\u00f3n p\u00fablica, increment\u00e1ndose en m\u00e1s de $17 mil millones respecto de 2023, es decir, en un 11%, destacando en este sentido los $12.420 millones del Fondo para la Reactivaci\u00f3n Educativa, destinados principalmente a promover la reincorporaci\u00f3n de estudiantes que han abandonado el sistema escolar.<\/p>\n<p class=\"v1MsoNormal\" style=\"text-align: justify;\">\u00abContinuando con el avance en la implementaci\u00f3n de la Nueva Educaci\u00f3n P\u00fablica, para el a\u00f1o 2024 esperamos incorporar 11 nuevos SLEP, totalizando 38 SLEP en operaci\u00f3n. A su vez, se contempla el traspaso del servicio educativo a 6 SLEP, los que alcanzar\u00e1n los 17 SLEP en r\u00e9gimen\u00bb, puntualiz\u00f3.<\/p>\n<p class=\"v1MsoNormal\" style=\"text-align: justify;\">Por otra parte, en educaci\u00f3n parvularia se pondr\u00e1n en marcha 36 jardines infantiles Junji durante 2024, que se sumar\u00e1n a los 24 esperados a iniciar operaci\u00f3n durante 2023.<\/p>\n<p class=\"v1MsoNormal\" style=\"text-align: justify;\">Los recursos asociados a subvenciones escolares y asignaciones a docentes y asistentes de la educaci\u00f3n a alcanzar\u00e1n los $8.586.822 millones para una matr\u00edcula que bordear\u00e1 los 3,3 millones de estudiantes, mientras que en educaci\u00f3n superior se contemplan $1.955.693 millones para el financiamiento de los casi 550.000 beneficiarios de la gratuidad, esperando sumar 39.000 nuevos estudiantes en 2024. Adem\u00e1s, se presupuesta continuar con el aumento de la Beca de Alimentaci\u00f3n para la Educaci\u00f3n Superior, que alcanzaba los $37.000 en 2022 y llegar\u00e1 a los $45.000 mensuales por estudiante en 2024, lo que implica un gasto total de $296.850 millones para esta beca.<\/p>\n<\/div><\/section><\/div>\n<div  style='height:50px' class='hr hr-invisible   avia-builder-el-6  el_after_av_one_full  el_before_av_social_share '><span class='hr-inner ' ><span class='hr-inner-style'><\/span><\/span><\/div>\n<div  class='av-social-sharing-box  avia-builder-el-7  el_after_av_hr  el_before_av_hr  '><div class='av-share-box'><h5 class='av-share-link-description av-no-toc '>Compartir esta noticia<\/h5><ul class='av-share-box-list noLightbox'><li class='av-share-link av-social-link-facebook' ><a target=\"_blank\" aria-label=\"Compartir en Facebook\" href='https:\/\/www.facebook.com\/sharer.php?u=https:\/\/radiorevelacionfm.cl\/?p=36871&#038;t=Seremi%20Isabel%20Garrido%3A%20%C2%ABPresupuesto%202024%20busca%20consolidar%20la%20Reactivaci%C3%B3n%20Educativa%C2%BB' aria-hidden='false' data-av_icon='\ue8f3' data-av_iconfont='entypo-fontello' title='' data-avia-related-tooltip='Compartir en Facebook' rel=\"noopener\"><span class='avia_hidden_link_text'>Compartir en Facebook<\/span><\/a><\/li><li class='av-share-link av-social-link-twitter' ><a target=\"_blank\" aria-label=\"Compartir en Twitter\" href='https:\/\/twitter.com\/share?text=Seremi%20Isabel%20Garrido%3A%20%C2%ABPresupuesto%202024%20busca%20consolidar%20la%20Reactivaci%C3%B3n%20Educativa%C2%BB&#038;url=https:\/\/radiorevelacionfm.cl\/?p=36871' aria-hidden='false' data-av_icon='\ue8f1' data-av_iconfont='entypo-fontello' title='' data-avia-related-tooltip='Compartir en Twitter' rel=\"noopener\"><span class='avia_hidden_link_text'>Compartir en Twitter<\/span><\/a><\/li><li class='av-share-link av-social-link-whatsapp' ><a target=\"_blank\" aria-label=\"Compartir en Whatsapp\" href='https:\/\/api.whatsapp.com\/send?text=https:\/\/radiorevelacionfm.cl\/?p=36871' aria-hidden='false' data-av_icon='\uf232' data-av_iconfont='entypo-fontello' title='' data-avia-related-tooltip='Compartir en Whatsapp' rel=\"noopener\"><span class='avia_hidden_link_text'>Compartir en Whatsapp<\/span><\/a><\/li><li class='av-share-link av-social-link-linkedin' ><a target=\"_blank\" aria-label=\"Compartir en LinkedIn\" href='https:\/\/linkedin.com\/shareArticle?mini=true&#038;title=Seremi%20Isabel%20Garrido%3A%20%C2%ABPresupuesto%202024%20busca%20consolidar%20la%20Reactivaci%C3%B3n%20Educativa%C2%BB&#038;url=https:\/\/radiorevelacionfm.cl\/?p=36871' aria-hidden='false' data-av_icon='\ue8fc' data-av_iconfont='entypo-fontello' title='' data-avia-related-tooltip='Compartir en LinkedIn' rel=\"noopener\"><span class='avia_hidden_link_text'>Compartir en LinkedIn<\/span><\/a><\/li><li class='av-share-link av-social-link-mail' ><a  aria-label=\"Compartir por correo\" href='mailto:?subject=Seremi%20Isabel%20Garrido%3A%20%C2%ABPresupuesto%202024%20busca%20consolidar%20la%20Reactivaci%C3%B3n%20Educativa%C2%BB&#038;body=https:\/\/radiorevelacionfm.cl\/?p=36871' aria-hidden='false' data-av_icon='\ue805' data-av_iconfont='entypo-fontello' title='' data-avia-related-tooltip='Compartir por correo'><span class='avia_hidden_link_text'>Compartir por correo<\/span><\/a><\/li><\/ul><\/div><\/div>\n<div  style='height:50px' class='hr hr-invisible   avia-builder-el-8  el_after_av_social_share  el_before_av_comments_list '><span class='hr-inner ' ><span class='hr-inner-style'><\/span><\/span><\/div>\n<div  class='av-buildercomment  av-blog-meta-html-info-disabled av-blog-meta-tag-disabled  '><\/div>\n","protected":false},"excerpt":{"rendered":"","protected":false},"author":1,"featured_media":36874,"comment_status":"open","ping_status":"open","sticky":false,"template":"","format":"standard","meta":{"footnotes":""},"categories":[49],"tags":[],"class_list":["post-36871","post","type-post","status-publish","format-standard","has-post-thumbnail","hentry","category-educacion"],"jetpack_featured_media_url":"https:\/\/radiorevelacionfm.cl\/wp-content\/uploads\/2023\/11\/Seremi-presupuesto-2024-1-2.jpg","_links":{"self":[{"href":"https:\/\/radiorevelacionfm.cl\/index.php?rest_route=\/wp\/v2\/posts\/36871","targetHints":{"allow":["GET"]}}],"collection":[{"href":"https:\/\/radiorevelacionfm.cl\/index.php?rest_route=\/wp\/v2\/posts"}],"about":[{"href":"https:\/\/radiorevelacionfm.cl\/index.php?rest_route=\/wp\/v2\/types\/post"}],"author":[{"embeddable":true,"href":"https:\/\/radiorevelacionfm.cl\/index.php?rest_route=\/wp\/v2\/users\/1"}],"replies":[{"embeddable":true,"href":"https:\/\/radiorevelacionfm.cl\/index.php?rest_route=%2Fwp%2Fv2%2Fcomments&post=36871"}],"version-history":[{"count":2,"href":"https:\/\/radiorevelacionfm.cl\/index.php?rest_route=\/wp\/v2\/posts\/36871\/revisions"}],"predecessor-version":[{"id":36875,"href":"https:\/\/radiorevelacionfm.cl\/index.php?rest_route=\/wp\/v2\/posts\/36871\/revisions\/36875"}],"wp:featuredmedia":[{"embeddable":true,"href":"https:\/\/radiorevelacionfm.cl\/index.php?rest_route=\/wp\/v2\/media\/36874"}],"wp:attachment":[{"href":"https:\/\/radiorevelacionfm.cl\/index.php?rest_route=%2Fwp%2Fv2%2Fmedia&parent=36871"}],"wp:term":[{"taxonomy":"category","embeddable":true,"href":"https:\/\/radiorevelacionfm.cl\/index.php?rest_route=%2Fwp%2Fv2%2Fcategories&post=36871"},{"taxonomy":"post_tag","embeddable":true,"href":"https:\/\/radiorevelacionfm.cl\/index.php?rest_route=%2Fwp%2Fv2%2Ftags&post=36871"}],"curies":[{"name":"wp","href":"https:\/\/api.w.org\/{rel}","templated":true}]}}