{"id":3687,"date":"2021-04-30T16:30:24","date_gmt":"2021-04-30T19:30:24","guid":{"rendered":"https:\/\/radiorevelacionfm.cl\/?p=3687"},"modified":"2021-04-30T16:30:24","modified_gmt":"2021-04-30T19:30:24","slug":"seremi-de-justicia-y-dd-hh-destaca-avance-en-proyecto-de-ley-que-permite-invertir-el-orden-de-los-apellidos","status":"publish","type":"post","link":"https:\/\/radiorevelacionfm.cl\/?p=3687","title":{"rendered":"Seremi de Justicia y DD.HH destaca avance en proyecto de ley que permite invertir el orden de los apellidos"},"content":{"rendered":"<div class=\"flex_column av_one_full  flex_column_div av-zero-column-padding first  avia-builder-el-0  el_before_av_one_full  avia-builder-el-first  \" style='border-radius:0px; '><div  class='avia-image-container  av-styling-    avia-builder-el-1  avia-builder-el-no-sibling  avia-align-center '  itemprop=\"image\" itemscope=\"itemscope\" itemtype=\"https:\/\/schema.org\/ImageObject\"  ><div class='avia-image-container-inner'><div class='avia-image-overlay-wrap'><img decoding=\"async\" class='wp-image-0 avia-img-lazy-loading-not-0 avia_image' src=\"https:\/\/radiorevelacionfm.cl\/wp-content\/uploads\/2021\/04\/Seremi-Justicia-y-DDHH-1.jpg\" alt='' title=''   itemprop=\"thumbnailUrl\"  \/><\/div><\/div><\/div><\/div><div class=\"flex_column av_one_full  flex_column_div av-zero-column-padding first  avia-builder-el-2  el_after_av_one_full  el_before_av_one_full  column-top-margin\" style='border-radius:0px; '><section class=\"av_textblock_section \"  itemscope=\"itemscope\" itemtype=\"https:\/\/schema.org\/BlogPosting\" itemprop=\"blogPost\" ><div class='avia_textblock  '   itemprop=\"text\" ><p style=\"text-align: center;\"><strong><span style=\"font-size: 18pt;\">Seremi de Justicia y DD.HH destaca avance en proyecto de ley que permite invertir el orden de los apellidos<\/span><\/strong><\/p>\n<div id=\"gtx-trans\" style=\"position: absolute; left: -50px; top: 4.31534px;\">\n<div class=\"gtx-trans-icon\"><\/div>\n<\/div>\n<\/div><\/section><\/div><div class=\"flex_column av_one_full  flex_column_div av-zero-column-padding first  avia-builder-el-4  el_after_av_one_full  el_before_av_hr  column-top-margin\" style='border-radius:0px; '><section class=\"av_textblock_section \"  itemscope=\"itemscope\" itemtype=\"https:\/\/schema.org\/BlogPosting\" itemprop=\"blogPost\" ><div class='avia_textblock  '   itemprop=\"text\" ><p style=\"text-align: justify;\">La iniciativa, permitir\u00e1 a los padres al momento del nacimiento de un hijo, definir el orden de los apellidos, o una persona, cumpliendo los 18 a\u00f1os podr\u00e1 tomar esa misma decisi\u00f3n, por la v\u00eda judicial.<\/p>\n<p style=\"text-align: justify;\">Durante la jornada de este jueves, la C\u00e1mara de Diputados despach\u00f3 a ley el proyecto que permite el cambio del orden del apellido paterno y materno, luego que se aprobaran todas las indicaciones presentadas por el Ministerio de Justicia y Derechos Humanos a la iniciativa. As\u00ed lo dio a conocer el Seremi de la cartera a nivel regional, Luis Prieto Epuyao.<\/p>\n<p style=\"text-align: justify;\">Cabe mencionar que el proyecto tiene por objeto establecer que los padres podr\u00e1n expresar de com\u00fan acuerdo, al momento de inscribir el nacimiento de su primer hijo o hija, el orden de sus apellidos, el cual deber\u00e1 ser el mismo para todos los hijos comunes que puedan venir despu\u00e9s. Si los padres no expresan lo contrario, se aplicar\u00e1 la regla que existe hoy. Del mismo modo, el proyecto faculta a las personas a solicitar la rectificaci\u00f3n administrativa, con el objeto de invertir el orden de sus apellidos con que figuran en sus partidas de nacimiento.<\/p>\n<p style=\"text-align: justify;\">Al respecto, el Seremi de Justicia y DD.HH, Luis Prieto se\u00f1al\u00f3 que \u00a0\u201ces muy significativo dar libertad a los padres, respecto de sus hijos, y a los mayores de edad, respecto de su propia identidad, para determinar el orden de sus apellidos, adem\u00e1s, con la pr\u00f3xima materializaci\u00f3n de este proyecto de ley, terminaremos con una forma de discriminaci\u00f3n contra las madres, quienes hasta ahora no pod\u00edan legarle su apellido como el primer apellido para sus hijos\u201d.<\/p>\n<p style=\"text-align: justify;\">Dentro de las indicaciones que permitir\u00e1n la operatividad de la moci\u00f3n parlamentaria, se encuentra, la incorporaci\u00f3n en el C\u00f3digo Civil de los distintos casos que pueden presentarse para efectos de la determinaci\u00f3n del orden de los apellidos de un hijo al momento de su inscripci\u00f3n, es decir que al momento de la inscripci\u00f3n del primog\u00e9nito, el orden de los apellidos ser\u00e1 el que se\u00f1alen ambos padres, a falta de un acuerdo, se mantendr\u00e1 primero el apellido paterno, y luego el materno, ahora si al momento de la inscripci\u00f3n de nacimiento queda determinada la filiaci\u00f3n s\u00f3lo respecto de la madre o del padre, se inscribir\u00e1 al nacido con el primer apellido de dicha madre o dicho padre y todos los hijos en com\u00fan de una madre y un padre, deber\u00e1n inscribirse con el mismo orden de apellidos con que fuere inscrito el primog\u00e9nito.<\/p>\n<p style=\"text-align: justify;\">Ahora respecto al procedimiento administrativo de cambio de orden de los apellidos, se indica que \u00a0toda persona mayor de edad podr\u00e1, por una sola vez, solicitar, ante el Registro Civil, el cambio de orden de los apellidos determinados en su inscripci\u00f3n de nacimiento, estableci\u00e9ndose ciertas especificaciones, en el caso de extranjeros, s\u00f3lo podr\u00e1n requerir el cambio para efectos de la emisi\u00f3n o rectificaci\u00f3n de sus documentos chilenos, acompa\u00f1ando documentaci\u00f3n que acredite su permanencia en Chile e inscribir previamente su nacimiento en el Registro Civil. Mientras que las\u00a0personas actualmente procesadas, formalizadas, con \u00f3rdenes de detenci\u00f3n pendientes, con medidas cautelares, o condenadas por crimen o simple delito que merezca pena aflictiva: no podr\u00e1n utilizar el procedimiento administrativo, sino s\u00f3lo el que regula la Ley N\u00b0 17.344, que autoriza cambio de nombres y apellidos en sede judicial. Y cuando se trate de personas por delitos sexuales, se establece una prohibici\u00f3n absoluta, de manera ni siquiera ante el juez se autorizar\u00e1 el cambio de nombre o apellido o la supresi\u00f3n de nombres propios.<\/p>\n<p style=\"text-align: justify;\">Finalmente, y en cuanto a la relaci\u00f3n con los descendientes del solicitante, el cambio del orden de sus apellidos, obtenido por v\u00eda administrativa o judicial, provocar\u00e1 el cambio del respectivo apellido de sus hijos menores de edad. Sin embargo, si el solicitante tuviere hijos mayores de 14 y menores de 18 a\u00f1os, \u00e9stos deber\u00e1n manifestar su consentimiento. Los hijos mayores de edad, en tanto, podr\u00e1n solicitar ante el Registro Civil el cambio.<\/p>\n<\/div><\/section><\/div><div  style='height:50px' class='hr hr-invisible   avia-builder-el-6  el_after_av_one_full  el_before_av_social_share '><span class='hr-inner ' ><span class='hr-inner-style'><\/span><\/span><\/div><\/p>\n<div  class='av-social-sharing-box  avia-builder-el-7  el_after_av_hr  el_before_av_hr  '><div class='av-share-box'><h5 class='av-share-link-description av-no-toc '>Compartir esta noticia<\/h5><ul class='av-share-box-list noLightbox'><li class='av-share-link av-social-link-facebook' ><a target=\"_blank\" aria-label=\"Compartir en Facebook\" href='https:\/\/www.facebook.com\/sharer.php?u=https:\/\/radiorevelacionfm.cl\/?p=3687&#038;t=Seremi%20de%20Justicia%20y%20DD.HH%20destaca%20avance%20en%20proyecto%20de%20ley%20que%20permite%20invertir%20el%20orden%20de%20los%20apellidos' aria-hidden='false' data-av_icon='\ue8f3' data-av_iconfont='entypo-fontello' title='' data-avia-related-tooltip='Compartir en Facebook' rel=\"noopener\"><span class='avia_hidden_link_text'>Compartir en Facebook<\/span><\/a><\/li><li class='av-share-link av-social-link-twitter' ><a target=\"_blank\" aria-label=\"Compartir en Twitter\" href='https:\/\/twitter.com\/share?text=Seremi%20de%20Justicia%20y%20DD.HH%20destaca%20avance%20en%20proyecto%20de%20ley%20que%20permite%20invertir%20el%20orden%20de%20los%20apellidos&#038;url=https:\/\/radiorevelacionfm.cl\/?p=3687' aria-hidden='false' data-av_icon='\ue8f1' data-av_iconfont='entypo-fontello' title='' data-avia-related-tooltip='Compartir en Twitter' rel=\"noopener\"><span class='avia_hidden_link_text'>Compartir en Twitter<\/span><\/a><\/li><li class='av-share-link av-social-link-whatsapp' ><a target=\"_blank\" aria-label=\"Compartir en Whatsapp\" href='https:\/\/api.whatsapp.com\/send?text=https:\/\/radiorevelacionfm.cl\/?p=3687' aria-hidden='false' data-av_icon='\uf232' data-av_iconfont='entypo-fontello' title='' data-avia-related-tooltip='Compartir en Whatsapp' rel=\"noopener\"><span class='avia_hidden_link_text'>Compartir en Whatsapp<\/span><\/a><\/li><li class='av-share-link av-social-link-linkedin' ><a target=\"_blank\" aria-label=\"Compartir en LinkedIn\" href='https:\/\/linkedin.com\/shareArticle?mini=true&#038;title=Seremi%20de%20Justicia%20y%20DD.HH%20destaca%20avance%20en%20proyecto%20de%20ley%20que%20permite%20invertir%20el%20orden%20de%20los%20apellidos&#038;url=https:\/\/radiorevelacionfm.cl\/?p=3687' aria-hidden='false' data-av_icon='\ue8fc' data-av_iconfont='entypo-fontello' title='' data-avia-related-tooltip='Compartir en LinkedIn' rel=\"noopener\"><span class='avia_hidden_link_text'>Compartir en LinkedIn<\/span><\/a><\/li><li class='av-share-link av-social-link-mail' ><a  aria-label=\"Compartir por correo\" href='mailto:?subject=Seremi%20de%20Justicia%20y%20DD.HH%20destaca%20avance%20en%20proyecto%20de%20ley%20que%20permite%20invertir%20el%20orden%20de%20los%20apellidos&#038;body=https:\/\/radiorevelacionfm.cl\/?p=3687' aria-hidden='false' data-av_icon='\ue805' data-av_iconfont='entypo-fontello' title='' data-avia-related-tooltip='Compartir por correo'><span class='avia_hidden_link_text'>Compartir por correo<\/span><\/a><\/li><\/ul><\/div><\/div>\n<div  style='height:50px' class='hr hr-invisible   avia-builder-el-8  el_after_av_social_share  el_before_av_comments_list '><span class='hr-inner ' ><span class='hr-inner-style'><\/span><\/span><\/div>\n<div  class='av-buildercomment  av-blog-meta-html-info-disabled av-blog-meta-tag-disabled  '><\/div>\n","protected":false},"excerpt":{"rendered":"","protected":false},"author":1,"featured_media":0,"comment_status":"open","ping_status":"open","sticky":false,"template":"","format":"standard","meta":{"footnotes":""},"categories":[55],"tags":[],"class_list":["post-3687","post","type-post","status-publish","format-standard","hentry","category-justicia"],"jetpack_featured_media_url":"","_links":{"self":[{"href":"https:\/\/radiorevelacionfm.cl\/index.php?rest_route=\/wp\/v2\/posts\/3687","targetHints":{"allow":["GET"]}}],"collection":[{"href":"https:\/\/radiorevelacionfm.cl\/index.php?rest_route=\/wp\/v2\/posts"}],"about":[{"href":"https:\/\/radiorevelacionfm.cl\/index.php?rest_route=\/wp\/v2\/types\/post"}],"author":[{"embeddable":true,"href":"https:\/\/radiorevelacionfm.cl\/index.php?rest_route=\/wp\/v2\/users\/1"}],"replies":[{"embeddable":true,"href":"https:\/\/radiorevelacionfm.cl\/index.php?rest_route=%2Fwp%2Fv2%2Fcomments&post=3687"}],"version-history":[{"count":1,"href":"https:\/\/radiorevelacionfm.cl\/index.php?rest_route=\/wp\/v2\/posts\/3687\/revisions"}],"predecessor-version":[{"id":3689,"href":"https:\/\/radiorevelacionfm.cl\/index.php?rest_route=\/wp\/v2\/posts\/3687\/revisions\/3689"}],"wp:attachment":[{"href":"https:\/\/radiorevelacionfm.cl\/index.php?rest_route=%2Fwp%2Fv2%2Fmedia&parent=3687"}],"wp:term":[{"taxonomy":"category","embeddable":true,"href":"https:\/\/radiorevelacionfm.cl\/index.php?rest_route=%2Fwp%2Fv2%2Fcategories&post=3687"},{"taxonomy":"post_tag","embeddable":true,"href":"https:\/\/radiorevelacionfm.cl\/index.php?rest_route=%2Fwp%2Fv2%2Ftags&post=3687"}],"curies":[{"name":"wp","href":"https:\/\/api.w.org\/{rel}","templated":true}]}}