{"id":36868,"date":"2023-11-13T18:50:52","date_gmt":"2023-11-13T21:50:52","guid":{"rendered":"https:\/\/radiorevelacionfm.cl\/?p=36868"},"modified":"2023-11-13T18:50:52","modified_gmt":"2023-11-13T21:50:52","slug":"en-aysen-conmemoran-primer-dia-nacional-de-las-areas-protegidas","status":"publish","type":"post","link":"https:\/\/radiorevelacionfm.cl\/?p=36868","title":{"rendered":"En Ays\u00e9n conmemoran primer d\u00eda Nacional de las \u00c1reas Protegidas"},"content":{"rendered":"<div class=\"flex_column av_one_full  flex_column_div av-zero-column-padding first  avia-builder-el-0  el_before_av_one_full  avia-builder-el-first  \" style='border-radius:0px; '><div  class='avia-image-container  av-styling-    avia-builder-el-1  avia-builder-el-no-sibling  avia-align-center '  itemprop=\"image\" itemscope=\"itemscope\" itemtype=\"https:\/\/schema.org\/ImageObject\"  ><div class='avia-image-container-inner'><div class='avia-image-overlay-wrap'><img decoding=\"async\" class='wp-image-36869 avia-img-lazy-loading-not-36869 avia_image' src=\"https:\/\/radiorevelacionfm.cl\/wp-content\/uploads\/2023\/11\/img_20231111_113707-1-1_optimized-1.jpg\" alt='' title='img_20231111_113707-(1)-(1)_optimized (1)' height=\"600\" width=\"1077\"  itemprop=\"thumbnailUrl\" srcset=\"https:\/\/radiorevelacionfm.cl\/wp-content\/uploads\/2023\/11\/img_20231111_113707-1-1_optimized-1.jpg 1077w, https:\/\/radiorevelacionfm.cl\/wp-content\/uploads\/2023\/11\/img_20231111_113707-1-1_optimized-1-300x167.jpg 300w, https:\/\/radiorevelacionfm.cl\/wp-content\/uploads\/2023\/11\/img_20231111_113707-1-1_optimized-1-1030x574.jpg 1030w, https:\/\/radiorevelacionfm.cl\/wp-content\/uploads\/2023\/11\/img_20231111_113707-1-1_optimized-1-768x428.jpg 768w, https:\/\/radiorevelacionfm.cl\/wp-content\/uploads\/2023\/11\/img_20231111_113707-1-1_optimized-1-705x393.jpg 705w, https:\/\/radiorevelacionfm.cl\/wp-content\/uploads\/2023\/11\/img_20231111_113707-1-1_optimized-1-450x251.jpg 450w, https:\/\/radiorevelacionfm.cl\/wp-content\/uploads\/2023\/11\/img_20231111_113707-1-1_optimized-1-600x334.jpg 600w\" sizes=\"(max-width: 1077px) 100vw, 1077px\" \/><\/div><\/div><\/div><\/div><div class=\"flex_column av_one_full  flex_column_div av-zero-column-padding first  avia-builder-el-2  el_after_av_one_full  el_before_av_one_full  column-top-margin\" style='border-radius:0px; '><section class=\"av_textblock_section \"  itemscope=\"itemscope\" itemtype=\"https:\/\/schema.org\/BlogPosting\" itemprop=\"blogPost\" ><div class='avia_textblock  '   itemprop=\"text\" ><p style=\"text-align: center;\"><span style=\"font-size: 18pt;\"><strong>En Ays\u00e9n conmemoran primer d\u00eda Nacional de las \u00c1reas Protegidas<\/strong><\/span><\/p>\n<div id=\"gtx-trans\" style=\"position: absolute; left: -50px; top: 4.31534px;\">\n<div class=\"gtx-trans-icon\"><\/div>\n<\/div>\n<\/div><\/section><\/div><div class=\"flex_column av_one_full  flex_column_div av-zero-column-padding first  avia-builder-el-4  el_after_av_one_full  el_before_av_hr  column-top-margin\" style='border-radius:0px; '><section class=\"av_textblock_section \"  itemscope=\"itemscope\" itemtype=\"https:\/\/schema.org\/BlogPosting\" itemprop=\"blogPost\" ><div class='avia_textblock  '   itemprop=\"text\" ><p style=\"text-align: justify;\">Por primera vez Chile celebra oficialmente el #D\u00edaNacionalDeLas\u00c1reasProtegidas, luego que el pasado 27 de septiembre se publicara en el Diario Oficial la ley que declara su conmemoraci\u00f3n.<\/p>\n<p style=\"text-align: justify;\">Para relevar esta primera celebraci\u00f3n, la Seremi del Medio Ambiente, Conaf Ays\u00e9n y la fundaci\u00f3n \u00c1reas Protegidas Chile, convocaron a la comunidad aysenina a sumarse a una jornada en la Reserva Nacional Coyhaique, para lo que se dispuso la entrada gratuita a quienes quisieran participar de la experiencia. M\u00e1s de 30 personas entre ni\u00f1os ni\u00f1as, j\u00f3venes y adultos aceptaron la invitaci\u00f3n a conocer en profundidad las bondades y puesta en valor de los ecosistemas regionales.<\/p>\n<p style=\"text-align: justify;\">La Jefa del Departamento de \u00c1reas Silvestres Protegidas de Conaf Ays\u00e9n, \u00a0Andrea Bahamonde, indic\u00f3 que \u201cesta fecha viene a relevar el patrimonio ambiental que posee el pa\u00eds a trav\u00e9s de sus diferentes ecosistemas, terrestres, acu\u00e1ticos, marinos, la diversidad biol\u00f3gica que posee tanto en las \u00e1reas protegidas p\u00fablicas como privadas\u201d, agregando que la actividad de recorrido con la comunidad local, brind\u00f3 la oportunidad de valorar el patrimonio cultural y ambiental de la regi\u00f3n de Ays\u00e9n.<\/p>\n<p style=\"text-align: justify;\">La actividad consisti\u00f3 en una caminata guiada por guardaparques de Conaf Ays\u00e9n, hacia la Laguna Verde, en un sendero de 3km, donde las y los participantes se reunieron para dar pie a un espacio de reflexi\u00f3n en torno a la importancia de las \u00e1reas protegidas, intercambiar experiencias y abordar tambi\u00e9n los desaf\u00edos que se avecinan con la implementaci\u00f3n del nuevo Servicio de Biodiversidad y \u00c1reas Protegidas.<\/p>\n<p style=\"text-align: justify;\">Al respecto el Seremi del Medio Ambiente, Yoal D\u00edaz destac\u00f3 que \u201cfue un hito bastante relevante, considerando que esta nueva institucionalidad que viene a trabajar el Servicio de Biodiversidad y \u00c1reas Protegidas, tambi\u00e9n va a tener un rol importante en resguardar y preservar estos pulmones verdes que nos permiten enfrentar de mejor manera la crisis clim\u00e1tica\u201d, agradeciendo adem\u00e1s a todos y todas las presentes en la actividad.<\/p>\n<p style=\"text-align: justify;\">Un \u00e1rea protegida se define como: un espacio protegido, terrestre o acu\u00e1tico, para el cuidado de su biodiversidad, preservando la naturaleza y conservando el patrimonio ambiental de Chile. En nuestro pa\u00eds ya se han declarado 232 \u00e1reas protegidas y en la regi\u00f3n de Ays\u00e9n suman m\u00e1s del 52% del territorio, lo que considera 19 unidades a cargo de Conaf, 3 Santuarios de la Naturaleza, y 2 \u00c1reas Marino \u2013 Costeras Protegidas de M\u00faltiples Usos.<\/p>\n<p style=\"text-align: justify;\">Respecto de estas dos \u00faltimas, el Seremi del Medio Ambiente destac\u00f3 los avances que han tenido en el trabajo conjunto con las comunidades, para la conservaci\u00f3n y desarrollo de actividades productivas en armon\u00eda y resguardo de los ecosistemas, ya casi concretando el plan de manejo del \u00e1rea marina de Tortel, y en plena ejecuci\u00f3n del plan de maje\u00f1o del \u00e1rea marina Pitipaplena A\u00f1ihue \u201cLa pr\u00f3xima semana nos vamos a Ra\u00fal Mar\u00edn Balmaceda a concretar un hito muy importante para la gesti\u00f3n del \u00e1rea, nos vamos a reunir con ni\u00f1os y ni\u00f1as de los establecimientos educacionales, para realizar una actividad de educaci\u00f3n ambiental de navegaci\u00f3n por el \u00e1rea, y adem\u00e1s nos reuniremos con actores locales para poner a prueba el protocolo de vigilancia\u201d, destac\u00f3 la autoridad ambiental, reforzando que el trabajo de protecci\u00f3n y conservaci\u00f3n es constante, colaborativo y que el nuevo servicio de biodiversidad viene a robustecer con nuevas herramientas de gesti\u00f3n, normas y programas.<\/p>\n<\/div><\/section><\/div><div  style='height:50px' class='hr hr-invisible   avia-builder-el-6  el_after_av_one_full  el_before_av_social_share '><span class='hr-inner ' ><span class='hr-inner-style'><\/span><\/span><\/div><\/p>\n<div  class='av-social-sharing-box  avia-builder-el-7  el_after_av_hr  el_before_av_hr  '><div class='av-share-box'><h5 class='av-share-link-description av-no-toc '>Compartir esta noticia<\/h5><ul class='av-share-box-list noLightbox'><li class='av-share-link av-social-link-facebook' ><a target=\"_blank\" aria-label=\"Compartir en Facebook\" href='https:\/\/www.facebook.com\/sharer.php?u=https:\/\/radiorevelacionfm.cl\/?p=36868&#038;t=En%20Ays%C3%A9n%20conmemoran%20primer%20d%C3%ADa%20Nacional%20de%20las%20%C3%81reas%20Protegidas' aria-hidden='false' data-av_icon='\ue8f3' data-av_iconfont='entypo-fontello' title='' data-avia-related-tooltip='Compartir en Facebook' rel=\"noopener\"><span class='avia_hidden_link_text'>Compartir en Facebook<\/span><\/a><\/li><li class='av-share-link av-social-link-twitter' ><a target=\"_blank\" aria-label=\"Compartir en Twitter\" href='https:\/\/twitter.com\/share?text=En%20Ays%C3%A9n%20conmemoran%20primer%20d%C3%ADa%20Nacional%20de%20las%20%C3%81reas%20Protegidas&#038;url=https:\/\/radiorevelacionfm.cl\/?p=36868' aria-hidden='false' data-av_icon='\ue8f1' data-av_iconfont='entypo-fontello' title='' data-avia-related-tooltip='Compartir en Twitter' rel=\"noopener\"><span class='avia_hidden_link_text'>Compartir en Twitter<\/span><\/a><\/li><li class='av-share-link av-social-link-whatsapp' ><a target=\"_blank\" aria-label=\"Compartir en Whatsapp\" href='https:\/\/api.whatsapp.com\/send?text=https:\/\/radiorevelacionfm.cl\/?p=36868' aria-hidden='false' data-av_icon='\uf232' data-av_iconfont='entypo-fontello' title='' data-avia-related-tooltip='Compartir en Whatsapp' rel=\"noopener\"><span class='avia_hidden_link_text'>Compartir en Whatsapp<\/span><\/a><\/li><li class='av-share-link av-social-link-linkedin' ><a target=\"_blank\" aria-label=\"Compartir en LinkedIn\" href='https:\/\/linkedin.com\/shareArticle?mini=true&#038;title=En%20Ays%C3%A9n%20conmemoran%20primer%20d%C3%ADa%20Nacional%20de%20las%20%C3%81reas%20Protegidas&#038;url=https:\/\/radiorevelacionfm.cl\/?p=36868' aria-hidden='false' data-av_icon='\ue8fc' data-av_iconfont='entypo-fontello' title='' data-avia-related-tooltip='Compartir en LinkedIn' rel=\"noopener\"><span class='avia_hidden_link_text'>Compartir en LinkedIn<\/span><\/a><\/li><li class='av-share-link av-social-link-mail' ><a  aria-label=\"Compartir por correo\" href='mailto:?subject=En%20Ays%C3%A9n%20conmemoran%20primer%20d%C3%ADa%20Nacional%20de%20las%20%C3%81reas%20Protegidas&#038;body=https:\/\/radiorevelacionfm.cl\/?p=36868' aria-hidden='false' data-av_icon='\ue805' data-av_iconfont='entypo-fontello' title='' data-avia-related-tooltip='Compartir por correo'><span class='avia_hidden_link_text'>Compartir por correo<\/span><\/a><\/li><\/ul><\/div><\/div>\n<div  style='height:50px' class='hr hr-invisible   avia-builder-el-8  el_after_av_social_share  el_before_av_comments_list '><span class='hr-inner ' ><span class='hr-inner-style'><\/span><\/span><\/div>\n<div  class='av-buildercomment  av-blog-meta-html-info-disabled av-blog-meta-tag-disabled  '><\/div>\n","protected":false},"excerpt":{"rendered":"","protected":false},"author":1,"featured_media":36869,"comment_status":"open","ping_status":"open","sticky":false,"template":"","format":"standard","meta":{"footnotes":""},"categories":[39],"tags":[],"class_list":["post-36868","post","type-post","status-publish","format-standard","has-post-thumbnail","hentry","category-medio-ambiente"],"jetpack_featured_media_url":"https:\/\/radiorevelacionfm.cl\/wp-content\/uploads\/2023\/11\/img_20231111_113707-1-1_optimized-1.jpg","_links":{"self":[{"href":"https:\/\/radiorevelacionfm.cl\/index.php?rest_route=\/wp\/v2\/posts\/36868","targetHints":{"allow":["GET"]}}],"collection":[{"href":"https:\/\/radiorevelacionfm.cl\/index.php?rest_route=\/wp\/v2\/posts"}],"about":[{"href":"https:\/\/radiorevelacionfm.cl\/index.php?rest_route=\/wp\/v2\/types\/post"}],"author":[{"embeddable":true,"href":"https:\/\/radiorevelacionfm.cl\/index.php?rest_route=\/wp\/v2\/users\/1"}],"replies":[{"embeddable":true,"href":"https:\/\/radiorevelacionfm.cl\/index.php?rest_route=%2Fwp%2Fv2%2Fcomments&post=36868"}],"version-history":[{"count":1,"href":"https:\/\/radiorevelacionfm.cl\/index.php?rest_route=\/wp\/v2\/posts\/36868\/revisions"}],"predecessor-version":[{"id":36870,"href":"https:\/\/radiorevelacionfm.cl\/index.php?rest_route=\/wp\/v2\/posts\/36868\/revisions\/36870"}],"wp:featuredmedia":[{"embeddable":true,"href":"https:\/\/radiorevelacionfm.cl\/index.php?rest_route=\/wp\/v2\/media\/36869"}],"wp:attachment":[{"href":"https:\/\/radiorevelacionfm.cl\/index.php?rest_route=%2Fwp%2Fv2%2Fmedia&parent=36868"}],"wp:term":[{"taxonomy":"category","embeddable":true,"href":"https:\/\/radiorevelacionfm.cl\/index.php?rest_route=%2Fwp%2Fv2%2Fcategories&post=36868"},{"taxonomy":"post_tag","embeddable":true,"href":"https:\/\/radiorevelacionfm.cl\/index.php?rest_route=%2Fwp%2Fv2%2Ftags&post=36868"}],"curies":[{"name":"wp","href":"https:\/\/api.w.org\/{rel}","templated":true}]}}