{"id":36864,"date":"2023-11-13T15:50:01","date_gmt":"2023-11-13T18:50:01","guid":{"rendered":"https:\/\/radiorevelacionfm.cl\/?p=36864"},"modified":"2023-11-13T15:50:01","modified_gmt":"2023-11-13T18:50:01","slug":"rescatando-la-cultura-y-oficios-del-baker-la-madera-su-tallado-y-carpinteria","status":"publish","type":"post","link":"https:\/\/radiorevelacionfm.cl\/?p=36864","title":{"rendered":"Rescatando la Cultura y Oficios del Baker: La madera, su tallado y carpinter\u00eda"},"content":{"rendered":"<div class=\"flex_column av_one_full  flex_column_div av-zero-column-padding first  avia-builder-el-0  el_before_av_one_full  avia-builder-el-first  \" style='border-radius:0px; '><div  class='avia-image-container  av-styling-    avia-builder-el-1  avia-builder-el-no-sibling  avia-align-center '  itemprop=\"image\" itemscope=\"itemscope\" itemtype=\"https:\/\/schema.org\/ImageObject\"  ><div class='avia-image-container-inner'><div class='avia-image-overlay-wrap'><img decoding=\"async\" class='wp-image-36866 avia-img-lazy-loading-not-36866 avia_image' src=\"https:\/\/radiorevelacionfm.cl\/wp-content\/uploads\/2023\/11\/Baker-2023-11-11_optimized.16.13-1-1.jpeg\" alt='' title='Baker-2023-11-11_optimized.16.13-(1) (1)' height=\"600\" width=\"1067\"  itemprop=\"thumbnailUrl\" srcset=\"https:\/\/radiorevelacionfm.cl\/wp-content\/uploads\/2023\/11\/Baker-2023-11-11_optimized.16.13-1-1.jpeg 1067w, https:\/\/radiorevelacionfm.cl\/wp-content\/uploads\/2023\/11\/Baker-2023-11-11_optimized.16.13-1-1-300x169.jpeg 300w, https:\/\/radiorevelacionfm.cl\/wp-content\/uploads\/2023\/11\/Baker-2023-11-11_optimized.16.13-1-1-1030x579.jpeg 1030w, https:\/\/radiorevelacionfm.cl\/wp-content\/uploads\/2023\/11\/Baker-2023-11-11_optimized.16.13-1-1-768x432.jpeg 768w, https:\/\/radiorevelacionfm.cl\/wp-content\/uploads\/2023\/11\/Baker-2023-11-11_optimized.16.13-1-1-705x396.jpeg 705w, https:\/\/radiorevelacionfm.cl\/wp-content\/uploads\/2023\/11\/Baker-2023-11-11_optimized.16.13-1-1-450x253.jpeg 450w, https:\/\/radiorevelacionfm.cl\/wp-content\/uploads\/2023\/11\/Baker-2023-11-11_optimized.16.13-1-1-600x337.jpeg 600w\" sizes=\"(max-width: 1067px) 100vw, 1067px\" \/><\/div><\/div><\/div><\/div><div class=\"flex_column av_one_full  flex_column_div av-zero-column-padding first  avia-builder-el-2  el_after_av_one_full  el_before_av_one_full  column-top-margin\" style='border-radius:0px; '><section class=\"av_textblock_section \"  itemscope=\"itemscope\" itemtype=\"https:\/\/schema.org\/BlogPosting\" itemprop=\"blogPost\" ><div class='avia_textblock  '   itemprop=\"text\" ><p style=\"text-align: center;\"><strong><span style=\"font-size: 18pt;\">Rescatando la Cultura y Oficios del Baker: La madera, su tallado y carpinter\u00eda <\/span><\/strong><\/p>\n<div id=\"gtx-trans\" style=\"position: absolute; left: -50px; top: 4.31534px;\">\n<div class=\"gtx-trans-icon\"><\/div>\n<\/div>\n<\/div><\/section><\/div><div class=\"flex_column av_one_full  flex_column_div av-zero-column-padding first  avia-builder-el-4  el_after_av_one_full  el_before_av_hr  column-top-margin\" style='border-radius:0px; '><section class=\"av_textblock_section \"  itemscope=\"itemscope\" itemtype=\"https:\/\/schema.org\/BlogPosting\" itemprop=\"blogPost\" ><div class='avia_textblock  '   itemprop=\"text\" ><p style=\"text-align: justify;\">Con el inicio de la primavera, la localidad de Puerto Bertrand, en la comuna de Chile Chico, comienza a disfrutar de las temperaturas y los d\u00edas que se van tornando cada vez m\u00e1s largos, tiempo en cual se reactivan actividades al aire libre que invitan a compartir y trabajar en conjunto.\u00a0<span class=\"v1gmail-Apple-converted-space\">\u00a0<\/span><\/p>\n<p style=\"text-align: justify;\">Durante el \u00faltimo fin de semana de septiembre se realizaron en la tranquila localidad talleres de tallado y carpinter\u00eda, proyecto enmarcado en<span class=\"v1gmail-Apple-converted-space\">\u00a0<\/span>FONDECOM2023 de la Municipalidad de Chile Chico<span class=\"v1gmail-Apple-converted-space\">\u00a0<\/span>y ejecutado por el Comit\u00e9 de Desarrollo de la Infancia<span class=\"v1gmail-Apple-converted-space\">\u00a0<\/span><i>\u00abLos Tabanitos del Baker\u00bb,<\/i><span class=\"v1gmail-Apple-converted-space\">\u00a0<\/span>que desde 2017 busca generar espacios de desarrollo integral para ni\u00f1os, ni\u00f1as, adolescentes y sus familias. Esta vez, el prop\u00f3sito de la iniciativa fue rescatar la cultura y los oficios del Baker; incluyendo las jornadas taller de tallado en madera nativa con los ni\u00f1os de la escuela, donde los chicos pudieron explorar con cipr\u00e9s de las Guaitecas tallando un bote y experimentando la flotabilidad de la madera.<\/p>\n<p style=\"text-align: justify;\">Los ni\u00f1os quedaron muy entusiastas sorprendiendo a padres, profesores e incluso al experimentado monitor carpintero y profesional de la madera, Augusto Hern<span lang=\"X-NONE\">\u00e1<\/span>ndez:<span class=\"v1gmail-Apple-converted-space\">\u00a0<\/span><i>\u00abQuiero manifestar mi gratitud hacia el Comit\u00e9 de Desarrollo de la Infancia que me dio la oportunidad&#8230; Fue muy muy enriquecedora la experiencia, tanto del trabajo con los ni\u00f1os de la escuela de Puerto Bertrand como tambi\u00e9n de las personas que participaron en estos talleres\u00bb.\u00a0<span class=\"v1gmail-Apple-converted-space\">\u00a0<\/span>Agreg<\/i><i><span lang=\"X-NONE\">\u00f3 que \u00ab<\/span><\/i><i><span class=\"v1gmail-Apple-converted-space\">\u00a0<\/span>la idea fue<span class=\"v1gmail-Apple-converted-space\">\u00a0<\/span><\/i><i><span lang=\"X-NONE\">\u00e9<\/span><\/i><i>sa, c<\/i><i><span lang=\"X-NONE\">\u00f3<\/span><\/i><i>mo haciendo con sus manitos ellos pudieran tambi\u00e9n pensar en c\u00f3mo lo hac\u00edan antes las embarcaciones en la localidad. Fue muy bonito porque muchos lograron hacer un botecito de cipr\u00e9s&#8230; ser\u00eda muy bueno poder seguir haci\u00e9ndolo, tal vez de una manera un poco m\u00e1s estable porque les ayuda mucho a la concentraci\u00f3n y al desarrollo de sus capacidades art\u00edsticas\u00bb.<\/i><\/p>\n<p style=\"text-align: justify;\">Posterior a la actividad se dio inicio al taller de carpinter\u00eda constructiva b\u00e1sica, en la cual los asistentes pudieron conocer la teor\u00eda de niveles, cuadraturas y plomada, para un posterior taller pr\u00e1ctico donde se colabor\u00f3 con la 5ta. Compa\u00f1<span lang=\"X-NONE\">\u00eda<span class=\"v1gmail-Apple-converted-space\">\u00a0<\/span><\/span>de Bomberos CBC en el inicio de los trabajos para el mejoramiento de su cuartel. \u00ab<i>Fue muy bonito darme cuenta que es posible el trabajo comunitario, porque con el taller de carpinter\u00eda b\u00e1sica pudimos apoyar a los bomberos de Puerto Bertrand&#8230; Lograron organizarse para en poco tiempo aplicar la teor\u00eda de c\u00f3mo cuadrar una construcci\u00f3n, c\u00f3mo nivelar con manguera y c<\/i><i><span lang=\"X-NONE\">\u00f3<\/span><\/i><i>mo aplomar para que la construcci\u00f3n quede bien\u00bb.<\/i><\/p>\n<p style=\"text-align: justify;\">En las siguientes jornadas la comunidad pudo disfrutar del oficio de tallar la madera. Cerca de 20 participantes conocieron la teor\u00eda del tallado de madera, descubriendo t\u00e9cnicas y aplic\u00e1ndolas con herramientas manuales, tales como gubias, hachuelas, formones, cuchillos. Cada uno de ellos lleg\u00f3 con una idea y logr\u00f3 plasmar su intenci\u00f3n, entusiasmo.<\/p>\n<p style=\"text-align: justify;\">Para el Comit\u00e9 de la infancia del Baker es esencial poder contribuir al desarrollo de la localidad mediante el trabajo comunitario, pues facilita el desarrollo de potencialidades de las personas y fortalece las relaciones de los vecinos. \u00abParticip\u00e9 de los talleres de tallado y carpinter\u00eda, me parecieron muy interesantes, con bastante aprendizaje para el poco tiempo que tuvimos de clases. Sobre todo destacar que son cursos que vienen muy bien a estos lugares aislados, como es Puerto Bertrand. Estoy muy agradecido, aprend\u00ed bastante y que se sigan repitiendo esta instancias\u00bb, coment\u00f3 el asistente Luis Mart<span lang=\"X-NONE\">\u00ed<\/span>nez.<\/p>\n<\/div><\/section><\/div><div  style='height:50px' class='hr hr-invisible   avia-builder-el-6  el_after_av_one_full  el_before_av_social_share '><span class='hr-inner ' ><span class='hr-inner-style'><\/span><\/span><\/div><\/p>\n<div  class='av-social-sharing-box  avia-builder-el-7  el_after_av_hr  el_before_av_hr  '><div class='av-share-box'><h5 class='av-share-link-description av-no-toc '>Compartir esta noticia<\/h5><ul class='av-share-box-list noLightbox'><li class='av-share-link av-social-link-facebook' ><a target=\"_blank\" aria-label=\"Compartir en Facebook\" href='https:\/\/www.facebook.com\/sharer.php?u=https:\/\/radiorevelacionfm.cl\/?p=36864&#038;t=Rescatando%20la%20Cultura%20y%20Oficios%20del%20Baker%3A%20La%20madera%2C%20su%20tallado%20y%20carpinter%C3%ADa' aria-hidden='false' data-av_icon='\ue8f3' data-av_iconfont='entypo-fontello' title='' data-avia-related-tooltip='Compartir en Facebook' rel=\"noopener\"><span class='avia_hidden_link_text'>Compartir en Facebook<\/span><\/a><\/li><li class='av-share-link av-social-link-twitter' ><a target=\"_blank\" aria-label=\"Compartir en Twitter\" href='https:\/\/twitter.com\/share?text=Rescatando%20la%20Cultura%20y%20Oficios%20del%20Baker%3A%20La%20madera%2C%20su%20tallado%20y%20carpinter%C3%ADa&#038;url=https:\/\/radiorevelacionfm.cl\/?p=36864' aria-hidden='false' data-av_icon='\ue8f1' data-av_iconfont='entypo-fontello' title='' data-avia-related-tooltip='Compartir en Twitter' rel=\"noopener\"><span class='avia_hidden_link_text'>Compartir en Twitter<\/span><\/a><\/li><li class='av-share-link av-social-link-whatsapp' ><a target=\"_blank\" aria-label=\"Compartir en Whatsapp\" href='https:\/\/api.whatsapp.com\/send?text=https:\/\/radiorevelacionfm.cl\/?p=36864' aria-hidden='false' data-av_icon='\uf232' data-av_iconfont='entypo-fontello' title='' data-avia-related-tooltip='Compartir en Whatsapp' rel=\"noopener\"><span class='avia_hidden_link_text'>Compartir en Whatsapp<\/span><\/a><\/li><li class='av-share-link av-social-link-linkedin' ><a target=\"_blank\" aria-label=\"Compartir en LinkedIn\" href='https:\/\/linkedin.com\/shareArticle?mini=true&#038;title=Rescatando%20la%20Cultura%20y%20Oficios%20del%20Baker%3A%20La%20madera%2C%20su%20tallado%20y%20carpinter%C3%ADa&#038;url=https:\/\/radiorevelacionfm.cl\/?p=36864' aria-hidden='false' data-av_icon='\ue8fc' data-av_iconfont='entypo-fontello' title='' data-avia-related-tooltip='Compartir en LinkedIn' rel=\"noopener\"><span class='avia_hidden_link_text'>Compartir en LinkedIn<\/span><\/a><\/li><li class='av-share-link av-social-link-mail' ><a  aria-label=\"Compartir por correo\" href='mailto:?subject=Rescatando%20la%20Cultura%20y%20Oficios%20del%20Baker%3A%20La%20madera%2C%20su%20tallado%20y%20carpinter%C3%ADa&#038;body=https:\/\/radiorevelacionfm.cl\/?p=36864' aria-hidden='false' data-av_icon='\ue805' data-av_iconfont='entypo-fontello' title='' data-avia-related-tooltip='Compartir por correo'><span class='avia_hidden_link_text'>Compartir por correo<\/span><\/a><\/li><\/ul><\/div><\/div>\n<div  style='height:50px' class='hr hr-invisible   avia-builder-el-8  el_after_av_social_share  el_before_av_comments_list '><span class='hr-inner ' ><span class='hr-inner-style'><\/span><\/span><\/div>\n<div  class='av-buildercomment  av-blog-meta-html-info-disabled av-blog-meta-tag-disabled  '><\/div>\n","protected":false},"excerpt":{"rendered":"","protected":false},"author":1,"featured_media":36866,"comment_status":"open","ping_status":"open","sticky":false,"template":"","format":"standard","meta":{"footnotes":""},"categories":[38],"tags":[],"class_list":["post-36864","post","type-post","status-publish","format-standard","has-post-thumbnail","hentry","category-regional"],"jetpack_featured_media_url":"https:\/\/radiorevelacionfm.cl\/wp-content\/uploads\/2023\/11\/Baker-2023-11-11_optimized.16.13-1-1.jpeg","_links":{"self":[{"href":"https:\/\/radiorevelacionfm.cl\/index.php?rest_route=\/wp\/v2\/posts\/36864","targetHints":{"allow":["GET"]}}],"collection":[{"href":"https:\/\/radiorevelacionfm.cl\/index.php?rest_route=\/wp\/v2\/posts"}],"about":[{"href":"https:\/\/radiorevelacionfm.cl\/index.php?rest_route=\/wp\/v2\/types\/post"}],"author":[{"embeddable":true,"href":"https:\/\/radiorevelacionfm.cl\/index.php?rest_route=\/wp\/v2\/users\/1"}],"replies":[{"embeddable":true,"href":"https:\/\/radiorevelacionfm.cl\/index.php?rest_route=%2Fwp%2Fv2%2Fcomments&post=36864"}],"version-history":[{"count":1,"href":"https:\/\/radiorevelacionfm.cl\/index.php?rest_route=\/wp\/v2\/posts\/36864\/revisions"}],"predecessor-version":[{"id":36867,"href":"https:\/\/radiorevelacionfm.cl\/index.php?rest_route=\/wp\/v2\/posts\/36864\/revisions\/36867"}],"wp:featuredmedia":[{"embeddable":true,"href":"https:\/\/radiorevelacionfm.cl\/index.php?rest_route=\/wp\/v2\/media\/36866"}],"wp:attachment":[{"href":"https:\/\/radiorevelacionfm.cl\/index.php?rest_route=%2Fwp%2Fv2%2Fmedia&parent=36864"}],"wp:term":[{"taxonomy":"category","embeddable":true,"href":"https:\/\/radiorevelacionfm.cl\/index.php?rest_route=%2Fwp%2Fv2%2Fcategories&post=36864"},{"taxonomy":"post_tag","embeddable":true,"href":"https:\/\/radiorevelacionfm.cl\/index.php?rest_route=%2Fwp%2Fv2%2Ftags&post=36864"}],"curies":[{"name":"wp","href":"https:\/\/api.w.org\/{rel}","templated":true}]}}