{"id":36861,"date":"2023-11-13T14:30:24","date_gmt":"2023-11-13T17:30:24","guid":{"rendered":"https:\/\/radiorevelacionfm.cl\/?p=36861"},"modified":"2023-11-13T14:30:24","modified_gmt":"2023-11-13T17:30:24","slug":"con-gran-alegria-204-familias-de-puerto-aysen-abrieron-las-puertas-de-su-anhelada-casa-propia","status":"publish","type":"post","link":"https:\/\/radiorevelacionfm.cl\/?p=36861","title":{"rendered":"Con gran alegr\u00eda 204 familias de Puerto Ays\u00e9n abrieron las puertas de su anhelada casa propia"},"content":{"rendered":"<div class=\"flex_column av_one_full  flex_column_div av-zero-column-padding first  avia-builder-el-0  el_before_av_one_full  avia-builder-el-first  \" style='border-radius:0px; '><div  class='avia-image-container  av-styling-    avia-builder-el-1  avia-builder-el-no-sibling  avia-align-center '  itemprop=\"image\" itemscope=\"itemscope\" itemtype=\"https:\/\/schema.org\/ImageObject\"  ><div class='avia-image-container-inner'><div class='avia-image-overlay-wrap'><img decoding=\"async\" class='wp-image-36862 avia-img-lazy-loading-not-36862 avia_image' src=\"https:\/\/radiorevelacionfm.cl\/wp-content\/uploads\/2023\/11\/autoridades-y-dirigentes-en-tradicional-corte-de-cinta-inauguracion-conjunto-204-viviendas-puerto-aysen-1_optimized.jpg\" alt='' title='autoridades-y-dirigentes-en-tradicional-corte-de-cinta-inauguraci\u00f3n-conjunto-204-viviendas-puerto-ays\u00e9n-(1)_optimized' height=\"600\" width=\"900\"  itemprop=\"thumbnailUrl\" srcset=\"https:\/\/radiorevelacionfm.cl\/wp-content\/uploads\/2023\/11\/autoridades-y-dirigentes-en-tradicional-corte-de-cinta-inauguracion-conjunto-204-viviendas-puerto-aysen-1_optimized.jpg 900w, https:\/\/radiorevelacionfm.cl\/wp-content\/uploads\/2023\/11\/autoridades-y-dirigentes-en-tradicional-corte-de-cinta-inauguracion-conjunto-204-viviendas-puerto-aysen-1_optimized-300x200.jpg 300w, https:\/\/radiorevelacionfm.cl\/wp-content\/uploads\/2023\/11\/autoridades-y-dirigentes-en-tradicional-corte-de-cinta-inauguracion-conjunto-204-viviendas-puerto-aysen-1_optimized-768x512.jpg 768w, https:\/\/radiorevelacionfm.cl\/wp-content\/uploads\/2023\/11\/autoridades-y-dirigentes-en-tradicional-corte-de-cinta-inauguracion-conjunto-204-viviendas-puerto-aysen-1_optimized-705x470.jpg 705w, https:\/\/radiorevelacionfm.cl\/wp-content\/uploads\/2023\/11\/autoridades-y-dirigentes-en-tradicional-corte-de-cinta-inauguracion-conjunto-204-viviendas-puerto-aysen-1_optimized-450x300.jpg 450w, https:\/\/radiorevelacionfm.cl\/wp-content\/uploads\/2023\/11\/autoridades-y-dirigentes-en-tradicional-corte-de-cinta-inauguracion-conjunto-204-viviendas-puerto-aysen-1_optimized-600x400.jpg 600w\" sizes=\"(max-width: 900px) 100vw, 900px\" \/><\/div><\/div><\/div><\/div><div class=\"flex_column av_one_full  flex_column_div av-zero-column-padding first  avia-builder-el-2  el_after_av_one_full  el_before_av_one_full  column-top-margin\" style='border-radius:0px; '><section class=\"av_textblock_section \"  itemscope=\"itemscope\" itemtype=\"https:\/\/schema.org\/BlogPosting\" itemprop=\"blogPost\" ><div class='avia_textblock  '   itemprop=\"text\" ><p style=\"text-align: center;\"><strong><span style=\"font-size: 18pt;\">Con gran alegr\u00eda 204 familias de Puerto Ays\u00e9n abrieron las puertas de su anhelada casa propia<\/span><\/strong><\/p>\n<div id=\"gtx-trans\" style=\"position: absolute; left: -50px; top: 4.31534px;\">\n<div class=\"gtx-trans-icon\"><\/div>\n<\/div>\n<\/div><\/section><\/div><div class=\"flex_column av_one_full  flex_column_div av-zero-column-padding first  avia-builder-el-4  el_after_av_one_full  el_before_av_hr  column-top-margin\" style='border-radius:0px; '><section class=\"av_textblock_section \"  itemscope=\"itemscope\" itemtype=\"https:\/\/schema.org\/BlogPosting\" itemprop=\"blogPost\" ><div class='avia_textblock  '   itemprop=\"text\" ><p style=\"text-align: justify;\">Con la participaci\u00f3n de autoridades regionales y locales, familiares y p\u00fablico en general, se concret\u00f3 el pasado fin de semana la entrega de 204 viviendas para los integrantes de los comit\u00e9s Amuyen 1 y Amuyen 2 de Puerto Ays\u00e9n. Se trata de uno de los conjuntos habitacionales m\u00e1s grandes que se ha construido en la regi\u00f3n de Ays\u00e9n, favoreciendo a familias que ven\u00edan trabajando desde el 2015 y que en su mayor\u00eda son descendientes de pueblos originarios.<\/p>\n<p style=\"text-align: justify;\">Esta nueva poblaci\u00f3n se ubica en el sector de la Villa Espa\u00f1a, donde tras un arduo trabajo de autoridades y dirigentes, a trav\u00e9s del Serviu regional se logr\u00f3 adquirir un terreno de 15 hect\u00e1reas, que adem\u00e1s alberga hoy a otros dos conjuntos habitacionales de 108 y 50 viviendas, dando vida a un gran y moderno barrio en la capital comunal.<\/p>\n<p style=\"text-align: justify;\">Junto al permanente apoyo del Ministerio de Vivienda, los comit\u00e9s Amuyen 1 y 2 recibieron la asesor\u00eda de la Entidad Patrocinante Dalco, que acompa\u00f1\u00f3 a las familias en todo el proceso que incluye la postulaci\u00f3n y adjudicaci\u00f3n de subsidios, adem\u00e1s de la licitaci\u00f3n y ejecuci\u00f3n de las obras, que se extendi\u00f3 por 990 d\u00edas y estuvo cargo de la empresa constructora L y D.<\/p>\n<p style=\"text-align: justify;\">Tras la entrega de llaves y el saludo del Alcalde de la comuna, Julio Uribe, fue la Seremi de Vivienda y Urbanismo, Paulina Ruz, quien destac\u00f3 la labor de las dirigentas y las proyecciones que se abren con este gran proyecto habitacional. \u201cValoramos mucho el poder realizar esta entrega. Es una forma de cumplir con las familias: Este a\u00f1o entregamos m\u00e1s de 360 viviendas en Puerto Ays\u00e9n, lo que es una gesti\u00f3n importante de este Gobierno. Si bien este proyecto habitacional es fruto de muchos a\u00f1os, el d\u00eda de hoy podemos responder a las familias, se\u00f1alando que no solo tenemos un Plan de Emergencia Habitacional donde tenemos una meta, sino que nuestra meta es poder entregar soluciones habitacionales a las familias, que tengan un techo digno donde vivir y que construyen una vida hermosa junto a sus familias\u201d, se\u00f1al\u00f3.<\/p>\n<p style=\"text-align: justify;\">La presidenta del Comit\u00e9 Amuy\u00e9n 1, Loreto Tureo, se mostr\u00f3 emocionada al ver que el gran sue\u00f1o de la casa propia es ahora una realidad. \u201cFue una lucha bastante dura conseguir todo esto, no fue f\u00e1cil, tuvimos varios tropiezos en el camino, sufrimos bastante, peo nada es imposible cuando se es constante. Nunca se bajaron los brazos y m\u00e1s que nada agradecer a mis socios que siempre nos apoyaron, ellos nunca nos dejaron solos, siempre nos dieron su apoyo para seguir adelante. As\u00ed que feliz, contenta, darle mucha bendici\u00f3n a todos mis socios que van a ingresar hoy a su casa propia. Estaban muy ansiosos, as\u00ed que bendiciones para todos no m\u00e1s y muchas gracias\u201d, manifest\u00f3.<\/p>\n<p style=\"text-align: justify;\">Similares palabras tuvo la Presidenta del comit\u00e9 Amuyen 2, Paulina Mansilla, quien agradeci\u00f3 el apoyo de todos los actores involucrados en el proceso. \u201cPrimero agradecer a Dios por tener nuestras casas, dar las gracias a nuestros socios porque sin el apoyo de todos esto no habr\u00eda salido adelante. Que tengan muchas bendiciones en sus casas. Agradecer al Alcalde, a la Seremi, a don Manuel Ortiz y la se\u00f1ora Ver\u00f3nica Monroy, ya que esas son cosas que nunca se olvidan\u201d, precis\u00f3.<\/p>\n<p style=\"text-align: justify;\">Tambi\u00e9n el Delegado Presidencial Provincial de Ays\u00e9n, Jorge D\u00edaz Guzm\u00e1n, destac\u00f3 este gran hito en la vida de las familias y en la historia de regi\u00f3n. \u201cEsta pol\u00edtica p\u00fablica, que es la construcci\u00f3n de viviendas sin deuda, ya supera las 350 viviendas en la comuna de Ays\u00e9n y la meta para la regi\u00f3n son mil 300 que vamos a superar con creces. Y quiero destacar en estos comit\u00e9s el liderazgo femenino tanto de Loreto como de Paulina, que sumado al de la Seremi de Vivienda hicieron posible avanzar con este proyecto hasta ver que hoy es una realidad. Porque para el Gobierno del Presidente Boric la casa digna y propia no solo es un sue\u00f1o para las familias de menores recursos, sino que tambi\u00e9n es un derecho que vamos a defender, porque creemos que nuestra gente requiere de una vivienda digna para desarrollar sus proyectos familiares\u201d, afirm\u00f3.<\/p>\n<p style=\"text-align: justify;\">Finalmente, el representante del Gobierno Regional, Oscar del Solar, destac\u00f3 el trabajo coordinado que hoy hace posible seguir concretando sue\u00f1os y seguir asumiendo los desaf\u00edos que vienen para los integrantes de este nuevo barrio. \u201cUn especial saludo a las dirigencias, a las familias, realzar ese trabajo porque este es el momento que corona toda la actividad que durante a\u00f1os han realizado. Ahora viene la vida en comunidad y trae otros desaf\u00edos, como la convivencia, el respeto a las normativas, por ejemplo, para as\u00ed seguir generando siempre un mejor lugar y un mejor futuro para todas las familias\u201d, acot\u00f3.<\/p>\n<p style=\"text-align: justify;\">Este gran proyecto habitacional fue posible con una inversi\u00f3n que super\u00f3 los 18 mil millones de pesos, incluyendo los ahorros de los mismos vecinos, los subsidios del Minvu y aportes complementarios del Gobierno Regional de Ays\u00e9n. Cabe consignar que en la habilitaci\u00f3n de los terrenos se invirtieron m\u00e1s de 3 mil 600 millones de pesos, aportando la seguridad exigida para la construcci\u00f3n de 198 casas de 2 pisos, de 48 m2 (con ampliaci\u00f3n proyectada de 12, 5 m2), m\u00e1s 6 viviendas de un piso, de 64,2 m2, para familias que tienen integrantes con movilidad reducida y dos sedes comunitarias de 72 m2, para las actividades de la nueva comunidad.<\/p>\n<\/div><\/section><\/div><div  style='height:50px' class='hr hr-invisible   avia-builder-el-6  el_after_av_one_full  el_before_av_social_share '><span class='hr-inner ' ><span class='hr-inner-style'><\/span><\/span><\/div><\/p>\n<div  class='av-social-sharing-box  avia-builder-el-7  el_after_av_hr  el_before_av_hr  '><div class='av-share-box'><h5 class='av-share-link-description av-no-toc '>Compartir esta noticia<\/h5><ul class='av-share-box-list noLightbox'><li class='av-share-link av-social-link-facebook' ><a target=\"_blank\" aria-label=\"Compartir en Facebook\" href='https:\/\/www.facebook.com\/sharer.php?u=https:\/\/radiorevelacionfm.cl\/?p=36861&#038;t=Con%20gran%20alegr%C3%ADa%20204%20familias%20de%20Puerto%20Ays%C3%A9n%20abrieron%20las%20puertas%20de%20su%20anhelada%20casa%20propia' aria-hidden='false' data-av_icon='\ue8f3' data-av_iconfont='entypo-fontello' title='' data-avia-related-tooltip='Compartir en Facebook' rel=\"noopener\"><span class='avia_hidden_link_text'>Compartir en Facebook<\/span><\/a><\/li><li class='av-share-link av-social-link-twitter' ><a target=\"_blank\" aria-label=\"Compartir en Twitter\" href='https:\/\/twitter.com\/share?text=Con%20gran%20alegr%C3%ADa%20204%20familias%20de%20Puerto%20Ays%C3%A9n%20abrieron%20las%20puertas%20de%20su%20anhelada%20casa%20propia&#038;url=https:\/\/radiorevelacionfm.cl\/?p=36861' aria-hidden='false' data-av_icon='\ue8f1' data-av_iconfont='entypo-fontello' title='' data-avia-related-tooltip='Compartir en Twitter' rel=\"noopener\"><span class='avia_hidden_link_text'>Compartir en Twitter<\/span><\/a><\/li><li class='av-share-link av-social-link-whatsapp' ><a target=\"_blank\" aria-label=\"Compartir en Whatsapp\" href='https:\/\/api.whatsapp.com\/send?text=https:\/\/radiorevelacionfm.cl\/?p=36861' aria-hidden='false' data-av_icon='\uf232' data-av_iconfont='entypo-fontello' title='' data-avia-related-tooltip='Compartir en Whatsapp' rel=\"noopener\"><span class='avia_hidden_link_text'>Compartir en Whatsapp<\/span><\/a><\/li><li class='av-share-link av-social-link-linkedin' ><a target=\"_blank\" aria-label=\"Compartir en LinkedIn\" href='https:\/\/linkedin.com\/shareArticle?mini=true&#038;title=Con%20gran%20alegr%C3%ADa%20204%20familias%20de%20Puerto%20Ays%C3%A9n%20abrieron%20las%20puertas%20de%20su%20anhelada%20casa%20propia&#038;url=https:\/\/radiorevelacionfm.cl\/?p=36861' aria-hidden='false' data-av_icon='\ue8fc' data-av_iconfont='entypo-fontello' title='' data-avia-related-tooltip='Compartir en LinkedIn' rel=\"noopener\"><span class='avia_hidden_link_text'>Compartir en LinkedIn<\/span><\/a><\/li><li class='av-share-link av-social-link-mail' ><a  aria-label=\"Compartir por correo\" href='mailto:?subject=Con%20gran%20alegr%C3%ADa%20204%20familias%20de%20Puerto%20Ays%C3%A9n%20abrieron%20las%20puertas%20de%20su%20anhelada%20casa%20propia&#038;body=https:\/\/radiorevelacionfm.cl\/?p=36861' aria-hidden='false' data-av_icon='\ue805' data-av_iconfont='entypo-fontello' title='' data-avia-related-tooltip='Compartir por correo'><span class='avia_hidden_link_text'>Compartir por correo<\/span><\/a><\/li><\/ul><\/div><\/div>\n<div  style='height:50px' class='hr hr-invisible   avia-builder-el-8  el_after_av_social_share  el_before_av_comments_list '><span class='hr-inner ' ><span class='hr-inner-style'><\/span><\/span><\/div>\n<div  class='av-buildercomment  av-blog-meta-html-info-disabled av-blog-meta-tag-disabled  '><\/div>\n","protected":false},"excerpt":{"rendered":"","protected":false},"author":1,"featured_media":36862,"comment_status":"open","ping_status":"open","sticky":false,"template":"","format":"standard","meta":{"footnotes":""},"categories":[57],"tags":[],"class_list":["post-36861","post","type-post","status-publish","format-standard","has-post-thumbnail","hentry","category-vivienda"],"jetpack_featured_media_url":"https:\/\/radiorevelacionfm.cl\/wp-content\/uploads\/2023\/11\/autoridades-y-dirigentes-en-tradicional-corte-de-cinta-inauguracion-conjunto-204-viviendas-puerto-aysen-1_optimized.jpg","_links":{"self":[{"href":"https:\/\/radiorevelacionfm.cl\/index.php?rest_route=\/wp\/v2\/posts\/36861","targetHints":{"allow":["GET"]}}],"collection":[{"href":"https:\/\/radiorevelacionfm.cl\/index.php?rest_route=\/wp\/v2\/posts"}],"about":[{"href":"https:\/\/radiorevelacionfm.cl\/index.php?rest_route=\/wp\/v2\/types\/post"}],"author":[{"embeddable":true,"href":"https:\/\/radiorevelacionfm.cl\/index.php?rest_route=\/wp\/v2\/users\/1"}],"replies":[{"embeddable":true,"href":"https:\/\/radiorevelacionfm.cl\/index.php?rest_route=%2Fwp%2Fv2%2Fcomments&post=36861"}],"version-history":[{"count":1,"href":"https:\/\/radiorevelacionfm.cl\/index.php?rest_route=\/wp\/v2\/posts\/36861\/revisions"}],"predecessor-version":[{"id":36863,"href":"https:\/\/radiorevelacionfm.cl\/index.php?rest_route=\/wp\/v2\/posts\/36861\/revisions\/36863"}],"wp:featuredmedia":[{"embeddable":true,"href":"https:\/\/radiorevelacionfm.cl\/index.php?rest_route=\/wp\/v2\/media\/36862"}],"wp:attachment":[{"href":"https:\/\/radiorevelacionfm.cl\/index.php?rest_route=%2Fwp%2Fv2%2Fmedia&parent=36861"}],"wp:term":[{"taxonomy":"category","embeddable":true,"href":"https:\/\/radiorevelacionfm.cl\/index.php?rest_route=%2Fwp%2Fv2%2Fcategories&post=36861"},{"taxonomy":"post_tag","embeddable":true,"href":"https:\/\/radiorevelacionfm.cl\/index.php?rest_route=%2Fwp%2Fv2%2Ftags&post=36861"}],"curies":[{"name":"wp","href":"https:\/\/api.w.org\/{rel}","templated":true}]}}