{"id":36858,"date":"2023-11-13T11:53:56","date_gmt":"2023-11-13T14:53:56","guid":{"rendered":"https:\/\/radiorevelacionfm.cl\/?p=36858"},"modified":"2023-11-13T11:53:56","modified_gmt":"2023-11-13T14:53:56","slug":"salud-refuerza-deteccion-oportuna-de-vih-a-traves-de-test-rapido-y-accesible-a-la-comunidad","status":"publish","type":"post","link":"https:\/\/radiorevelacionfm.cl\/?p=36858","title":{"rendered":"Salud refuerza detecci\u00f3n oportuna de VIH a trav\u00e9s de test r\u00e1pido y accesible a la comunidad"},"content":{"rendered":"<div class=\"flex_column av_one_full  flex_column_div av-zero-column-padding first  avia-builder-el-0  el_before_av_one_full  avia-builder-el-first  \" style='border-radius:0px; '><div  class='avia-image-container  av-styling-    avia-builder-el-1  avia-builder-el-no-sibling  avia-align-center '  itemprop=\"image\" itemscope=\"itemscope\" itemtype=\"https:\/\/schema.org\/ImageObject\"  ><div class='avia-image-container-inner'><div class='avia-image-overlay-wrap'><img decoding=\"async\" class='wp-image-36859 avia-img-lazy-loading-not-36859 avia_image' src=\"https:\/\/radiorevelacionfm.cl\/wp-content\/uploads\/2023\/11\/test-vih-en-centros-educativos-1_optimized.jpeg\" alt='' title='test-vih-en-centros-educativos-(1)_optimized' height=\"600\" width=\"1176\"  itemprop=\"thumbnailUrl\" srcset=\"https:\/\/radiorevelacionfm.cl\/wp-content\/uploads\/2023\/11\/test-vih-en-centros-educativos-1_optimized.jpeg 1176w, https:\/\/radiorevelacionfm.cl\/wp-content\/uploads\/2023\/11\/test-vih-en-centros-educativos-1_optimized-300x153.jpeg 300w, https:\/\/radiorevelacionfm.cl\/wp-content\/uploads\/2023\/11\/test-vih-en-centros-educativos-1_optimized-1030x526.jpeg 1030w, https:\/\/radiorevelacionfm.cl\/wp-content\/uploads\/2023\/11\/test-vih-en-centros-educativos-1_optimized-768x392.jpeg 768w, https:\/\/radiorevelacionfm.cl\/wp-content\/uploads\/2023\/11\/test-vih-en-centros-educativos-1_optimized-705x360.jpeg 705w, https:\/\/radiorevelacionfm.cl\/wp-content\/uploads\/2023\/11\/test-vih-en-centros-educativos-1_optimized-450x230.jpeg 450w, https:\/\/radiorevelacionfm.cl\/wp-content\/uploads\/2023\/11\/test-vih-en-centros-educativos-1_optimized-600x306.jpeg 600w\" sizes=\"(max-width: 1176px) 100vw, 1176px\" \/><\/div><\/div><\/div><\/div><div class=\"flex_column av_one_full  flex_column_div av-zero-column-padding first  avia-builder-el-2  el_after_av_one_full  el_before_av_one_full  column-top-margin\" style='border-radius:0px; '><section class=\"av_textblock_section \"  itemscope=\"itemscope\" itemtype=\"https:\/\/schema.org\/BlogPosting\" itemprop=\"blogPost\" ><div class='avia_textblock  '   itemprop=\"text\" ><p style=\"text-align: center;\"><strong><span style=\"font-size: 18pt;\">Salud refuerza detecci\u00f3n oportuna de VIH a trav\u00e9s de test r\u00e1pido y accesible a la comunidad<\/span><\/strong><\/p>\n<div id=\"gtx-trans\" style=\"position: absolute; left: -50px; top: 4.31534px;\">\n<div class=\"gtx-trans-icon\"><\/div>\n<\/div>\n<\/div><\/section><\/div><div class=\"flex_column av_one_full  flex_column_div av-zero-column-padding first  avia-builder-el-4  el_after_av_one_full  el_before_av_hr  column-top-margin\" style='border-radius:0px; '><section class=\"av_textblock_section \"  itemscope=\"itemscope\" itemtype=\"https:\/\/schema.org\/BlogPosting\" itemprop=\"blogPost\" ><div class='avia_textblock  '   itemprop=\"text\" ><p style=\"text-align: justify;\"><em>Los ex\u00e1menes se realizan en forma confidencial y voluntaria, obteni\u00e9ndose los resultados en un plazo m\u00e1ximo de 15 minutos.<\/em><\/p>\n<p style=\"text-align: justify;\">La aplicaci\u00f3n de al menos 400 test r\u00e1pidos para la detecci\u00f3n oportuna de VIH (virus de la inmunodeficiencia humana) es lo que se busca materializar durante los pr\u00f3ximos meses por parte de la Seremi de Salud en la regi\u00f3n de Ays\u00e9n, teniendo como objetivo a la poblaci\u00f3n juvenil, con la finalidad de permitir el acceso precoz y oportuno a los tratamientos disponibles que hoy entrega el Ministerio de Salud.<\/p>\n<p style=\"text-align: justify;\">Trabajo enfocado a la poblaci\u00f3n juvenil que fue destacado por la Directora del Centro de Estudio Patagonia Ays\u00e9n, Maria Bel\u00e9n Veliz.\u00a0 \u201cUno de nuestros focos es que los alumnos tengan una salud sexual compatible, que sean responsables de su sexualidad, y dentro de esos siempre estamos fomentando el cuidado sexual de ellos e incentivando el autocuidado, que ellos tengan visible el tema del VIH, que se cuiden y que se hagan los test para que sean responsables de su salud sexual\u201d.<\/p>\n<p style=\"text-align: justify;\">Actualmente, se han aplicado alrededor de 60 test de VIH, lo que ha permitido detectar 14 nuevos casos en la regi\u00f3n, lo que refuerza la importancia de impulsar medidas de detecci\u00f3n inmediatas, tal como lo manifest\u00f3 la Seremi Carmen Monsalve G\u00f3mez. \u201cComo Autoridad Sanitaria, acercar ex\u00e1menes de detecci\u00f3n oportuna del VIH a nuestras comunidades, especialmente a los j\u00f3venes, es fundamental. Hoy en d\u00eda, a trav\u00e9s de esta modalidad hemos podido detectar 14 nuevos casos en la regi\u00f3n, los cuales est\u00e1n en tratamiento y seguimiento por parte de los equipos de salud y el trabajo de diversos organismos. Sin embargo, m\u00e1s all\u00e1 de tener la oportunidad de acercar los programas de salud a nuestras comunidades, hacemos un llamado para que la ciudadan\u00eda asuma una mayor responsabilidad sobre su sexualidad y autocuidado\u201d.<\/p>\n<p style=\"text-align: justify;\">Desde el a\u00f1o 2007 a la fecha, se han detectado 215 casos de VIH en la regi\u00f3n de Ays\u00e9n, raz\u00f3n por la cual, se contempla continuar educando a la poblaci\u00f3n respecto al VIH, siendo el 01 de diciembre la actividad central con la cual se busca seguir generando conciencia sobre esta enfermedad en la regi\u00f3n y el pa\u00eds.<\/p>\n<p style=\"text-align: justify;\"><strong>Test r\u00e1pido VIH<\/strong><\/p>\n<p style=\"text-align: justify;\">Es un examen que permite la detecci\u00f3n de anticuerpos de VIH. Se mide a trav\u00e9s de una peque\u00f1a punci\u00f3n en el dedo para obtener unas gotas de sangre.<\/p>\n<p style=\"text-align: justify;\">En el caso de que el resultado sea reactivo, se debe confirmar el resultado con el Instituto de Salud P\u00fablica (ISP). Para ello la persona debe realizarse una segunda prueba a trav\u00e9s de una muestra de sangre que se env\u00eda al ISP para su confirmaci\u00f3n diagn\u00f3stica.<\/p>\n<p style=\"text-align: justify;\">El examen siempre debe ser confidencial y voluntario. Los resultados se entregan en forma personal y reservada.<\/p>\n<\/div><\/section><\/div><div  style='height:50px' class='hr hr-invisible   avia-builder-el-6  el_after_av_one_full  el_before_av_social_share '><span class='hr-inner ' ><span class='hr-inner-style'><\/span><\/span><\/div><\/p>\n<div  class='av-social-sharing-box  avia-builder-el-7  el_after_av_hr  el_before_av_hr  '><div class='av-share-box'><h5 class='av-share-link-description av-no-toc '>Compartir esta noticia<\/h5><ul class='av-share-box-list noLightbox'><li class='av-share-link av-social-link-facebook' ><a target=\"_blank\" aria-label=\"Compartir en Facebook\" href='https:\/\/www.facebook.com\/sharer.php?u=https:\/\/radiorevelacionfm.cl\/?p=36858&#038;t=Salud%20refuerza%20detecci%C3%B3n%20oportuna%20de%20VIH%20a%20trav%C3%A9s%20de%20test%20r%C3%A1pido%20y%20accesible%20a%20la%20comunidad' aria-hidden='false' data-av_icon='\ue8f3' data-av_iconfont='entypo-fontello' title='' data-avia-related-tooltip='Compartir en Facebook' rel=\"noopener\"><span class='avia_hidden_link_text'>Compartir en Facebook<\/span><\/a><\/li><li class='av-share-link av-social-link-twitter' ><a target=\"_blank\" aria-label=\"Compartir en Twitter\" href='https:\/\/twitter.com\/share?text=Salud%20refuerza%20detecci%C3%B3n%20oportuna%20de%20VIH%20a%20trav%C3%A9s%20de%20test%20r%C3%A1pido%20y%20accesible%20a%20la%20comunidad&#038;url=https:\/\/radiorevelacionfm.cl\/?p=36858' aria-hidden='false' data-av_icon='\ue8f1' data-av_iconfont='entypo-fontello' title='' data-avia-related-tooltip='Compartir en Twitter' rel=\"noopener\"><span class='avia_hidden_link_text'>Compartir en Twitter<\/span><\/a><\/li><li class='av-share-link av-social-link-whatsapp' ><a target=\"_blank\" aria-label=\"Compartir en Whatsapp\" href='https:\/\/api.whatsapp.com\/send?text=https:\/\/radiorevelacionfm.cl\/?p=36858' aria-hidden='false' data-av_icon='\uf232' data-av_iconfont='entypo-fontello' title='' data-avia-related-tooltip='Compartir en Whatsapp' rel=\"noopener\"><span class='avia_hidden_link_text'>Compartir en Whatsapp<\/span><\/a><\/li><li class='av-share-link av-social-link-linkedin' ><a target=\"_blank\" aria-label=\"Compartir en LinkedIn\" href='https:\/\/linkedin.com\/shareArticle?mini=true&#038;title=Salud%20refuerza%20detecci%C3%B3n%20oportuna%20de%20VIH%20a%20trav%C3%A9s%20de%20test%20r%C3%A1pido%20y%20accesible%20a%20la%20comunidad&#038;url=https:\/\/radiorevelacionfm.cl\/?p=36858' aria-hidden='false' data-av_icon='\ue8fc' data-av_iconfont='entypo-fontello' title='' data-avia-related-tooltip='Compartir en LinkedIn' rel=\"noopener\"><span class='avia_hidden_link_text'>Compartir en LinkedIn<\/span><\/a><\/li><li class='av-share-link av-social-link-mail' ><a  aria-label=\"Compartir por correo\" href='mailto:?subject=Salud%20refuerza%20detecci%C3%B3n%20oportuna%20de%20VIH%20a%20trav%C3%A9s%20de%20test%20r%C3%A1pido%20y%20accesible%20a%20la%20comunidad&#038;body=https:\/\/radiorevelacionfm.cl\/?p=36858' aria-hidden='false' data-av_icon='\ue805' data-av_iconfont='entypo-fontello' title='' data-avia-related-tooltip='Compartir por correo'><span class='avia_hidden_link_text'>Compartir por correo<\/span><\/a><\/li><\/ul><\/div><\/div>\n<div  style='height:50px' class='hr hr-invisible   avia-builder-el-8  el_after_av_social_share  el_before_av_comments_list '><span class='hr-inner ' ><span class='hr-inner-style'><\/span><\/span><\/div>\n<div  class='av-buildercomment  av-blog-meta-html-info-disabled av-blog-meta-tag-disabled  '><\/div>\n","protected":false},"excerpt":{"rendered":"","protected":false},"author":1,"featured_media":36859,"comment_status":"open","ping_status":"open","sticky":false,"template":"","format":"standard","meta":{"footnotes":""},"categories":[46],"tags":[],"class_list":["post-36858","post","type-post","status-publish","format-standard","has-post-thumbnail","hentry","category-salud"],"jetpack_featured_media_url":"https:\/\/radiorevelacionfm.cl\/wp-content\/uploads\/2023\/11\/test-vih-en-centros-educativos-1_optimized.jpeg","_links":{"self":[{"href":"https:\/\/radiorevelacionfm.cl\/index.php?rest_route=\/wp\/v2\/posts\/36858","targetHints":{"allow":["GET"]}}],"collection":[{"href":"https:\/\/radiorevelacionfm.cl\/index.php?rest_route=\/wp\/v2\/posts"}],"about":[{"href":"https:\/\/radiorevelacionfm.cl\/index.php?rest_route=\/wp\/v2\/types\/post"}],"author":[{"embeddable":true,"href":"https:\/\/radiorevelacionfm.cl\/index.php?rest_route=\/wp\/v2\/users\/1"}],"replies":[{"embeddable":true,"href":"https:\/\/radiorevelacionfm.cl\/index.php?rest_route=%2Fwp%2Fv2%2Fcomments&post=36858"}],"version-history":[{"count":1,"href":"https:\/\/radiorevelacionfm.cl\/index.php?rest_route=\/wp\/v2\/posts\/36858\/revisions"}],"predecessor-version":[{"id":36860,"href":"https:\/\/radiorevelacionfm.cl\/index.php?rest_route=\/wp\/v2\/posts\/36858\/revisions\/36860"}],"wp:featuredmedia":[{"embeddable":true,"href":"https:\/\/radiorevelacionfm.cl\/index.php?rest_route=\/wp\/v2\/media\/36859"}],"wp:attachment":[{"href":"https:\/\/radiorevelacionfm.cl\/index.php?rest_route=%2Fwp%2Fv2%2Fmedia&parent=36858"}],"wp:term":[{"taxonomy":"category","embeddable":true,"href":"https:\/\/radiorevelacionfm.cl\/index.php?rest_route=%2Fwp%2Fv2%2Fcategories&post=36858"},{"taxonomy":"post_tag","embeddable":true,"href":"https:\/\/radiorevelacionfm.cl\/index.php?rest_route=%2Fwp%2Fv2%2Ftags&post=36858"}],"curies":[{"name":"wp","href":"https:\/\/api.w.org\/{rel}","templated":true}]}}