{"id":36855,"date":"2023-11-13T17:01:10","date_gmt":"2023-11-13T20:01:10","guid":{"rendered":"https:\/\/radiorevelacionfm.cl\/?p=36855"},"modified":"2023-11-13T17:01:10","modified_gmt":"2023-11-13T20:01:10","slug":"ministro-de-transportes-se-reune-con-nueva-asociacion-que-reune-puertos-de-la-zona-austral-de-chile","status":"publish","type":"post","link":"https:\/\/radiorevelacionfm.cl\/?p=36855","title":{"rendered":"Ministro de Transportes se re\u00fane con nueva asociaci\u00f3n que re\u00fane puertos de la zona austral de Chile"},"content":{"rendered":"<div class=\"flex_column av_one_full  flex_column_div av-zero-column-padding first  avia-builder-el-0  el_before_av_one_full  avia-builder-el-first  \" style='border-radius:0px; '><div  class='avia-image-container  av-styling-    avia-builder-el-1  avia-builder-el-no-sibling  avia-align-center '  itemprop=\"image\" itemscope=\"itemscope\" itemtype=\"https:\/\/schema.org\/ImageObject\"  ><div class='avia-image-container-inner'><div class='avia-image-overlay-wrap'><img decoding=\"async\" class='wp-image-36856 avia-img-lazy-loading-not-36856 avia_image' src=\"https:\/\/radiorevelacionfm.cl\/wp-content\/uploads\/2023\/11\/Reunion-Ministro-de-Transportes-y-Asociacion-1-1.jpeg\" alt='' title='Reuni\u00f3n Ministro de Transportes y Asociaci\u00f3n (1) (1)' height=\"600\" width=\"864\"  itemprop=\"thumbnailUrl\" srcset=\"https:\/\/radiorevelacionfm.cl\/wp-content\/uploads\/2023\/11\/Reunion-Ministro-de-Transportes-y-Asociacion-1-1.jpeg 864w, https:\/\/radiorevelacionfm.cl\/wp-content\/uploads\/2023\/11\/Reunion-Ministro-de-Transportes-y-Asociacion-1-1-300x208.jpeg 300w, https:\/\/radiorevelacionfm.cl\/wp-content\/uploads\/2023\/11\/Reunion-Ministro-de-Transportes-y-Asociacion-1-1-768x533.jpeg 768w, https:\/\/radiorevelacionfm.cl\/wp-content\/uploads\/2023\/11\/Reunion-Ministro-de-Transportes-y-Asociacion-1-1-705x490.jpeg 705w, https:\/\/radiorevelacionfm.cl\/wp-content\/uploads\/2023\/11\/Reunion-Ministro-de-Transportes-y-Asociacion-1-1-450x313.jpeg 450w, https:\/\/radiorevelacionfm.cl\/wp-content\/uploads\/2023\/11\/Reunion-Ministro-de-Transportes-y-Asociacion-1-1-600x417.jpeg 600w\" sizes=\"(max-width: 864px) 100vw, 864px\" \/><\/div><\/div><\/div><\/div><div class=\"flex_column av_one_full  flex_column_div av-zero-column-padding first  avia-builder-el-2  el_after_av_one_full  el_before_av_one_full  column-top-margin\" style='border-radius:0px; '><section class=\"av_textblock_section \"  itemscope=\"itemscope\" itemtype=\"https:\/\/schema.org\/BlogPosting\" itemprop=\"blogPost\" ><div class='avia_textblock  '   itemprop=\"text\" ><p style=\"text-align: center;\"><span style=\"font-size: 18pt;\"><b>Ministro de Transportes se re\u00fane con nueva asociaci\u00f3n que re\u00fane puertos de la zona austral de Chile<\/b><\/span><\/p>\n<div id=\"gtx-trans\" style=\"position: absolute; left: -50px; top: 4.31534px;\">\n<div class=\"gtx-trans-icon\"><\/div>\n<\/div>\n<\/div><\/section><\/div><div class=\"flex_column av_one_full  flex_column_div av-zero-column-padding first  avia-builder-el-4  el_after_av_one_full  el_before_av_hr  column-top-margin\" style='border-radius:0px; '><section class=\"av_textblock_section \"  itemscope=\"itemscope\" itemtype=\"https:\/\/schema.org\/BlogPosting\" itemprop=\"blogPost\" ><div class='avia_textblock  '   itemprop=\"text\" ><p class=\"v1Marcelo\" style=\"text-align: justify;\">Una positiva reuni\u00f3n con el ministro de Transportes y Telecomunicaciones, Juan Carlos Mu\u00f1oz, sostuvieron los presidentes de las empresa portuarias de Chacabuco, Enrique Runin; Austral de Punta Arenas, Gabriel Aldoney; y de Puerto Montt, Juli\u00e1n Go\u00f1i.<\/p>\n<p class=\"v1Marcelo\" style=\"text-align: justify;\">El objetivo de la cita, en la cual adem\u00e1s particip\u00f3 la presidenta del Consejo Directivo del Sistema de Empresas P\u00fablicas (SEP), Paulina Soriano, y los gerentes generales de las tres compa\u00f1\u00edas estatales, fue entregar detalles sobre la recientemente conformada Asociaci\u00f3n de Puertos Zona Sur Austral de la Patagonia Chilena.<\/p>\n<p class=\"v1Marcelo\" style=\"text-align: justify;\">En la reuni\u00f3n con el secretario de Estado, se detallaron los avances de la Asociaci\u00f3n, las recientes gestiones que se han llevado a cabo con los gobiernos regionales de la zona austral y los siguientes pasos que se dar\u00e1n con el prop\u00f3sito de avanzar en su agenda estrat\u00e9gica.<\/p>\n<p class=\"v1Marcelo\" style=\"text-align: justify;\">\u201cNuestro objetivo fue explicarle al ministro los objetivos que fijamos para la Asociaci\u00f3n, relacionados con el aumento de la eficiencia y la elaboraci\u00f3n de propuestas orientadas al mejoramiento de los procesos log\u00edsticos portuarios de toda la zona; la explotaci\u00f3n de nuestros atractivos naturales mediante el turismo de cruceros y la necesidad de ir buscando f\u00f3rmulas para el mejoramiento de la infraestructura en las tres empresas portuarias del sur\u201d, indic\u00f3 Enrique Runin, presidente de la Empresa Portuaria Chacabuco.<\/p>\n<p class=\"v1Marcelo\" style=\"text-align: justify;\">Seg\u00fan el directivo, \u201cel ministro Mu\u00f1oz acogi\u00f3 muy bien la iniciativa de la Asociaci\u00f3n, le parecieron bien los planteamientos y expres\u00f3 su mejor disposici\u00f3n a poder colaborar desde el MTT en la consecuci\u00f3n de las iniciativas concretas en que vamos a ir avanzando en el futuro cercano\u201d, a\u00f1adi\u00f3.<\/p>\n<p class=\"v1Marcelo\" style=\"text-align: justify;\">La Asociaci\u00f3n de Puertos Zona Sur Austral de la Patagonia Chilena se form\u00f3 en agosto pasado en Magallanes, luego de un extenso trabajo iniciado a mediados de 2022 entre las tres empresas, con el prop\u00f3sito de aglutinar a los equipos de estos tres puertos, junto a otros actores p\u00fablicos y privados de Ays\u00e9n, Los Lagos y Magallanes, involucrados en promover el desarrollo portuario, log\u00edstico y mar\u00edtimo en la zona austral del pa\u00eds.<\/p>\n<p class=\"v1Marcelo\" style=\"text-align: justify;\">La conformaci\u00f3n de esta entidad busca dar un impulso definitivo a la actividad mar\u00edtima de las tres regiones del sur, cuyo sistema portuario no cuenta con frentes de atraque concesionados para la atenci\u00f3n de cargas y pasajeros; y s\u00ed tienen una serie de desaf\u00edos comunes en materia de crucerismo, cabotaje y conectividad de los habitantes en los territorios en que operan los tres puertos.<\/p>\n<\/div><\/section><\/div><div  style='height:50px' class='hr hr-invisible   avia-builder-el-6  el_after_av_one_full  el_before_av_social_share '><span class='hr-inner ' ><span class='hr-inner-style'><\/span><\/span><\/div><\/p>\n<div  class='av-social-sharing-box  avia-builder-el-7  el_after_av_hr  el_before_av_hr  '><div class='av-share-box'><h5 class='av-share-link-description av-no-toc '>Compartir esta noticia<\/h5><ul class='av-share-box-list noLightbox'><li class='av-share-link av-social-link-facebook' ><a target=\"_blank\" aria-label=\"Compartir en Facebook\" href='https:\/\/www.facebook.com\/sharer.php?u=https:\/\/radiorevelacionfm.cl\/?p=36855&#038;t=Ministro%20de%20Transportes%20se%20re%C3%BAne%20con%20nueva%20asociaci%C3%B3n%20que%20re%C3%BAne%20puertos%20de%20la%20zona%20austral%20de%20Chile' aria-hidden='false' data-av_icon='\ue8f3' data-av_iconfont='entypo-fontello' title='' data-avia-related-tooltip='Compartir en Facebook' rel=\"noopener\"><span class='avia_hidden_link_text'>Compartir en Facebook<\/span><\/a><\/li><li class='av-share-link av-social-link-twitter' ><a target=\"_blank\" aria-label=\"Compartir en Twitter\" href='https:\/\/twitter.com\/share?text=Ministro%20de%20Transportes%20se%20re%C3%BAne%20con%20nueva%20asociaci%C3%B3n%20que%20re%C3%BAne%20puertos%20de%20la%20zona%20austral%20de%20Chile&#038;url=https:\/\/radiorevelacionfm.cl\/?p=36855' aria-hidden='false' data-av_icon='\ue8f1' data-av_iconfont='entypo-fontello' title='' data-avia-related-tooltip='Compartir en Twitter' rel=\"noopener\"><span class='avia_hidden_link_text'>Compartir en Twitter<\/span><\/a><\/li><li class='av-share-link av-social-link-whatsapp' ><a target=\"_blank\" aria-label=\"Compartir en Whatsapp\" href='https:\/\/api.whatsapp.com\/send?text=https:\/\/radiorevelacionfm.cl\/?p=36855' aria-hidden='false' data-av_icon='\uf232' data-av_iconfont='entypo-fontello' title='' data-avia-related-tooltip='Compartir en Whatsapp' rel=\"noopener\"><span class='avia_hidden_link_text'>Compartir en Whatsapp<\/span><\/a><\/li><li class='av-share-link av-social-link-linkedin' ><a target=\"_blank\" aria-label=\"Compartir en LinkedIn\" href='https:\/\/linkedin.com\/shareArticle?mini=true&#038;title=Ministro%20de%20Transportes%20se%20re%C3%BAne%20con%20nueva%20asociaci%C3%B3n%20que%20re%C3%BAne%20puertos%20de%20la%20zona%20austral%20de%20Chile&#038;url=https:\/\/radiorevelacionfm.cl\/?p=36855' aria-hidden='false' data-av_icon='\ue8fc' data-av_iconfont='entypo-fontello' title='' data-avia-related-tooltip='Compartir en LinkedIn' rel=\"noopener\"><span class='avia_hidden_link_text'>Compartir en LinkedIn<\/span><\/a><\/li><li class='av-share-link av-social-link-mail' ><a  aria-label=\"Compartir por correo\" href='mailto:?subject=Ministro%20de%20Transportes%20se%20re%C3%BAne%20con%20nueva%20asociaci%C3%B3n%20que%20re%C3%BAne%20puertos%20de%20la%20zona%20austral%20de%20Chile&#038;body=https:\/\/radiorevelacionfm.cl\/?p=36855' aria-hidden='false' data-av_icon='\ue805' data-av_iconfont='entypo-fontello' title='' data-avia-related-tooltip='Compartir por correo'><span class='avia_hidden_link_text'>Compartir por correo<\/span><\/a><\/li><\/ul><\/div><\/div>\n<div  style='height:50px' class='hr hr-invisible   avia-builder-el-8  el_after_av_social_share  el_before_av_comments_list '><span class='hr-inner ' ><span class='hr-inner-style'><\/span><\/span><\/div>\n<div  class='av-buildercomment  av-blog-meta-html-info-disabled av-blog-meta-tag-disabled  '><\/div>\n","protected":false},"excerpt":{"rendered":"","protected":false},"author":1,"featured_media":36856,"comment_status":"open","ping_status":"open","sticky":false,"template":"","format":"standard","meta":{"footnotes":""},"categories":[38],"tags":[],"class_list":["post-36855","post","type-post","status-publish","format-standard","has-post-thumbnail","hentry","category-regional"],"jetpack_featured_media_url":"https:\/\/radiorevelacionfm.cl\/wp-content\/uploads\/2023\/11\/Reunion-Ministro-de-Transportes-y-Asociacion-1-1.jpeg","_links":{"self":[{"href":"https:\/\/radiorevelacionfm.cl\/index.php?rest_route=\/wp\/v2\/posts\/36855","targetHints":{"allow":["GET"]}}],"collection":[{"href":"https:\/\/radiorevelacionfm.cl\/index.php?rest_route=\/wp\/v2\/posts"}],"about":[{"href":"https:\/\/radiorevelacionfm.cl\/index.php?rest_route=\/wp\/v2\/types\/post"}],"author":[{"embeddable":true,"href":"https:\/\/radiorevelacionfm.cl\/index.php?rest_route=\/wp\/v2\/users\/1"}],"replies":[{"embeddable":true,"href":"https:\/\/radiorevelacionfm.cl\/index.php?rest_route=%2Fwp%2Fv2%2Fcomments&post=36855"}],"version-history":[{"count":1,"href":"https:\/\/radiorevelacionfm.cl\/index.php?rest_route=\/wp\/v2\/posts\/36855\/revisions"}],"predecessor-version":[{"id":36857,"href":"https:\/\/radiorevelacionfm.cl\/index.php?rest_route=\/wp\/v2\/posts\/36855\/revisions\/36857"}],"wp:featuredmedia":[{"embeddable":true,"href":"https:\/\/radiorevelacionfm.cl\/index.php?rest_route=\/wp\/v2\/media\/36856"}],"wp:attachment":[{"href":"https:\/\/radiorevelacionfm.cl\/index.php?rest_route=%2Fwp%2Fv2%2Fmedia&parent=36855"}],"wp:term":[{"taxonomy":"category","embeddable":true,"href":"https:\/\/radiorevelacionfm.cl\/index.php?rest_route=%2Fwp%2Fv2%2Fcategories&post=36855"},{"taxonomy":"post_tag","embeddable":true,"href":"https:\/\/radiorevelacionfm.cl\/index.php?rest_route=%2Fwp%2Fv2%2Ftags&post=36855"}],"curies":[{"name":"wp","href":"https:\/\/api.w.org\/{rel}","templated":true}]}}